{"id":116166,"date":"2025-01-03T00:48:00","date_gmt":"2025-01-02T21:48:00","guid":{"rendered":"https:\/\/www.tgrthaber.com\/mavikadin\/?p=116166"},"modified":"2025-01-03T00:48:00","modified_gmt":"2025-01-02T21:48:00","slug":"burak-yoruk-sustali-ceylan-dizisiyle-gundemde-ferhat-karakteri-ile-dikkat-cekti","status":"publish","type":"post","link":"https:\/\/www.tgrthaber.com\/mavikadin\/burak-yoruk-sustali-ceylan-dizisiyle-gundemde-ferhat-karakteri-ile-dikkat-cekti\/","title":{"rendered":"Burak Y\u00f6r\u00fck, Sustal\u0131 Ceylan dizisiyle g\u00fcndemde! Ferhat karakteri ile dikkat \u00e7ekti"},"content":{"rendered":"<p>ATV ekranlar\u0131nda yay\u0131nlanacak S\u00fcre\u00e7 Film imzal\u0131 yeni dizi Sustal\u0131 Ceylan, g\u00fc\u00e7l\u00fc hikayesi ve etkileyici kadrosuyla izleyiciyi ekran ba\u015f\u0131na kilitlemeye haz\u0131rlan\u0131yor. Dizide, erkek egemen bir toplumda kimli\u011fini bulmaya \u00e7al\u0131\u015fan Ceylan&#8217;\u0131n ya\u015fam m\u00fccadelesi anlat\u0131l\u0131rken, ba\u015frollerde yer alan Burak Y\u00f6r\u00fck, canland\u0131raca\u011f\u0131 Ferhat karakteriyle dikkat \u00e7ekiyor.<\/p>\n<h3>SUSTALI CEYLAN D\u0130Z\u0130S\u0130N\u0130N FERHAT&#8217;I BURAK Y\u00d6R\u00dcK K\u0130MD\u0130R?<\/h3>\n<p>26 May\u0131s 1995&#8217;te \u0130stanbul\u2019da do\u011fan Burak Y\u00f6r\u00fck, gen\u00e7 ya\u015flardan itibaren T\u00fcrk televizyon ve sinema d\u00fcnyas\u0131nda kendine sa\u011flam bir yer edindi. Anne taraf\u0131ndan Arnavut k\u00f6kenli olan Y\u00f6r\u00fck, Beykent \u00dcniversitesi Tiyatro B\u00f6l\u00fcm\u00fc mezunudur. Oyunculuk kariyerine hen\u00fcz 6 ya\u015f\u0131ndayken ba\u015flayan Y\u00f6r\u00fck, k\u0131sa s\u00fcrede ekranlar\u0131n tan\u0131nan y\u00fczlerinden biri haline geldi.<\/p>\n<p><img loading=\"lazy\" decoding=\"async\" class=\"alignnone size-full wp-image-116167\" src=\"https:\/\/www.tgrthaber.com\/mavikadin\/wp-content\/uploads\/Yeni-Proje-18-3.jpg\" alt=\"\" width=\"1208\" height=\"680\" title=\"\" srcset=\"https:\/\/www.tgrthaber.com\/mavikadin\/wp-content\/uploads\/Yeni-Proje-18-3.jpg 1208w, https:\/\/www.tgrthaber.com\/mavikadin\/wp-content\/uploads\/Yeni-Proje-18-3-300x169.jpg 300w, https:\/\/www.tgrthaber.com\/mavikadin\/wp-content\/uploads\/Yeni-Proje-18-3-1024x576.jpg 1024w, https:\/\/www.tgrthaber.com\/mavikadin\/wp-content\/uploads\/Yeni-Proje-18-3-768x432.jpg 768w\" sizes=\"(max-width: 1208px) 100vw, 1208px\" \/><\/p>\n<hr \/>\n<h3>BURAK Y\u00d6R\u00dcK HANG\u0130 D\u0130Z\u0130LERDE ROL ALDI?<\/h3>\n<p>Burak Y\u00f6r\u00fck, S\u0131rlar D\u00fcnyas\u0131, 20 Dakika, Ben Onu \u00c7ok Sevdim ve Dayan Y\u00fcre\u011fim gibi bir\u00e7ok ba\u015far\u0131l\u0131 dizide yer ald\u0131. \u00d6zellikle, 4N1K \u0130lk A\u015fk dizisinde canland\u0131rd\u0131\u011f\u0131 Bar\u0131\u015f Ozansoy karakteriyle b\u00fcy\u00fck bir hayran kitlesi edindi. Bu rol, hem televizyon hem de sinema projelerinde y\u00fckseli\u015fini h\u0131zland\u0131rd\u0131.<br \/>\nSon y\u0131llarda Baraj, A\u015fk Mant\u0131k \u0130ntikam ve Seversin gibi projelerde de boy g\u00f6steren Y\u00f6r\u00fck, \u015fimdi Sustal\u0131 Ceylan ile yeniden g\u00fcndemde.<\/p>\n<p><img loading=\"lazy\" decoding=\"async\" class=\"alignnone size-full wp-image-116172\" src=\"https:\/\/www.tgrthaber.com\/mavikadin\/wp-content\/uploads\/Yeni-Proje-26-1.jpg\" alt=\"\" width=\"1208\" height=\"680\" title=\"\" srcset=\"https:\/\/www.tgrthaber.com\/mavikadin\/wp-content\/uploads\/Yeni-Proje-26-1.jpg 1208w, https:\/\/www.tgrthaber.com\/mavikadin\/wp-content\/uploads\/Yeni-Proje-26-1-300x169.jpg 300w, https:\/\/www.tgrthaber.com\/mavikadin\/wp-content\/uploads\/Yeni-Proje-26-1-1024x576.jpg 1024w, https:\/\/www.tgrthaber.com\/mavikadin\/wp-content\/uploads\/Yeni-Proje-26-1-768x432.jpg 768w\" sizes=\"(max-width: 1208px) 100vw, 1208px\" \/><\/p>\n<hr \/>\n<h3>SUSTALI CEYLAN KONUSU NED\u0130R?<\/h3>\n<p>Volkan Kocat\u00fcrk\u2019\u00fcn y\u00f6netmenli\u011fini yapt\u0131\u011f\u0131, Sevgi Y\u0131lmaz\u2019\u0131n senaryosunu kaleme ald\u0131\u011f\u0131 dizi, gen\u00e7 ya\u015fta \u00e7ocuk gelin olarak evlendirilen Ceylan\u2019\u0131n, o\u011fluyla birlikte ayakta kalma m\u00fccadelesini anlat\u0131yor. Hem dram hem de su\u00e7 unsurlar\u0131yla dikkat \u00e7eken hikaye, izleyiciye duygusal anlar ya\u015fatmay\u0131 vaat ediyor.<\/p>\n<p><img loading=\"lazy\" decoding=\"async\" class=\"alignnone size-full wp-image-116074\" src=\"https:\/\/www.tgrthaber.com\/mavikadin\/wp-content\/uploads\/Yeni-Proje-17-3.jpg\" alt=\"\" width=\"1208\" height=\"680\" title=\"\" srcset=\"https:\/\/www.tgrthaber.com\/mavikadin\/wp-content\/uploads\/Yeni-Proje-17-3.jpg 1208w, https:\/\/www.tgrthaber.com\/mavikadin\/wp-content\/uploads\/Yeni-Proje-17-3-300x169.jpg 300w, https:\/\/www.tgrthaber.com\/mavikadin\/wp-content\/uploads\/Yeni-Proje-17-3-1024x576.jpg 1024w, https:\/\/www.tgrthaber.com\/mavikadin\/wp-content\/uploads\/Yeni-Proje-17-3-768x432.jpg 768w\" sizes=\"(max-width: 1208px) 100vw, 1208px\" \/><\/p>\n<hr \/>\n<h3>SUSTALI CEYLAN OYUNCU KADROSU<\/h3>\n<p>Dizinin ba\u015frollerinde Burak Y\u00f6r\u00fck ve S\u00fcmeyye Aydo\u011fan yer al\u0131rken, kadroda \u015fu isimler de bulunuyor:<\/p>\n<ul>\n<li>Celil Nal\u00e7akan<\/li>\n<li>Melike G\u00fcner<\/li>\n<li>Evrim Do\u011fan<\/li>\n<li>Seda T\u00fcrkmen<\/li>\n<li>Hasan K\u00fc\u00e7\u00fck\u00e7etin<\/li>\n<li>Melisa Berbero\u011flu<\/li>\n<li>Hakan Atalay<\/li>\n<li>H\u00fclya Ayd\u0131n<\/li>\n<li>Taha Bora Elkoca<\/li>\n<li>Dilara S\u00fcmb\u00fcl<\/li>\n<li>G\u00fcl Onat<\/li>\n<li>Cezmi Bask\u0131n<\/li>\n<\/ul>\n<p><img loading=\"lazy\" decoding=\"async\" class=\"alignnone size-full wp-image-116073\" src=\"https:\/\/www.tgrthaber.com\/mavikadin\/wp-content\/uploads\/Yeni-Proje-16-4.jpg\" alt=\"\" width=\"1208\" height=\"680\" title=\"\" srcset=\"https:\/\/www.tgrthaber.com\/mavikadin\/wp-content\/uploads\/Yeni-Proje-16-4.jpg 1208w, https:\/\/www.tgrthaber.com\/mavikadin\/wp-content\/uploads\/Yeni-Proje-16-4-300x169.jpg 300w, https:\/\/www.tgrthaber.com\/mavikadin\/wp-content\/uploads\/Yeni-Proje-16-4-1024x576.jpg 1024w, https:\/\/www.tgrthaber.com\/mavikadin\/wp-content\/uploads\/Yeni-Proje-16-4-768x432.jpg 768w\" sizes=\"(max-width: 1208px) 100vw, 1208px\" \/><\/p>\n<hr \/>\n<p>Okuma provalar\u0131 k\u0131sa s\u00fcre \u00f6nce tamamlanan dizinin \u00e7ekimleri ise \u00e7ok yak\u0131nda ba\u015fl\u0131yor.<\/p>\n<h3>SUSTALI CEYLAN NE ZAMAN BA\u015eLAYACAK?<\/h3>\n<p>Hen\u00fcz yay\u0131n tarihi a\u00e7\u0131klanmayan Sustal\u0131 Ceylan, \u00e7ok yak\u0131nda ATV ekranlar\u0131nda izleyiciyle bulu\u015facak.<\/p>\n","protected":false},"excerpt":{"rendered":"<p>Burak Y\u00f6r\u00fck&#8217;\u00fcn yeni dizisi Sustal\u0131 Ceylan g\u00fc\u00e7l\u00fc hikayesi ve etkileyici oyuncu kadrosuyla ATV ekranlar\u0131nda izleyiciyle bulu\u015fmaya haz\u0131rlan\u0131yor. Dizide Ferhat karakteri ile dikkat \u00e7eken Burak Y\u00f6r\u00fck kimdir?<\/p>\n","protected":false},"author":4,"featured_media":116174,"comment_status":"closed","ping_status":"closed","sticky":false,"template":"","format":"standard","meta":{"rank_math_lock_modified_date":false,"footnotes":""},"categories":[491],"tags":[4984,4495],"class_list":["post-116166","post","type-post","status-publish","format-standard","has-post-thumbnail","hentry","category-biyografi","tag-burak-yoruk","tag-sustali-ceylan"],"_links":{"self":[{"href":"https:\/\/www.tgrthaber.com\/mavikadin\/wp-json\/wp\/v2\/posts\/116166"}],"collection":[{"href":"https:\/\/www.tgrthaber.com\/mavikadin\/wp-json\/wp\/v2\/posts"}],"about":[{"href":"https:\/\/www.tgrthaber.com\/mavikadin\/wp-json\/wp\/v2\/types\/post"}],"author":[{"embeddable":true,"href":"https:\/\/www.tgrthaber.com\/mavikadin\/wp-json\/wp\/v2\/users\/4"}],"replies":[{"embeddable":true,"href":"https:\/\/www.tgrthaber.com\/mavikadin\/wp-json\/wp\/v2\/comments?post=116166"}],"version-history":[{"count":2,"href":"https:\/\/www.tgrthaber.com\/mavikadin\/wp-json\/wp\/v2\/posts\/116166\/revisions"}],"predecessor-version":[{"id":116176,"href":"https:\/\/www.tgrthaber.com\/mavikadin\/wp-json\/wp\/v2\/posts\/116166\/revisions\/116176"}],"wp:featuredmedia":[{"embeddable":true,"href":"https:\/\/www.tgrthaber.com\/mavikadin\/wp-json\/wp\/v2\/media\/116174"}],"wp:attachment":[{"href":"https:\/\/www.tgrthaber.com\/mavikadin\/wp-json\/wp\/v2\/media?parent=116166"}],"wp:term":[{"taxonomy":"category","embeddable":true,"href":"https:\/\/www.tgrthaber.com\/mavikadin\/wp-json\/wp\/v2\/categories?post=116166"},{"taxonomy":"post_tag","embeddable":true,"href":"https:\/\/www.tgrthaber.com\/mavikadin\/wp-json\/wp\/v2\/tags?post=116166"}],"curies":[{"name":"wp","href":"https:\/\/api.w.org\/{rel}","templated":true}]}}