{"id":116204,"date":"2025-01-03T09:03:23","date_gmt":"2025-01-03T06:03:23","guid":{"rendered":"https:\/\/www.tgrthaber.com\/mavikadin\/?p=116204"},"modified":"2025-01-03T09:04:04","modified_gmt":"2025-01-03T06:04:04","slug":"wanda-nara-ve-icardi-arasinda-gerginlik-bitmiyor-kizlarimla-konusmami-yasakladi","status":"publish","type":"post","link":"https:\/\/www.tgrthaber.com\/mavikadin\/wanda-nara-ve-icardi-arasinda-gerginlik-bitmiyor-kizlarimla-konusmami-yasakladi\/","title":{"rendered":"Wanda Nara ve Icardi aras\u0131nda gerginlik bitmiyor: &#8216;K\u0131zlar\u0131mla konu\u015fmam\u0131 yasaklad\u0131&#8217;"},"content":{"rendered":"<p>Wanda Nara ve Icardi aras\u0131nda gerginlik bitmiyor. Bo\u015fanma a\u015famas\u0131nda olan \u00e7ift \u015fimdi de \u00e7ocuklarla ilgili s\u0131k\u0131nt\u0131 ya\u015f\u0131yor. Wanda Nara Icardi ile ilgili iddialarda bulundu. Nafakay\u0131 \u00f6demedi\u011fini s\u00f6yleyen Wanda Nara \u00e7ocuklar\u0131 annesiz ya\u015famaya zorlad\u0131\u011f\u0131n\u0131 da s\u00f6yledi. Icardi&#8217;den bir a\u00e7\u0131klama gelmedi ancak ikili aras\u0131nda bo\u015fanma konusunda daha \u00e7ok sorunlar ya\u015fanacak gibi g\u00f6r\u00fcn\u00fcyor.<\/p>\n<h3>WANDA NARA ICARD\u0130&#8217;N\u0130N KIZLARIYLA KONU\u015eMASINI YASAKLADI\u011eINI S\u00d6YLED\u0130<\/h3>\n<p>2024 y\u0131l\u0131n\u0131n en olayl\u0131 bo\u015fanmalar\u0131ndan biri olan Wanda Nara ve Icardi ikilisinden yine \u00e7ok konu\u015fulacak iddialar geldi. Herkesin ilgisini \u00e7eken olayl\u0131 \u00e7ift yine birtak\u0131m iddialarla g\u00fcndemde. Wanda Nara Icardi&#8217;nin kendisine nafaka \u00f6demedi\u011fini ve k\u0131zlar\u0131yla konu\u015fmas\u0131n\u0131 da yasaklad\u0131\u011f\u0131n\u0131 s\u00f6yledi. K\u0131zlar\u0131n\u0131 annesinden ay\u0131rmakla ve annesi olmayan bir kad\u0131nla ya\u015famaya zorlad\u0131\u011f\u0131n\u0131 iddia eden Wanda Nara &#8216;buna daha ne kadar dayanabilirim bilmiyorum&#8217; dedi. Icardi&#8217;den hen\u00fcz bir a\u00e7\u0131klama gelmezken ikilinin olayl\u0131 bo\u015fanmas\u0131nda \u00e7ocuklar da etkilendi\u011fi g\u00f6r\u00fcl\u00fcyor.<\/p>\n<p><img loading=\"lazy\" decoding=\"async\" class=\"alignnone size-full wp-image-116207\" src=\"https:\/\/www.tgrthaber.com\/mavikadin\/wp-content\/uploads\/mavikadin-44.jpg\" alt=\"\" width=\"1920\" height=\"1080\" title=\"\" srcset=\"https:\/\/www.tgrthaber.com\/mavikadin\/wp-content\/uploads\/mavikadin-44.jpg 1920w, https:\/\/www.tgrthaber.com\/mavikadin\/wp-content\/uploads\/mavikadin-44-300x169.jpg 300w, https:\/\/www.tgrthaber.com\/mavikadin\/wp-content\/uploads\/mavikadin-44-1024x576.jpg 1024w, https:\/\/www.tgrthaber.com\/mavikadin\/wp-content\/uploads\/mavikadin-44-768x432.jpg 768w, https:\/\/www.tgrthaber.com\/mavikadin\/wp-content\/uploads\/mavikadin-44-1536x864.jpg 1536w\" sizes=\"(max-width: 1920px) 100vw, 1920px\" \/><\/p>\n<hr \/>\n<p>Wanda Nara&#8217;n\u0131n sosyal medyada yapt\u0131\u011f\u0131 canl\u0131 yay\u0131nlarda \u00fcnl\u00fc bir rap\u00e7i ile uygunsuz g\u00f6r\u00fcnt\u00fcleri ortaya \u00e7\u0131km\u0131\u015f ve g\u00fcndem alt \u00fcst olmu\u015ftu. Galatasaryl\u0131 futbolcu Icardi ile evli olan Wanda Nara ayr\u0131l\u0131\u011f\u0131n\u0131 sosyal medyadan ilan etmi\u015f ve Icardi&#8217;ye bo\u015fanma davas\u0131 a\u00e7m\u0131\u015ft\u0131. Arjantin&#8217;de bo\u015fanma davalar\u0131 a\u00e7\u0131lan \u00e7iftin o g\u00fcnden bug\u00fcne kadar aras\u0131ndaki sular durulmad\u0131. Her f\u0131rsatta birbirlerine iddialarda ve ithamlarda bulunan \u00e7iftten Wanda Nara yine bir iddia ile geldi. Wanda Nara a\u00e7\u0131klamas\u0131nda &#8216;\u00c7ocuklar\u0131n sosyal g\u00fcvenli\u011fini kesti. Okul \u00fccretlerini \u00f6demeyi b\u0131rakt\u0131 ve nafakay\u0131 da \u00f6demiyor. K\u0131zlar\u0131 anneleri olmayan bir kad\u0131nla ya\u015famaya zorluyor. G\u00fcnl\u00fck olarak k\u0131zlar\u0131mla konu\u015fmam\u0131 da yasaklad\u0131. Bu \u015fiddet mi? Adalet istiyorum b\u00f6yle bir \u015fey var m\u0131?&#8217; diye konu\u015ftu.<\/p>\n<p><img loading=\"lazy\" decoding=\"async\" class=\"alignnone size-full wp-image-116208\" src=\"https:\/\/www.tgrthaber.com\/mavikadin\/wp-content\/uploads\/mavikadin-45.jpg\" alt=\"\" width=\"1920\" height=\"1080\" title=\"\" srcset=\"https:\/\/www.tgrthaber.com\/mavikadin\/wp-content\/uploads\/mavikadin-45.jpg 1920w, https:\/\/www.tgrthaber.com\/mavikadin\/wp-content\/uploads\/mavikadin-45-300x169.jpg 300w, https:\/\/www.tgrthaber.com\/mavikadin\/wp-content\/uploads\/mavikadin-45-1024x576.jpg 1024w, https:\/\/www.tgrthaber.com\/mavikadin\/wp-content\/uploads\/mavikadin-45-768x432.jpg 768w, https:\/\/www.tgrthaber.com\/mavikadin\/wp-content\/uploads\/mavikadin-45-1536x864.jpg 1536w\" sizes=\"(max-width: 1920px) 100vw, 1920px\" \/><\/p>\n<hr \/>\n<p>Sosyal medyadaki payla\u015f\u0131mlara g\u00f6re k\u0131zlar\u0131 \u015fu anda Icardi ile beraber Wanda Nara ise ailesi dostlar\u0131 ve sevgilisi ile zaman ge\u00e7iriyor. K\u0131zlar velayet davas\u0131yla beraber kimde kalaca\u011f\u0131na karar verecek. Olayl\u0131 \u00e7ift olan Wanda Nara ve Icardi aras\u0131nda bundan sonra olaylar nas\u0131l devam edecek merak konusu. Herkesin ilgisini \u00e7eken \u00e7ift aras\u0131nda bo\u015fanma, velayet ve nafaka gibi konularda da sorunlar ya\u015fanacak gibi g\u00f6r\u00fcn\u00fcyor.<\/p>\n<p><img loading=\"lazy\" decoding=\"async\" class=\"alignnone size-full wp-image-116209\" src=\"https:\/\/www.tgrthaber.com\/mavikadin\/wp-content\/uploads\/mavikadin-46.jpg\" alt=\"\" width=\"1920\" height=\"1080\" title=\"\" srcset=\"https:\/\/www.tgrthaber.com\/mavikadin\/wp-content\/uploads\/mavikadin-46.jpg 1920w, https:\/\/www.tgrthaber.com\/mavikadin\/wp-content\/uploads\/mavikadin-46-300x169.jpg 300w, https:\/\/www.tgrthaber.com\/mavikadin\/wp-content\/uploads\/mavikadin-46-1024x576.jpg 1024w, https:\/\/www.tgrthaber.com\/mavikadin\/wp-content\/uploads\/mavikadin-46-768x432.jpg 768w, https:\/\/www.tgrthaber.com\/mavikadin\/wp-content\/uploads\/mavikadin-46-1536x864.jpg 1536w\" sizes=\"(max-width: 1920px) 100vw, 1920px\" \/><\/p>\n<hr \/>\n<p>Icardi yeni y\u0131la k\u0131zlar\u0131yla beraber e\u011flenerek girerken Wanda Nara ise ailesi v sevgilisi \u00fcnl\u00fc rap\u00e7i ile girdi. Sosyal medyada her zaman payla\u015f\u0131mlar\u0131na devam eden ikili hayat\u0131na devam ediyor. Bo\u015fanma davas\u0131 ise bu y\u0131l i\u00e7erisinde ger\u00e7ekle\u015fecek. Bo\u015fanma davas\u0131 Arjantin&#8217;de mi yoksa T\u00fcrkiye&#8217;de mi g\u00f6r\u00fclecek bilinmiyor. Ancak nerede g\u00f6r\u00fcl\u00fcrse o \u00fclkenin yasalar\u0131na g\u00f6re de\u011ferlendirme yap\u0131lacak.<\/p>\n","protected":false},"excerpt":{"rendered":"<p>Wanda Nara&#8217;dan Icardi&#8217;ye isyan dolu s\u00f6zler geldi. K\u0131zlar\u0131yla konu\u015fmas\u0131n\u0131 ve g\u00f6r\u00fc\u015fmesini yasaklad\u0131\u011f\u0131n\u0131 s\u00f6yleyen Wanda Nara Icardi&#8217;ye iddialarda bulundu. Icardi&#8217;den ise hen\u00fcz bir a\u00e7\u0131klama gelmedi. <\/p>\n","protected":false},"author":25,"featured_media":116210,"comment_status":"closed","ping_status":"closed","sticky":false,"template":"","format":"standard","meta":{"rank_math_lock_modified_date":false,"footnotes":""},"categories":[76],"tags":[2221,2241,2222],"class_list":["post-116204","post","type-post","status-publish","format-standard","has-post-thumbnail","hentry","category-magazin","tag-icardi","tag-mauro-icardi","tag-wanda-nara"],"_links":{"self":[{"href":"https:\/\/www.tgrthaber.com\/mavikadin\/wp-json\/wp\/v2\/posts\/116204"}],"collection":[{"href":"https:\/\/www.tgrthaber.com\/mavikadin\/wp-json\/wp\/v2\/posts"}],"about":[{"href":"https:\/\/www.tgrthaber.com\/mavikadin\/wp-json\/wp\/v2\/types\/post"}],"author":[{"embeddable":true,"href":"https:\/\/www.tgrthaber.com\/mavikadin\/wp-json\/wp\/v2\/users\/25"}],"replies":[{"embeddable":true,"href":"https:\/\/www.tgrthaber.com\/mavikadin\/wp-json\/wp\/v2\/comments?post=116204"}],"version-history":[{"count":1,"href":"https:\/\/www.tgrthaber.com\/mavikadin\/wp-json\/wp\/v2\/posts\/116204\/revisions"}],"predecessor-version":[{"id":116211,"href":"https:\/\/www.tgrthaber.com\/mavikadin\/wp-json\/wp\/v2\/posts\/116204\/revisions\/116211"}],"wp:featuredmedia":[{"embeddable":true,"href":"https:\/\/www.tgrthaber.com\/mavikadin\/wp-json\/wp\/v2\/media\/116210"}],"wp:attachment":[{"href":"https:\/\/www.tgrthaber.com\/mavikadin\/wp-json\/wp\/v2\/media?parent=116204"}],"wp:term":[{"taxonomy":"category","embeddable":true,"href":"https:\/\/www.tgrthaber.com\/mavikadin\/wp-json\/wp\/v2\/categories?post=116204"},{"taxonomy":"post_tag","embeddable":true,"href":"https:\/\/www.tgrthaber.com\/mavikadin\/wp-json\/wp\/v2\/tags?post=116204"}],"curies":[{"name":"wp","href":"https:\/\/api.w.org\/{rel}","templated":true}]}}