{"id":116212,"date":"2025-01-03T09:47:10","date_gmt":"2025-01-03T06:47:10","guid":{"rendered":"https:\/\/www.tgrthaber.com\/mavikadin\/?p=116212"},"modified":"2025-01-03T09:47:10","modified_gmt":"2025-01-03T06:47:10","slug":"engin-altan-duzyatan-ailesiyle-yilbasini-uludagda-kayak-yaparak-gecirdi","status":"publish","type":"post","link":"https:\/\/www.tgrthaber.com\/mavikadin\/engin-altan-duzyatan-ailesiyle-yilbasini-uludagda-kayak-yaparak-gecirdi\/","title":{"rendered":"Engin Altan D\u00fczyatan ailesiyle y\u0131lba\u015f\u0131n\u0131 Uluda\u011f&#8217;da kayak yaparak ge\u00e7irdi"},"content":{"rendered":"<p>Engin Altan D\u00fczyatan ailesiyle beraber Uluda\u011f&#8217;da tatil yapt\u0131. Y\u0131l\u0131n ilk tatilini kayak yaparak ve e\u011flenerek ge\u00e7iren aile g\u00fczel kareler ortaya \u00e7\u0131kard\u0131. Dirili\u015f Ertu\u011ftul dizisiyle d\u00fcnya \u00e7a\u011f\u0131nda tan\u0131nan Engin Altan D\u00fczyatan \u015fimdilerde hi\u00e7bir projeyle ilgielnmiyor. Sdece hobilerine ve ailesine zaman ay\u0131r\u0131yor. Y\u0131lba\u015f\u0131n\u0131 da Uluda\u011f&#8217;da ge\u00e7iren oyuncu kayak yaparak e\u011flendi.<\/p>\n<h3>ENG\u0130N ALTAN D\u00dcZYATAN A\u0130LES\u0130YLE ULUDA\u011e&#8217;DA KAYAK YAPTI<\/h3>\n<p>Nesli\u015fah Alko\u00e7lar\u00a0 ile evlenen Engin Altan D\u00fczyatan son zamanlarda ailesiyle tatil yaparak zaman ge\u00e7iriyor. En son Bali&#8217;ye giden \u00e7ift \u00e7ocuklar\u0131yla beraber y\u0131lba\u015f\u0131n\u0131 Uluda\u011f&#8217;da ge\u00e7irdi. Kayak yaparak kar\u0131n ve e\u011flencenin tad\u0131n\u0131 \u00e7\u0131kartan \u00e7ift \u00e7ocuklar\u0131yla e\u011flendi. Yeni y\u0131la Uluda\u011f&#8217;da giren \u00e7ift sabah ilk i\u015f olarak piste \u00e7\u0131karak \u00e7ocuklar\u0131yla kayak yapt\u0131.<\/p>\n<p><img loading=\"lazy\" decoding=\"async\" class=\"alignnone size-full wp-image-116231\" src=\"https:\/\/www.tgrthaber.com\/mavikadin\/wp-content\/uploads\/Ekran-goruntusu-2025-01-03-094309.png\" alt=\"\" width=\"928\" height=\"567\" title=\"\" srcset=\"https:\/\/www.tgrthaber.com\/mavikadin\/wp-content\/uploads\/Ekran-goruntusu-2025-01-03-094309.png 928w, https:\/\/www.tgrthaber.com\/mavikadin\/wp-content\/uploads\/Ekran-goruntusu-2025-01-03-094309-300x183.png 300w, https:\/\/www.tgrthaber.com\/mavikadin\/wp-content\/uploads\/Ekran-goruntusu-2025-01-03-094309-768x469.png 768w\" sizes=\"(max-width: 928px) 100vw, 928px\" \/><\/p>\n<hr \/>\n<p>\u00c7ok g\u00fczel kareler ortaya \u00e7\u0131karken \u00e7iftin uyumu da g\u00f6zlerden ka\u00e7mad\u0131. Engin Altan D\u00fczyatan ve Nesli\u015fah Alko\u00e7lar \u00e7ifti uzun zamand\u0131r tatillerle kendilerine zaman ay\u0131r\u0131yor. En son Bali&#8217;ye giden \u00e7ift \u015fimdilerde ise kar tatiliyle zaman ge\u00e7iriyor. \u0130ki \u00e7ocu\u011fu bulunan \u00e7ift \u00fcnl\u00fc d\u00fcnyas\u0131nda ilgi g\u00f6ren ve her ad\u0131m\u0131 takip edilen isimlerden.<\/p>\n<p><img loading=\"lazy\" decoding=\"async\" class=\"alignnone size-full wp-image-116232\" src=\"https:\/\/www.tgrthaber.com\/mavikadin\/wp-content\/uploads\/Ekran-goruntusu-2025-01-03-094317.png\" alt=\"\" width=\"939\" height=\"627\" title=\"\" srcset=\"https:\/\/www.tgrthaber.com\/mavikadin\/wp-content\/uploads\/Ekran-goruntusu-2025-01-03-094317.png 939w, https:\/\/www.tgrthaber.com\/mavikadin\/wp-content\/uploads\/Ekran-goruntusu-2025-01-03-094317-300x200.png 300w, https:\/\/www.tgrthaber.com\/mavikadin\/wp-content\/uploads\/Ekran-goruntusu-2025-01-03-094317-768x513.png 768w\" sizes=\"(max-width: 939px) 100vw, 939px\" \/><\/p>\n<hr \/>\n<h3>ENG\u0130N ALTAN D\u00dcZYATAN&#8217;IN D\u0130R\u0130L\u0130\u015e ERTU\u011eRUL BA\u015eARISI<\/h3>\n<p>Engin Altan D\u00fczyatan Saba T\u00fcmer&#8217;in program\u0131na konuk oldu. Hayat\u0131na ili\u015fkin bir\u00e7ok detaya yer veren oyuncu uzun zamand\u0131r hobileriyle ilgilendi\u011fini s\u00f6yledi. Macera komedi t\u00fcr\u00fcnde farkl\u0131 bir t\u00fcr denedi\u011fi i\u00e7in memnun oldu\u011funu s\u00f6yledi. D\u00fcnya Varm\u0131\u015f filmi ge\u00e7ti\u011fimiz y\u0131l i\u00e7erisinde vizyona girdi. Engin Altan D\u00fczyatan farkl\u0131 projelerde kendini g\u00f6stermeyi ve kendi ad\u0131na farkl\u0131 i\u015flerle u\u011fra\u015fmay\u0131 da sevdi\u011fini s\u00f6yledi. Hayat\u0131na dair detaylar ve an\u0131lar anlatan oyuncu d\u00fcnyadaki tan\u0131n\u0131rl\u0131\u011f\u0131 ile ilgili de konu\u015ftu. Hindistan ve Pakistan&#8217;da b\u00fcy\u00fck \u00f6l\u00e7\u00fcde tan\u0131nd\u0131\u011f\u0131n\u0131 s\u00f6yleyen Engin Altan D\u00fczyatan &#8216;Hindistan&#8217;da 300 milyon M\u00fcsl\u00fcman varsa 295 milyonu beni tan\u0131yordur diyebilirim&#8217; diye konu\u015ftu. Hindistan ve Pakistan&#8217;daki bilinirli\u011fini anlatan Engin Altan D\u00fczyatan Dirili\u015f Ertu\u011frul dizisiyle d\u00fcnya \u00e7a\u011f\u0131nda tan\u0131nan bir oyuncu oldu.<\/p>\n<p><img loading=\"lazy\" decoding=\"async\" class=\"alignnone size-full wp-image-116227\" src=\"https:\/\/www.tgrthaber.com\/mavikadin\/wp-content\/uploads\/Ekran-goruntusu-2025-01-03-093052.png\" alt=\"\" width=\"762\" height=\"785\" title=\"\" srcset=\"https:\/\/www.tgrthaber.com\/mavikadin\/wp-content\/uploads\/Ekran-goruntusu-2025-01-03-093052.png 762w, https:\/\/www.tgrthaber.com\/mavikadin\/wp-content\/uploads\/Ekran-goruntusu-2025-01-03-093052-291x300.png 291w\" sizes=\"(max-width: 762px) 100vw, 762px\" \/><\/p>\n<hr \/>\n<p>2014 y\u0131l\u0131nda yay\u0131nlanmaya ba\u015flayan dizi tam 150 b\u00f6l\u00fcm devam etti. 2019 y\u0131l\u0131 May\u0131s ay\u0131nda biten dizi Ertu\u011frul Gazi&#8217;nin hayat\u0131n\u0131 ve Osmanl\u0131 Devleti&#8217;nin ilk kurulu\u015f \u00f6ncesi hayat\u0131n\u0131 anlat\u0131yor. Sava\u015f sahneleri ve Ertu\u011frul Gazi&#8217;nin adaletli y\u00f6netimini izledi\u011fimiz dizi d\u00fcnya \u00e7a\u011f\u0131nda \u00e7ok izlenen dizilerden biri oldu. Engin Altan D\u00fczyatan da bu diziyle d\u00fcnya \u00e7a\u011f\u0131nda tan\u0131nan ki\u015fi haline geldi. 71 \u00fclkeye ihra\u00e7 edilen dizi en \u00e7ok Orta Do\u011fu \u00fclkelerinde izleniyor. Bu sayede dizi oyuncular\u0131n\u0131n da Orta Do\u011fu \u00fclkelerinde tan\u0131nmas\u0131 sa\u011fland\u0131. Hindistan ve Pakistan da Dirili\u015f Ertu\u011frul dizisinin en \u00e7ok izlendi\u011fi \u00fclkelerden ikisi oldu.<\/p>\n<p><img loading=\"lazy\" decoding=\"async\" class=\"alignnone size-full wp-image-116230\" src=\"https:\/\/www.tgrthaber.com\/mavikadin\/wp-content\/uploads\/Ekran-goruntusu-2025-01-03-093105.png\" alt=\"\" width=\"632\" height=\"758\" title=\"\" srcset=\"https:\/\/www.tgrthaber.com\/mavikadin\/wp-content\/uploads\/Ekran-goruntusu-2025-01-03-093105.png 632w, https:\/\/www.tgrthaber.com\/mavikadin\/wp-content\/uploads\/Ekran-goruntusu-2025-01-03-093105-250x300.png 250w\" sizes=\"(max-width: 632px) 100vw, 632px\" \/><\/p>\n<hr \/>\n<h3>ENG\u0130N ALTAN D\u00dcZYATAN PROJELER\u0130<\/h3>\n<p>Son g\u00fcnlerde ailesine ve hobilerine zaman ay\u0131rd\u0131\u011f\u0131n\u0131 s\u00f6yleyen Engin Altan D\u00fczyatan vizyondaki filmiyle konu\u015fuluyor. 22 Kas\u0131m 2024&#8217;te vizyona giren filmi D\u00fcnya Varm\u0131\u015f farkl\u0131 bir konu ile izleyiciyle bulu\u015fuyor. Bir gurup arkada\u015f\u0131n b\u00fcy\u00fck bir salg\u0131ndan korunmak ve kurtulmak i\u00e7in s\u0131\u011f\u0131nd\u0131\u011f\u0131 bir oteldeki maceras\u0131n\u0131 konu edinen film istedi\u011fi etkiyi alamad\u0131. Hala vizyonda bulunan film farkl\u0131 konusu ve g\u00fc\u00e7l\u00fc oyuncu kadrosuyla \u00f6ne \u00e7\u0131k\u0131yor. Film bekledi\u011fi etkiyi alamasa da farkl\u0131 konusu ve kurgusuyla ilgi \u00e7ekici bir film oldu.<\/p>\n","protected":false},"excerpt":{"rendered":"<p>Engin Altan D\u00fczyatan son zamanlarda ailesi ve hobileriyle zaman ge\u00e7iriyor. Y\u0131lba\u015f\u0131na da Uluda\u011f&#8217;da giren aile yeni y\u0131l\u0131n ilk sabah\u0131nda da kayak yaparak kar\u0131n tad\u0131n\u0131 \u00e7\u0131kard\u0131. <\/p>\n","protected":false},"author":25,"featured_media":116233,"comment_status":"closed","ping_status":"closed","sticky":false,"template":"","format":"standard","meta":{"rank_math_lock_modified_date":false,"footnotes":""},"categories":[76],"tags":[2593,2594,215],"class_list":["post-116212","post","type-post","status-publish","format-standard","has-post-thumbnail","hentry","category-magazin","tag-engin-altan-duzyatan","tag-neslisah-alkoclar","tag-uludag"],"_links":{"self":[{"href":"https:\/\/www.tgrthaber.com\/mavikadin\/wp-json\/wp\/v2\/posts\/116212"}],"collection":[{"href":"https:\/\/www.tgrthaber.com\/mavikadin\/wp-json\/wp\/v2\/posts"}],"about":[{"href":"https:\/\/www.tgrthaber.com\/mavikadin\/wp-json\/wp\/v2\/types\/post"}],"author":[{"embeddable":true,"href":"https:\/\/www.tgrthaber.com\/mavikadin\/wp-json\/wp\/v2\/users\/25"}],"replies":[{"embeddable":true,"href":"https:\/\/www.tgrthaber.com\/mavikadin\/wp-json\/wp\/v2\/comments?post=116212"}],"version-history":[{"count":1,"href":"https:\/\/www.tgrthaber.com\/mavikadin\/wp-json\/wp\/v2\/posts\/116212\/revisions"}],"predecessor-version":[{"id":116234,"href":"https:\/\/www.tgrthaber.com\/mavikadin\/wp-json\/wp\/v2\/posts\/116212\/revisions\/116234"}],"wp:featuredmedia":[{"embeddable":true,"href":"https:\/\/www.tgrthaber.com\/mavikadin\/wp-json\/wp\/v2\/media\/116233"}],"wp:attachment":[{"href":"https:\/\/www.tgrthaber.com\/mavikadin\/wp-json\/wp\/v2\/media?parent=116212"}],"wp:term":[{"taxonomy":"category","embeddable":true,"href":"https:\/\/www.tgrthaber.com\/mavikadin\/wp-json\/wp\/v2\/categories?post=116212"},{"taxonomy":"post_tag","embeddable":true,"href":"https:\/\/www.tgrthaber.com\/mavikadin\/wp-json\/wp\/v2\/tags?post=116212"}],"curies":[{"name":"wp","href":"https:\/\/api.w.org\/{rel}","templated":true}]}}