{"id":116511,"date":"2025-01-03T17:42:15","date_gmt":"2025-01-03T14:42:15","guid":{"rendered":"https:\/\/www.tgrthaber.com\/mavikadin\/?p=116511"},"modified":"2025-01-03T17:42:16","modified_gmt":"2025-01-03T14:42:16","slug":"zembillinin-yeni-tanitimi-gonullere-dokundu-buyuk-usta-ferdi-tayfurun-anisina-saygiyla","status":"publish","type":"post","link":"https:\/\/www.tgrthaber.com\/mavikadin\/zembillinin-yeni-tanitimi-gonullere-dokundu-buyuk-usta-ferdi-tayfurun-anisina-saygiyla\/","title":{"rendered":"Zembilli\u2019nin yeni tan\u0131t\u0131m\u0131 g\u00f6n\u00fcllere dokundu: B\u00fcy\u00fck usta Ferdi Tayfur\u2019un an\u0131s\u0131na sayg\u0131yla"},"content":{"rendered":"<p>ATV\u2019nin merakla beklenen yeni dizisi Zembilli, bu ak\u015fam izleyicilerle bulu\u015fuyor. \u00dcs Yap\u0131m taraf\u0131ndan haz\u0131rlanan, yap\u0131mc\u0131l\u0131\u011f\u0131n\u0131 S\u00fcreyya Ya\u015far \u00d6nal\u2019\u0131n \u00fcstlendi\u011fi ve Toros Da\u011flar\u0131\u2019n\u0131n eteklerinde ge\u00e7en bu etkileyici hik\u00e2ye, tan\u0131t\u0131m\u0131yla \u015fimdiden b\u00fcy\u00fck be\u011feni toplad\u0131. \u00d6zellikle Ferdi Tayfur\u2019un unutulmaz \u201cBen de \u00d6zledim\u201d \u015fark\u0131s\u0131n\u0131n e\u015flik etti\u011fi \u00f6nizleme sahnesi, izleyicileri nostalji yolculu\u011funa \u00e7\u0131kard\u0131.<\/p>\n<h3>ZEMB\u0130LL\u0130 D\u0130Z\u0130S\u0130 KONUSU NED\u0130R?<\/h3>\n<p>Cemil Yavuz\u2019un proje tasar\u0131m\u0131 ve Fatih \u00d6zcan\u2019\u0131n kaleme ald\u0131\u011f\u0131 senaryosuyla dikkat \u00e7eken Zembilli, y\u00fcz\u00fcn\u00fc Anadolu\u2019ya \u00e7eviren bir kasaban\u0131n i\u00e7ten hik\u00e2yesini anlat\u0131yor. Y\u00f6netmen koltu\u011funda Ufuk Hakan Eren\u2019in oturdu\u011fu dizinin ba\u015frollerinde, Sude Z\u00fclal G\u00fcler, Emre Dinler, Damlasu \u0130kizo\u011flu ve Atakan Ho\u015fg\u00f6ren gibi gen\u00e7 yeteneklerin yan\u0131 s\u0131ra Ruhi Sar\u0131, Murat Akkoyunlu, Kadim Ya\u015far gibi usta isimler de yer al\u0131yor.<\/p>\n<!--[if lt IE 9]><script>document.createElement('video');<\/script><![endif]-->\n\t<div class=\"wp-playlist wp-video-playlist wp-playlist-light\">\n\t\t<video controls=\"controls\" preload=\"none\" width=\"618\"\n\t\t height=\"348\"\t><\/video>\n\t<div class=\"wp-playlist-next\"><\/div>\n\t<div class=\"wp-playlist-prev\"><\/div>\n\t<noscript>\n\t<ol>\n\t\t<li><a href='https:\/\/www.tgrthaber.com\/mavikadin\/wp-content\/uploads\/zembilli.mp4'>zembilli<\/a><\/li>\t<\/ol>\n\t<\/noscript>\n\t<script type=\"application\/json\" class=\"wp-playlist-script\">{\"type\":\"video\",\"tracklist\":true,\"tracknumbers\":true,\"images\":true,\"artists\":true,\"tracks\":[{\"src\":\"https:\\\/\\\/www.tgrthaber.com\\\/mavikadin\\\/wp-content\\\/uploads\\\/zembilli.mp4\",\"type\":\"video\\\/mp4\",\"title\":\"zembilli\",\"caption\":\"\",\"description\":\"\",\"meta\":{\"length_formatted\":\"2:40\"},\"dimensions\":{\"original\":{\"width\":640,\"height\":360},\"resized\":{\"width\":618,\"height\":348}},\"image\":{\"src\":\"https:\\\/\\\/www.tgrthaber.com\\\/mavikadin\\\/wp-includes\\\/images\\\/media\\\/video.svg\",\"width\":48,\"height\":64},\"thumb\":{\"src\":\"https:\\\/\\\/www.tgrthaber.com\\\/mavikadin\\\/wp-includes\\\/images\\\/media\\\/video.svg\",\"width\":48,\"height\":64}}]}<\/script>\n<\/div>\n\t\n<h3>ZEMB\u0130LL\u0130 B\u0130R\u0130NC\u0130 B\u00d6L\u00dcM \u00d6ZET\u0130<\/h3>\n<p>Zembilli kasabas\u0131nda hayat, Murad\u2019\u0131n askerden izne gelmesiyle adeta \u015fenlik yerine d\u00f6ner. Ancak bu s\u0131cak kar\u015f\u0131lama, beraberinde saklanan duygular\u0131 ve \u00e7\u00f6z\u00fclmesi gereken sorunlar\u0131 da getirir.<\/p>\n<p>Murad\u2019\u0131n k\u0131z karde\u015fi Fidan, uzun zamand\u0131r Murad\u2019\u0131n en yak\u0131n dostu Adem\u2019e gizli bir a\u015fkla ba\u011fl\u0131d\u0131r. Art\u0131k bu ili\u015fkiyi gizlemekten yorulan Fidan, Adem\u2019den cesaretini toplay\u0131p abisine her \u015feyi anlatmas\u0131n\u0131 ister. \u00d6te yandan Murad, kasabaya d\u00f6nd\u00fc\u011f\u00fcnde g\u00f6nl\u00fcn\u00fc kapt\u0131rd\u0131\u011f\u0131 Esma\u2019n\u0131n ba\u015fka birine g\u00f6r\u00fcc\u00fc geldi\u011fini \u00f6\u011frenir. G\u00f6nl\u00fcn\u00fc kapt\u0131rd\u0131\u011f\u0131 Esma ile s\u00f6z kesmek isteyen Murad, Esma\u2019n\u0131n babas\u0131n\u0131n koydu\u011fu zor bir \u015fartla kar\u015f\u0131 kar\u015f\u0131ya kal\u0131r: Toroslar\u0131n \u00fcnl\u00fc pehlivan\u0131 Balaban\u2019\u0131 yenmeden Esma\u2019y\u0131 alamayacakt\u0131r.<\/p>\n<p><img loading=\"lazy\" decoding=\"async\" class=\"alignnone size-full wp-image-116516\" src=\"https:\/\/www.tgrthaber.com\/mavikadin\/wp-content\/uploads\/Yeni-Proje-59.jpg\" alt=\"\" width=\"1208\" height=\"680\" title=\"\" srcset=\"https:\/\/www.tgrthaber.com\/mavikadin\/wp-content\/uploads\/Yeni-Proje-59.jpg 1208w, https:\/\/www.tgrthaber.com\/mavikadin\/wp-content\/uploads\/Yeni-Proje-59-300x169.jpg 300w, https:\/\/www.tgrthaber.com\/mavikadin\/wp-content\/uploads\/Yeni-Proje-59-1024x576.jpg 1024w, https:\/\/www.tgrthaber.com\/mavikadin\/wp-content\/uploads\/Yeni-Proje-59-768x432.jpg 768w\" sizes=\"(max-width: 1208px) 100vw, 1208px\" \/><\/p>\n<hr \/>\n<p>Kasaban\u0131n en g\u00fczel k\u0131z\u0131 G\u00fclnur\u2019a tutulan F\u0131r\u0131nc\u0131 Kadir ise ald\u0131\u011f\u0131 bir mektubun cesaretiyle G\u00fclnur\u2019u ka\u00e7\u0131rmaya karar verir. Bu plan\u0131nda en yak\u0131n arkada\u015flar\u0131ndan M\u00fcezzin Vahit\u2019i de yan\u0131na al\u0131r. Naif kalbiyle bilinen Vahit, bu plana dahil olsa da kayg\u0131lar\u0131ndan kurtulamaz.<\/p>\n<p>Veteriner Tar\u0131k ise askerden yeni d\u00f6nm\u00fc\u015ft\u00fcr ve hayata yeni bir y\u00f6n vermeye \u00e7al\u0131\u015f\u0131rken, kendini define aray\u0131\u015f\u0131 i\u00e7inde bulur. Ancak kasaban\u0131n ne\u015fesi ve birbirine ba\u011fl\u0131 be\u015f dostun hayalleri, hi\u00e7 de planland\u0131\u011f\u0131 gibi gitmeyecektir.<\/p>\n<p><img loading=\"lazy\" decoding=\"async\" class=\"alignnone size-full wp-image-116517\" src=\"https:\/\/www.tgrthaber.com\/mavikadin\/wp-content\/uploads\/Yeni-Proje-1-13.jpg\" alt=\"\" width=\"1208\" height=\"680\" title=\"\" srcset=\"https:\/\/www.tgrthaber.com\/mavikadin\/wp-content\/uploads\/Yeni-Proje-1-13.jpg 1208w, https:\/\/www.tgrthaber.com\/mavikadin\/wp-content\/uploads\/Yeni-Proje-1-13-300x169.jpg 300w, https:\/\/www.tgrthaber.com\/mavikadin\/wp-content\/uploads\/Yeni-Proje-1-13-1024x576.jpg 1024w, https:\/\/www.tgrthaber.com\/mavikadin\/wp-content\/uploads\/Yeni-Proje-1-13-768x432.jpg 768w\" sizes=\"(max-width: 1208px) 100vw, 1208px\" \/><\/p>\n<hr \/>\n<h3>ZEMB\u0130LL\u0130 OYUNCU KADROSU<\/h3>\n<p>Dizinin g\u00fc\u00e7l\u00fc kadrosu, gen\u00e7 yetenekler ve deneyimli isimleri bir araya getiriyor. Kadroda yer alan isimlerden baz\u0131lar\u0131 \u015funlar:<br \/>\nSude Z\u00fclal G\u00fcler, Emre Dinler, Damlasu \u0130kizo\u011flu, Atakan Ho\u015fg\u00f6ren, Ruhi Sar\u0131, Murat Akkoyunlu, Kadim Ya\u015far, \u00d6zg\u00fcr Cem Tu\u011fluk, Melisa Bostanc\u0131o\u011flu, \u015eebnem Do\u011fruer ve daha bir\u00e7ok ba\u015far\u0131l\u0131 oyuncu.<\/p>\n<p><img loading=\"lazy\" decoding=\"async\" class=\"alignnone size-full wp-image-116519\" src=\"https:\/\/www.tgrthaber.com\/mavikadin\/wp-content\/uploads\/Yeni-Proje-2-13.jpg\" alt=\"\" width=\"1208\" height=\"680\" title=\"\" srcset=\"https:\/\/www.tgrthaber.com\/mavikadin\/wp-content\/uploads\/Yeni-Proje-2-13.jpg 1208w, https:\/\/www.tgrthaber.com\/mavikadin\/wp-content\/uploads\/Yeni-Proje-2-13-300x169.jpg 300w, https:\/\/www.tgrthaber.com\/mavikadin\/wp-content\/uploads\/Yeni-Proje-2-13-1024x576.jpg 1024w, https:\/\/www.tgrthaber.com\/mavikadin\/wp-content\/uploads\/Yeni-Proje-2-13-768x432.jpg 768w\" sizes=\"(max-width: 1208px) 100vw, 1208px\" \/><\/p>\n","protected":false},"excerpt":{"rendered":"<p>Zembilli, Toros Da\u011flar\u0131\u2019n\u0131n eteklerinde ge\u00e7en s\u0131ms\u0131cak bir Anadolu hik\u00e2yesiyle bu ak\u015fam ATV ekranlar\u0131nda izleyiciyle bulu\u015fuyor. Ferdi Tayfur\u2019un &#8220;Ben de \u00d6zledim&#8221; \u015fark\u0131s\u0131yla dikkat \u00e7eken tan\u0131t\u0131m\u0131yla be\u011feni toplayan dizi, g\u00fc\u00e7l\u00fc oyuncu kadrosu ve etkileyici senaryosuyla merak uyand\u0131r\u0131yor.<\/p>\n","protected":false},"author":4,"featured_media":116515,"comment_status":"closed","ping_status":"closed","sticky":false,"template":"","format":"standard","meta":{"rank_math_lock_modified_date":false,"footnotes":""},"categories":[602],"tags":[4326,4782,4317],"class_list":["post-116511","post","type-post","status-publish","format-standard","has-post-thumbnail","hentry","category-diziler","tag-ferdi-tayfur","tag-tanitim","tag-zembilli"],"_links":{"self":[{"href":"https:\/\/www.tgrthaber.com\/mavikadin\/wp-json\/wp\/v2\/posts\/116511"}],"collection":[{"href":"https:\/\/www.tgrthaber.com\/mavikadin\/wp-json\/wp\/v2\/posts"}],"about":[{"href":"https:\/\/www.tgrthaber.com\/mavikadin\/wp-json\/wp\/v2\/types\/post"}],"author":[{"embeddable":true,"href":"https:\/\/www.tgrthaber.com\/mavikadin\/wp-json\/wp\/v2\/users\/4"}],"replies":[{"embeddable":true,"href":"https:\/\/www.tgrthaber.com\/mavikadin\/wp-json\/wp\/v2\/comments?post=116511"}],"version-history":[{"count":1,"href":"https:\/\/www.tgrthaber.com\/mavikadin\/wp-json\/wp\/v2\/posts\/116511\/revisions"}],"predecessor-version":[{"id":116520,"href":"https:\/\/www.tgrthaber.com\/mavikadin\/wp-json\/wp\/v2\/posts\/116511\/revisions\/116520"}],"wp:featuredmedia":[{"embeddable":true,"href":"https:\/\/www.tgrthaber.com\/mavikadin\/wp-json\/wp\/v2\/media\/116515"}],"wp:attachment":[{"href":"https:\/\/www.tgrthaber.com\/mavikadin\/wp-json\/wp\/v2\/media?parent=116511"}],"wp:term":[{"taxonomy":"category","embeddable":true,"href":"https:\/\/www.tgrthaber.com\/mavikadin\/wp-json\/wp\/v2\/categories?post=116511"},{"taxonomy":"post_tag","embeddable":true,"href":"https:\/\/www.tgrthaber.com\/mavikadin\/wp-json\/wp\/v2\/tags?post=116511"}],"curies":[{"name":"wp","href":"https:\/\/api.w.org\/{rel}","templated":true}]}}