{"id":116525,"date":"2025-01-03T18:02:07","date_gmt":"2025-01-03T15:02:07","guid":{"rendered":"https:\/\/www.tgrthaber.com\/mavikadin\/?p=116525"},"modified":"2025-01-03T18:02:07","modified_gmt":"2025-01-03T15:02:07","slug":"gassal-dizisinde-bakinin-aski-yarim-kaldi-dizinin-elifi-sibel-aytan-2-sezonda-yer-almayacak","status":"publish","type":"post","link":"https:\/\/www.tgrthaber.com\/mavikadin\/gassal-dizisinde-bakinin-aski-yarim-kaldi-dizinin-elifi-sibel-aytan-2-sezonda-yer-almayacak\/","title":{"rendered":"Gassal dizisinde Baki\u2019nin a\u015fk\u0131 yar\u0131m kald\u0131! Dizinin Elif&#8217;i Sibel Aytan, 2. sezonda yer almayacak"},"content":{"rendered":"<p>TRT\u2019nin dijital platformu Tabii\u2019de yay\u0131nlanan ve b\u00fcy\u00fck bir ilgiyle takip edilen Gassal dizisi, izleyicilerini duygusal bir hik\u00e2ye ile bulu\u015fturmaya devam ediyor. \u0130lk sezonunda Ahmet Kural taraf\u0131ndan canland\u0131r\u0131lan Baki karakteri ile Sibel Aytan\u2019\u0131n hayat verdi\u011fi Elif aras\u0131ndaki duygusal ba\u011f, izleyicileri ekrana kilitlemi\u015fti. Ancak, sevilen karakter Elif\u2019in hik\u00e2yesinin yar\u0131m kalmas\u0131, dizinin hayranlar\u0131nda merak uyand\u0131rd\u0131. Gelen bilgilere g\u00f6re Sibel Aytan, dizinin ikinci sezon kadrosunda yer almayacak.<\/p>\n<h3>GASSAL 2. SEZONDA EL\u0130F KARAKTER\u0130 OLMAYACAK<\/h3>\n<p>Hem\u015fire Elif ve Baki\u2019nin hikayesi, izleyicilerin yo\u011fun ilgisini \u00e7ekmi\u015fti. Ancak, ikinci sezonda Elif\u2019in dizide olmayaca\u011f\u0131 bilgisi, hem hayranlar\u0131n\u0131 hem de hik\u00e2yenin takip\u00e7ilerini \u00fczd\u00fc. Sibel Aytan\u2019\u0131n projeden ayr\u0131lmas\u0131yla Baki&#8217;nin a\u015fk hikayesi sona erdi.<\/p>\n<p><img loading=\"lazy\" decoding=\"async\" class=\"alignnone size-full wp-image-116527\" src=\"https:\/\/www.tgrthaber.com\/mavikadin\/wp-content\/uploads\/Yeni-Proje-8-5.jpg\" alt=\"\" width=\"1208\" height=\"680\" title=\"\" srcset=\"https:\/\/www.tgrthaber.com\/mavikadin\/wp-content\/uploads\/Yeni-Proje-8-5.jpg 1208w, https:\/\/www.tgrthaber.com\/mavikadin\/wp-content\/uploads\/Yeni-Proje-8-5-300x169.jpg 300w, https:\/\/www.tgrthaber.com\/mavikadin\/wp-content\/uploads\/Yeni-Proje-8-5-1024x576.jpg 1024w, https:\/\/www.tgrthaber.com\/mavikadin\/wp-content\/uploads\/Yeni-Proje-8-5-768x432.jpg 768w\" sizes=\"(max-width: 1208px) 100vw, 1208px\" \/><\/p>\n<hr \/>\n<h3>S\u0130BEL AYTAN K\u0130MD\u0130R?<\/h3>\n<p>1995 do\u011fumlu gen\u00e7 ve yetenekli oyuncu Sibel Aytan, kariyerine hem televizyon hem de sinema projelerinde ba\u015far\u0131yla devam ediyor. M\u00fcjdat Gezen Sanat Merkezi\u2019nden ald\u0131\u011f\u0131 oyunculuk e\u011fitimi, sanat\u00e7\u0131n\u0131n performans\u0131na b\u00fcy\u00fck katk\u0131 sa\u011flad\u0131. Hem ekran hem de sahne projelerinde yer alan Aytan, kariyerini profesyonel dans\u00e7\u0131l\u0131k yetenekleriyle de desteklemektedir.<\/p>\n<p><img loading=\"lazy\" decoding=\"async\" class=\"alignnone size-full wp-image-116528\" src=\"https:\/\/www.tgrthaber.com\/mavikadin\/wp-content\/uploads\/Yeni-Proje-7-4.jpg\" alt=\"\" width=\"1208\" height=\"680\" title=\"\" srcset=\"https:\/\/www.tgrthaber.com\/mavikadin\/wp-content\/uploads\/Yeni-Proje-7-4.jpg 1208w, https:\/\/www.tgrthaber.com\/mavikadin\/wp-content\/uploads\/Yeni-Proje-7-4-300x169.jpg 300w, https:\/\/www.tgrthaber.com\/mavikadin\/wp-content\/uploads\/Yeni-Proje-7-4-1024x576.jpg 1024w, https:\/\/www.tgrthaber.com\/mavikadin\/wp-content\/uploads\/Yeni-Proje-7-4-768x432.jpg 768w\" sizes=\"(max-width: 1208px) 100vw, 1208px\" \/><\/p>\n<hr \/>\n<h3>S\u0130BEL AYTAN HANG\u0130 D\u0130Z\u0130LERDE OYNADI?<\/h3>\n<p>Kurulu\u015f Osman (2021\u20132022): Tarihi yap\u0131mda canland\u0131rd\u0131\u011f\u0131 Zehra Hatun karakteriyle be\u011feni toplad\u0131.<\/p>\n<p>Seni Kalbime Saklad\u0131m (2022): Suzi karakteriyle romantik hik\u00e2yelere farkl\u0131 bir soluk getirdi.<\/p>\n<p>Al Sancak (2023): Dinamik ve aksiyon dolu bir yap\u0131mda izleyicilerden tam not ald\u0131.<\/p>\n<p>H\u0131\u00e7k\u0131r\u0131k (2018): Gen\u00e7 ya\u015f\u0131nda kariyerinde y\u00fckselmesini sa\u011flayan\u00a0 Selin karakteriyle dikkatleri \u00fczerine \u00e7ekti.<\/p>\n<p>Siccin 6 (2019): Korku t\u00fcr\u00fcndeki performans\u0131, gerilim dolu sahnelere hayat verdi.<\/p>\n<p>45 25: Kusursuz Cinayet (2019): Polisiye-gerilim t\u00fcr\u00fcndeki etkileyici performans\u0131yla dikkat \u00e7ekti.<\/p>\n<p><img loading=\"lazy\" decoding=\"async\" class=\"alignnone size-full wp-image-116530\" src=\"https:\/\/www.tgrthaber.com\/mavikadin\/wp-content\/uploads\/sibel-aytan.jpg\" alt=\"\" width=\"1208\" height=\"680\" title=\"\" srcset=\"https:\/\/www.tgrthaber.com\/mavikadin\/wp-content\/uploads\/sibel-aytan.jpg 1208w, https:\/\/www.tgrthaber.com\/mavikadin\/wp-content\/uploads\/sibel-aytan-300x169.jpg 300w, https:\/\/www.tgrthaber.com\/mavikadin\/wp-content\/uploads\/sibel-aytan-1024x576.jpg 1024w, https:\/\/www.tgrthaber.com\/mavikadin\/wp-content\/uploads\/sibel-aytan-768x432.jpg 768w\" sizes=\"(max-width: 1208px) 100vw, 1208px\" \/><\/p>\n","protected":false},"excerpt":{"rendered":"<p>Gassal dizisinin ikinci sezonunda, Ahmet Kural\u2019\u0131n canland\u0131rd\u0131\u011f\u0131 Baki karakterinin a\u015fk\u0131 yar\u0131m kal\u0131yor. Sibel Aytan\u2019\u0131n hayat verdi\u011fi hem\u015fire Elif karakteri yeni sezonda yer almayacak.<\/p>\n","protected":false},"author":4,"featured_media":116526,"comment_status":"closed","ping_status":"closed","sticky":false,"template":"","format":"standard","meta":{"rank_math_lock_modified_date":false,"footnotes":""},"categories":[602],"tags":[4542,6206,4851],"class_list":["post-116525","post","type-post","status-publish","format-standard","has-post-thumbnail","hentry","category-diziler","tag-gassal","tag-gassal-elif","tag-sibel-aytan"],"_links":{"self":[{"href":"https:\/\/www.tgrthaber.com\/mavikadin\/wp-json\/wp\/v2\/posts\/116525"}],"collection":[{"href":"https:\/\/www.tgrthaber.com\/mavikadin\/wp-json\/wp\/v2\/posts"}],"about":[{"href":"https:\/\/www.tgrthaber.com\/mavikadin\/wp-json\/wp\/v2\/types\/post"}],"author":[{"embeddable":true,"href":"https:\/\/www.tgrthaber.com\/mavikadin\/wp-json\/wp\/v2\/users\/4"}],"replies":[{"embeddable":true,"href":"https:\/\/www.tgrthaber.com\/mavikadin\/wp-json\/wp\/v2\/comments?post=116525"}],"version-history":[{"count":2,"href":"https:\/\/www.tgrthaber.com\/mavikadin\/wp-json\/wp\/v2\/posts\/116525\/revisions"}],"predecessor-version":[{"id":116532,"href":"https:\/\/www.tgrthaber.com\/mavikadin\/wp-json\/wp\/v2\/posts\/116525\/revisions\/116532"}],"wp:featuredmedia":[{"embeddable":true,"href":"https:\/\/www.tgrthaber.com\/mavikadin\/wp-json\/wp\/v2\/media\/116526"}],"wp:attachment":[{"href":"https:\/\/www.tgrthaber.com\/mavikadin\/wp-json\/wp\/v2\/media?parent=116525"}],"wp:term":[{"taxonomy":"category","embeddable":true,"href":"https:\/\/www.tgrthaber.com\/mavikadin\/wp-json\/wp\/v2\/categories?post=116525"},{"taxonomy":"post_tag","embeddable":true,"href":"https:\/\/www.tgrthaber.com\/mavikadin\/wp-json\/wp\/v2\/tags?post=116525"}],"curies":[{"name":"wp","href":"https:\/\/api.w.org\/{rel}","templated":true}]}}