{"id":116540,"date":"2025-01-03T19:08:23","date_gmt":"2025-01-03T16:08:23","guid":{"rendered":"https:\/\/www.tgrthaber.com\/mavikadin\/?p=116540"},"modified":"2025-01-03T19:08:24","modified_gmt":"2025-01-03T16:08:24","slug":"nehir-erdogan-mira-dizisiyle-setlere-donuyor-mira-konusu-ne-ne-zaman-yayinlanacak","status":"publish","type":"post","link":"https:\/\/www.tgrthaber.com\/mavikadin\/nehir-erdogan-mira-dizisiyle-setlere-donuyor-mira-konusu-ne-ne-zaman-yayinlanacak\/","title":{"rendered":"Nehir Erdo\u011fan, Mira dizisiyle setlere d\u00f6n\u00fcyor! Mira konusu ne, ne zaman yay\u0131nlanacak?"},"content":{"rendered":"<p>Ba\u015far\u0131l\u0131 oyuncu Nehir Erdo\u011fan, uzun bir aran\u0131n ard\u0131ndan yeni bir dijital diziyle seyirci kar\u015f\u0131s\u0131na \u00e7\u0131kmaya haz\u0131rlan\u0131yor. Son olarak Yasak Elma dizisinde Julia Moran karakterine hayat veren Nehir Erdo\u011fan, BKM yap\u0131mc\u0131l\u0131\u011f\u0131nda \u00e7ekilecek Mira dizisiyle ekranlara d\u00f6n\u00fcyor. Peki Mira dizisi konusu ne, ne zaman yay\u0131nlanacak?<\/p>\n<h3>M\u0130RA D\u0130Z\u0130S\u0130 KONUSU NED\u0130R?<\/h3>\n<p>Nehir Erdo\u011fan, Mira dizisinde ba\u015frol\u00fc \u00fcstlenecek ve hayat\u0131nda b\u00fcy\u00fck bir d\u00f6n\u00fcm noktas\u0131na gelmi\u015f, tek ba\u015f\u0131na ayakta durmaya \u00e7al\u0131\u015fan bir kad\u0131n\u0131n hik\u00e2yesini canland\u0131racak. 8 b\u00f6l\u00fcmden olu\u015facak dizinin senaryosu ve y\u00f6netmenli\u011fi Meltem Bozoflu&#8217;ya ait. Bozoflu, daha \u00f6nce Dedemin Fi\u015fi, Cici Babam ve G\u00fcld\u00fcr G\u00fcld\u00fcr Show gibi \u00f6nemli projelere imza atm\u0131\u015ft\u0131.<\/p>\n<p><img loading=\"lazy\" decoding=\"async\" class=\"alignnone size-full wp-image-116542\" src=\"https:\/\/www.tgrthaber.com\/mavikadin\/wp-content\/uploads\/Yeni-Proje-10-4.jpg\" alt=\"\" width=\"1208\" height=\"680\" title=\"\" srcset=\"https:\/\/www.tgrthaber.com\/mavikadin\/wp-content\/uploads\/Yeni-Proje-10-4.jpg 1208w, https:\/\/www.tgrthaber.com\/mavikadin\/wp-content\/uploads\/Yeni-Proje-10-4-300x169.jpg 300w, https:\/\/www.tgrthaber.com\/mavikadin\/wp-content\/uploads\/Yeni-Proje-10-4-1024x576.jpg 1024w, https:\/\/www.tgrthaber.com\/mavikadin\/wp-content\/uploads\/Yeni-Proje-10-4-768x432.jpg 768w\" sizes=\"(max-width: 1208px) 100vw, 1208px\" \/><\/p>\n<hr \/>\n<h3>M\u0130RA NEREDE YAYINLANACAK?<\/h3>\n<p>Mir\u00e2 dizisi, dijital bir platformda yay\u0131nlanacak ve \u00f6d\u00fcll\u00fc oyuncu Nezaket Erden, Mira&#8217;n\u0131n (Nehir Erdo\u011fan) en yak\u0131n arkada\u015f\u0131 rol\u00fcyle dizide \u00f6nemli bir yer alacak.<\/p>\n<h3>M\u0130RA D\u0130Z\u0130S\u0130 NE ZAMAN YAYINLANACAK?<\/h3>\n<p>Mir\u00e2 dizisinin yay\u0131n tarihi kesin olarak a\u00e7\u0131klanmasa da, dijital bir platformda yay\u0131nlanacak olan dizinin \u00e7ekimlerinin tamamlanmas\u0131n\u0131n ard\u0131ndan izleyicilerle bulu\u015fmas\u0131 bekleniyor.<\/p>\n<p><img loading=\"lazy\" decoding=\"async\" class=\"alignnone size-full wp-image-116543\" src=\"https:\/\/www.tgrthaber.com\/mavikadin\/wp-content\/uploads\/Yeni-Proje-11-3.jpg\" alt=\"\" width=\"1208\" height=\"680\" title=\"\" srcset=\"https:\/\/www.tgrthaber.com\/mavikadin\/wp-content\/uploads\/Yeni-Proje-11-3.jpg 1208w, https:\/\/www.tgrthaber.com\/mavikadin\/wp-content\/uploads\/Yeni-Proje-11-3-300x169.jpg 300w, https:\/\/www.tgrthaber.com\/mavikadin\/wp-content\/uploads\/Yeni-Proje-11-3-1024x576.jpg 1024w, https:\/\/www.tgrthaber.com\/mavikadin\/wp-content\/uploads\/Yeni-Proje-11-3-768x432.jpg 768w\" sizes=\"(max-width: 1208px) 100vw, 1208px\" \/><\/p>\n<hr \/>\n<h3>NEH\u0130R ERDO\u011eAN K\u0130MD\u0130R?<\/h3>\n<p>\u0130zmir\u2019de do\u011fup b\u00fcy\u00fcyen Nehir Erdo\u011fan, Marmara \u00dcniversitesi \u0130ktisadi ve \u0130dari Bilimler Fak\u00fcltesi \u0130\u015fletme B\u00f6l\u00fcm\u00fc\u2019nden mezun olduktan sonra, Radyo, Televizyon ve Sinema b\u00f6l\u00fcm\u00fc i\u00e7in tekrar e\u011fitim alm\u0131\u015ft\u0131r. K\u0131sa bir s\u00fcre ABD&#8217;de ya\u015fad\u0131ktan sonra T\u00fcrkiye&#8217;ye d\u00f6n\u00fcp, Yabanc\u0131 Damat dizisiyle b\u00fcy\u00fck \u00e7\u0131k\u0131\u015f yapm\u0131\u015ft\u0131r. Oyunculuk kariyerinin yan\u0131 s\u0131ra sunuculuk deneyimi de bulunan Erdo\u011fan, 2008 y\u0131l\u0131nda Popstar T\u00fcrkiye program\u0131n\u0131n sunuculu\u011funu Osmantan Erk\u0131r ile birlikte \u00fcstlenmi\u015ftir.<\/p>\n<p><img loading=\"lazy\" decoding=\"async\" class=\"alignnone size-full wp-image-116544\" src=\"https:\/\/www.tgrthaber.com\/mavikadin\/wp-content\/uploads\/Yeni-Proje-12-6.jpg\" alt=\"\" width=\"1208\" height=\"680\" title=\"\" srcset=\"https:\/\/www.tgrthaber.com\/mavikadin\/wp-content\/uploads\/Yeni-Proje-12-6.jpg 1208w, https:\/\/www.tgrthaber.com\/mavikadin\/wp-content\/uploads\/Yeni-Proje-12-6-300x169.jpg 300w, https:\/\/www.tgrthaber.com\/mavikadin\/wp-content\/uploads\/Yeni-Proje-12-6-1024x576.jpg 1024w, https:\/\/www.tgrthaber.com\/mavikadin\/wp-content\/uploads\/Yeni-Proje-12-6-768x432.jpg 768w\" sizes=\"(max-width: 1208px) 100vw, 1208px\" \/><\/p>\n<hr \/>\n<p><strong>Nehir Erdo\u011fan\u2019\u0131n yer ald\u0131\u011f\u0131 projeler:<\/strong><\/p>\n<p>2003 \u2013 Hababam S\u0131n\u0131f\u0131 Merhaba \u2013 Arzu \/ K\u0131z \u0130smail<\/p>\n<p>2004 \u2013 Okul \u2013 G\u00fcldem<\/p>\n<p>2008 \u2013 Mele\u011fin S\u0131rlar\u0131 \u2013 Ebru<\/p>\n<p>2014 \u2013 Silsile \u2013 Ece<\/p>\n<p>2002-2003 \u2013 Ko\u00e7um Benim \u2013 Pelin (Yard\u0131mc\u0131 oyuncu)<\/p>\n<p>2003 \u2013 Esta\u011ffurullah Yoku\u015fu \u2013 G\u00fcm\u00fc\u015f (Ba\u015frol)<\/p>\n<p>2004-2007 \u2013 Yabanc\u0131 Damat \u2013 Nazl\u0131 Baklavac\u0131o\u011flu (Ba\u015frol)<\/p>\n<p>2007-2008 \u2013 Tatl\u0131 Bela Fadime \u2013 Fadime<\/p>\n<p>2008 \u2013 Ay I\u015f\u0131\u011f\u0131 &#8211; Avukatlar \u2013 Ba\u015fak Aydost<\/p>\n<p>2009-2011 \u2013 A\u015fk Bir Hayal \u2013 Asmin Bat\u0131g\u00fcn<\/p>\n<p>2012 \u2013 Son \u2013 Aylin Karan<\/p>\n<p>2014 \u2013 Reaksiyon \u2013 Duygu<\/p>\n<p>2017 \u2013 Fi \u2013 Nilay (Yard\u0131mc\u0131 oyuncu)<\/p>\n<p>2018-2019 \u2013 \u0130kizler Memo-Can \u2013 Melek Caneri (Ba\u015frol)<\/p>\n<p>2019-2021 \u2013 Benim Ad\u0131m Melek \u2013 Melek Karada\u011f<\/p>\n<p>2021 \u2013 Sana S\u00f6z \u2013 Elif Karaca<\/p>\n<p>2023 \u2013 Yasak Elma \u2013 Julia Moran<\/p>\n","protected":false},"excerpt":{"rendered":"<p>Nehir Erdo\u011fan, Yasak Elma dizisinden sonra dijital platformda yay\u0131nlanacak Mira dizisiyle geri d\u00f6n\u00fcyor. 8 b\u00f6l\u00fcm s\u00fcrecek bu projede Erdo\u011fan, b\u00fcy\u00fck bir k\u0131r\u0131lma sonras\u0131 yaln\u0131z ba\u015f\u0131na ayakta durmaya \u00e7al\u0131\u015fan bir kad\u0131n\u0131 canland\u0131racak. Peki Mira dizisi konusu ne, ne zaman yay\u0131nlanacak?<\/p>\n","protected":false},"author":4,"featured_media":116541,"comment_status":"closed","ping_status":"closed","sticky":false,"template":"","format":"standard","meta":{"rank_math_lock_modified_date":false,"footnotes":""},"categories":[602],"tags":[6799],"class_list":["post-116540","post","type-post","status-publish","format-standard","has-post-thumbnail","hentry","category-diziler","tag-nehir-erdogan"],"_links":{"self":[{"href":"https:\/\/www.tgrthaber.com\/mavikadin\/wp-json\/wp\/v2\/posts\/116540"}],"collection":[{"href":"https:\/\/www.tgrthaber.com\/mavikadin\/wp-json\/wp\/v2\/posts"}],"about":[{"href":"https:\/\/www.tgrthaber.com\/mavikadin\/wp-json\/wp\/v2\/types\/post"}],"author":[{"embeddable":true,"href":"https:\/\/www.tgrthaber.com\/mavikadin\/wp-json\/wp\/v2\/users\/4"}],"replies":[{"embeddable":true,"href":"https:\/\/www.tgrthaber.com\/mavikadin\/wp-json\/wp\/v2\/comments?post=116540"}],"version-history":[{"count":3,"href":"https:\/\/www.tgrthaber.com\/mavikadin\/wp-json\/wp\/v2\/posts\/116540\/revisions"}],"predecessor-version":[{"id":116547,"href":"https:\/\/www.tgrthaber.com\/mavikadin\/wp-json\/wp\/v2\/posts\/116540\/revisions\/116547"}],"wp:featuredmedia":[{"embeddable":true,"href":"https:\/\/www.tgrthaber.com\/mavikadin\/wp-json\/wp\/v2\/media\/116541"}],"wp:attachment":[{"href":"https:\/\/www.tgrthaber.com\/mavikadin\/wp-json\/wp\/v2\/media?parent=116540"}],"wp:term":[{"taxonomy":"category","embeddable":true,"href":"https:\/\/www.tgrthaber.com\/mavikadin\/wp-json\/wp\/v2\/categories?post=116540"},{"taxonomy":"post_tag","embeddable":true,"href":"https:\/\/www.tgrthaber.com\/mavikadin\/wp-json\/wp\/v2\/tags?post=116540"}],"curies":[{"name":"wp","href":"https:\/\/api.w.org\/{rel}","templated":true}]}}