{"id":116699,"date":"2025-01-04T08:57:55","date_gmt":"2025-01-04T05:57:55","guid":{"rendered":"https:\/\/www.tgrthaber.com\/mavikadin\/?p=116699"},"modified":"2025-01-04T08:59:26","modified_gmt":"2025-01-04T05:59:26","slug":"ferdi-tayfurun-kizi-tugce-tayfur-gasilhanede-fenalasti-ayirdiniz-beni-babamdan","status":"publish","type":"post","link":"https:\/\/www.tgrthaber.com\/mavikadin\/ferdi-tayfurun-kizi-tugce-tayfur-gasilhanede-fenalasti-ayirdiniz-beni-babamdan\/","title":{"rendered":"Ferdi Tayfur&#8217;un k\u0131z\u0131 Tu\u011f\u00e7e Tayfur gasilhanede fenala\u015ft\u0131! &#8220;Ay\u0131rd\u0131n\u0131z beni babamdan&#8221;"},"content":{"rendered":"<p>T\u00fcrk m\u00fczi\u011finin efsane ismi Ferdi Tayfur&#8217;un ard\u0131ndan b\u0131rakt\u0131\u011f\u0131 unutulmaz \u015fark\u0131larla milyonlar\u0131n kalbinde taht kuran bir sanat\u00e7\u0131yd\u0131. &#8220;\u0130\u00e7im Yanar&#8221;, &#8220;Bana Sor&#8221;, &#8220;Yakt\u0131 Beni&#8221;, &#8220;Hat\u0131ran Yeter&#8221;, &#8220;Ben de \u00d6zledim&#8221; gibi eserleriyle haf\u0131zalarda yer edinen usta isim, bug\u00fcn sevenlerinden u\u011furlanacak. Hastanede tedavi g\u00f6rd\u00fc\u011f\u00fc s\u00fcre\u00e7te hayata g\u00f6zlerini kapatan Ferdi Tayfur&#8217;un vefat haberinin ard\u0131ndan k\u0131z\u0131 Tu\u011f\u00e7e Tayfur da babas\u0131n\u0131 son kez g\u00f6rmek i\u00e7in gitti\u011fi gasilhanede zor anlar ya\u015fad\u0131.<\/p>\n<h3>TU\u011e\u00c7E TAYFUR A\u011eLAMA KR\u0130Z\u0130NE G\u0130RD\u0130<\/h3>\n<p>T\u00fcrk sanat m\u00fczi\u011finin efsane ismi Ferdi Tayfur&#8217;un ani vefat haberi sevenlerini derin bir \u00fcz\u00fcnt\u00fcye bo\u011fdu. 79 ya\u015f\u0131ndaki usta sanat\u00e7\u0131, organ yetmezli\u011fi nedeniyle tedavi g\u00f6rd\u00fc\u011f\u00fc hastanede hayata g\u00f6zlerini yumdu. Ard\u0131nda b\u0131rakt\u0131\u011f\u0131 m\u00fczik miras\u0131yla her zaman hat\u0131rlanacak olan Ferdi Tayfur&#8217;un \u00f6l\u00fcm\u00fc, \u00f6zellikle uzun s\u00fcredir aras\u0131n\u0131n a\u00e7\u0131k oldu\u011fu k\u0131z\u0131 Tu\u011f\u00e7e Tayfur&#8217;u da derinden etkiledi. Tu\u011f\u00e7e Tayfur&#8217;un babas\u0131n\u0131 son kez g\u00f6rmek i\u00e7in gitti\u011fi gasilhanede ya\u015fad\u0131\u011f\u0131 a\u011flama krizi ise ac\u0131n\u0131n ne kadar b\u00fcy\u00fck oldu\u011funu yans\u0131tt\u0131.<\/p>\n<div style=\"width: 640px;\" class=\"wp-video\"><!--[if lt IE 9]><script>document.createElement('video');<\/script><![endif]-->\n<video class=\"wp-video-shortcode\" id=\"video-116699-1\" width=\"640\" height=\"800\" preload=\"metadata\" controls=\"controls\"><source type=\"video\/mp4\" src=\"https:\/\/www.tgrthaber.com\/mavikadin\/wp-content\/uploads\/Ferdi-Tayfurun-kizi-Tugce-Tayfur-gasilhanede-fenalasti-Ayirdiniz-beni-babamdan.mp4?_=1\" \/><a href=\"https:\/\/www.tgrthaber.com\/mavikadin\/wp-content\/uploads\/Ferdi-Tayfurun-kizi-Tugce-Tayfur-gasilhanede-fenalasti-Ayirdiniz-beni-babamdan.mp4\">https:\/\/www.tgrthaber.com\/mavikadin\/wp-content\/uploads\/Ferdi-Tayfurun-kizi-Tugce-Tayfur-gasilhanede-fenalasti-Ayirdiniz-beni-babamdan.mp4<\/a><\/video><\/div>\n<hr \/>\n<h3>\u201cAYIRDINIZ BEN\u0130 BABAMDAN\u201d<\/h3>\n<p>Tayfur&#8217;un y\u00fcrek burkan s\u00f6zleriyle duygusal anlar ya\u015fand\u0131. Babas\u0131ndan ayr\u0131ld\u0131\u011f\u0131 i\u00e7in duydu\u011fu ac\u0131y\u0131 i\u00e7tenlikle ifade eden Tayfur, \u201c &#8220;Ay\u0131rd\u0131n\u0131z beni babamdan, yapayaln\u0131z kalm\u0131\u015f burada babam&#8221; diyerek a\u011f\u0131tlar yak\u0131tt\u0131.<\/p>\n","protected":false},"excerpt":{"rendered":"<p>Ak\u015fam saatlerinde, Zincirlikuyu Gasilhanesi&#8217;ne giderek babas\u0131n\u0131 son kez g\u00f6rebilmek isteyen Tu\u011f\u00e7e Tayfur, gasilhanede fenala\u015ft\u0131. Babas\u0131n\u0131 bir daha g\u00f6rememe \u00fcz\u00fcnt\u00fcs\u00fcyle a\u011flama n\u00f6beti ge\u00e7iren Tu\u011f\u00e7e Tayfur&#8217;un durumu endi\u015fe vericiydi.<\/p>\n","protected":false},"author":10,"featured_media":116702,"comment_status":"closed","ping_status":"closed","sticky":false,"template":"","format":"standard","meta":{"rank_math_lock_modified_date":false,"footnotes":""},"categories":[76],"tags":[4326,6884],"class_list":["post-116699","post","type-post","status-publish","format-standard","has-post-thumbnail","hentry","category-magazin","tag-ferdi-tayfur","tag-tugce-tayfur-gozyaslari"],"_links":{"self":[{"href":"https:\/\/www.tgrthaber.com\/mavikadin\/wp-json\/wp\/v2\/posts\/116699"}],"collection":[{"href":"https:\/\/www.tgrthaber.com\/mavikadin\/wp-json\/wp\/v2\/posts"}],"about":[{"href":"https:\/\/www.tgrthaber.com\/mavikadin\/wp-json\/wp\/v2\/types\/post"}],"author":[{"embeddable":true,"href":"https:\/\/www.tgrthaber.com\/mavikadin\/wp-json\/wp\/v2\/users\/10"}],"replies":[{"embeddable":true,"href":"https:\/\/www.tgrthaber.com\/mavikadin\/wp-json\/wp\/v2\/comments?post=116699"}],"version-history":[{"count":1,"href":"https:\/\/www.tgrthaber.com\/mavikadin\/wp-json\/wp\/v2\/posts\/116699\/revisions"}],"predecessor-version":[{"id":116703,"href":"https:\/\/www.tgrthaber.com\/mavikadin\/wp-json\/wp\/v2\/posts\/116699\/revisions\/116703"}],"wp:featuredmedia":[{"embeddable":true,"href":"https:\/\/www.tgrthaber.com\/mavikadin\/wp-json\/wp\/v2\/media\/116702"}],"wp:attachment":[{"href":"https:\/\/www.tgrthaber.com\/mavikadin\/wp-json\/wp\/v2\/media?parent=116699"}],"wp:term":[{"taxonomy":"category","embeddable":true,"href":"https:\/\/www.tgrthaber.com\/mavikadin\/wp-json\/wp\/v2\/categories?post=116699"},{"taxonomy":"post_tag","embeddable":true,"href":"https:\/\/www.tgrthaber.com\/mavikadin\/wp-json\/wp\/v2\/tags?post=116699"}],"curies":[{"name":"wp","href":"https:\/\/api.w.org\/{rel}","templated":true}]}}