{"id":116708,"date":"2025-01-04T09:32:43","date_gmt":"2025-01-04T06:32:43","guid":{"rendered":"https:\/\/www.tgrthaber.com\/mavikadin\/?p=116708"},"modified":"2025-01-04T09:32:43","modified_gmt":"2025-01-04T06:32:43","slug":"masterchef-sonrasi-beyza-sosyal-medyada-yeni-kararini-acikladi","status":"publish","type":"post","link":"https:\/\/www.tgrthaber.com\/mavikadin\/masterchef-sonrasi-beyza-sosyal-medyada-yeni-kararini-acikladi\/","title":{"rendered":"MasterChef sonras\u0131 Beyza sosyal medyada yeni karar\u0131n\u0131 a\u00e7\u0131klad\u0131!"},"content":{"rendered":"<p>Masterchef T\u00fcrkiye 2024&#8217;\u00fcn heyecan dolu eleme gecelerinden birinde, ba\u015far\u0131l\u0131 yar\u0131\u015fmac\u0131 Beyza&#8217;n\u0131n hik\u00e2yesi izleyicileri derinden etkilemi\u015fti. Son 4 finalistten biri olmak i\u00e7in g\u00f6sterdi\u011fi azim ve yetenekle dikkat \u00e7eken Beyza, 30 Aral\u0131k 2024 tarihli eleme gecesinde rakibi Kerem&#8217;e kar\u015f\u0131 sadece 1 puanla ma\u011flup olarak Masterchef maceras\u0131n\u0131 sonland\u0131rd\u0131. Beyza&#8217;n\u0131n tutkusu ve m\u00fccadelesi, Masterchef seyircilerine unutulmaz anlar ya\u015fatt\u0131.<\/p>\n<h3>\u201cMUC\u0130ZE SEN\u0130N G\u00d6BEK ADIN\u201d<\/h3>\n<p>Somer Sivrio\u011flu, Beyza yar\u0131\u015fmadan ayr\u0131l\u0131rken \u015fu s\u00f6zleri kullanm\u0131\u015ft\u0131. Somer \u015eef, \u201c\u00a0&#8216;Mucize senin g\u00f6bek ad\u0131n. Beyza bizim i\u00e7in g\u00fc\u00e7l\u00fc kad\u0131n fig\u00fcr\u00fcn\u00fcn \u00e7ok \u00f6nemli \u00f6rneklerinden biri. Sadece burada ge\u00e7irdi\u011fin kazadan sonra ald\u0131\u011f\u0131n karar bile senin asl\u0131nda bu hayatta ne kadar dik durdu\u011funun, ne kadar g\u00fc\u00e7l\u00fc durdu\u011funun bir simgesi. Pek \u00e7ok insana ilham verdin ve \u00f6rnek oldu. G\u00f6n\u00fcllerimizin \u015fampiyonu oldun\u201d diyerek Beyaz hakk\u0131nda d\u00fc\u015f\u00fcncelerini payla\u015fm\u0131\u015ft\u0131.<\/p>\n<p><img loading=\"lazy\" decoding=\"async\" class=\"alignnone wp-image-116710\" src=\"https:\/\/www.tgrthaber.com\/mavikadin\/wp-content\/uploads\/masterchef-beyza-yeni-kararini-acikladi-300x169.jpg\" alt=\"masterchef beyza yeni karar\u0131n\u0131 a\u00e7\u0131klad\u0131\" width=\"1208\" height=\"680\" title=\"\" srcset=\"https:\/\/www.tgrthaber.com\/mavikadin\/wp-content\/uploads\/masterchef-beyza-yeni-kararini-acikladi-300x169.jpg 300w, https:\/\/www.tgrthaber.com\/mavikadin\/wp-content\/uploads\/masterchef-beyza-yeni-kararini-acikladi-1024x576.jpg 1024w, https:\/\/www.tgrthaber.com\/mavikadin\/wp-content\/uploads\/masterchef-beyza-yeni-kararini-acikladi-768x432.jpg 768w, https:\/\/www.tgrthaber.com\/mavikadin\/wp-content\/uploads\/masterchef-beyza-yeni-kararini-acikladi-1536x864.jpg 1536w, https:\/\/www.tgrthaber.com\/mavikadin\/wp-content\/uploads\/masterchef-beyza-yeni-kararini-acikladi.jpg 1920w\" sizes=\"(max-width: 1208px) 100vw, 1208px\" \/><\/p>\n<hr \/>\n<h3>&#8221;T\u00dcRK\u0130YE&#8217;DE YA\u015eAMAYA KARAR VERD\u0130M&#8221;<\/h3>\n<p>Sosyal medya \u00fczerinden kendisine sorulan cevaplar\u0131 yan\u0131tlayan Masterchef Beyza, bir takip\u00e7inin Masterchef hayat\u0131na ne katt\u0131? Sorusuna cevap verirken ald\u0131\u011f\u0131 karar\u0131 da takip\u00e7ilerine duyurmu\u015f oldu. Masterchef Beyza Huri Ayd\u0131n \u201c T\u00fcrkiye\u2019de ya\u015famaya karar verdim, heyecanl\u0131y\u0131m bir yandan\u201d diyerek \u0130stanbul\u2019da ya\u015fam\u0131na devam edece\u011fine takip\u00e7ilerine duyurdu.<\/p>\n<p><img loading=\"lazy\" decoding=\"async\" class=\"alignnone wp-image-116709\" src=\"https:\/\/www.tgrthaber.com\/mavikadin\/wp-content\/uploads\/masterchef-beyza-nin-yeni-karari-300x169.jpg\" alt=\"masterchef beyza n\u0131n yeni karar\u0131\" width=\"1208\" height=\"680\" title=\"\" srcset=\"https:\/\/www.tgrthaber.com\/mavikadin\/wp-content\/uploads\/masterchef-beyza-nin-yeni-karari-300x169.jpg 300w, https:\/\/www.tgrthaber.com\/mavikadin\/wp-content\/uploads\/masterchef-beyza-nin-yeni-karari-1024x576.jpg 1024w, https:\/\/www.tgrthaber.com\/mavikadin\/wp-content\/uploads\/masterchef-beyza-nin-yeni-karari-768x432.jpg 768w, https:\/\/www.tgrthaber.com\/mavikadin\/wp-content\/uploads\/masterchef-beyza-nin-yeni-karari-1536x864.jpg 1536w, https:\/\/www.tgrthaber.com\/mavikadin\/wp-content\/uploads\/masterchef-beyza-nin-yeni-karari.jpg 1920w\" sizes=\"(max-width: 1208px) 100vw, 1208px\" \/><\/p>\n<hr \/>\n<h3>\u201c\u00a0HAYATIM TAMAMEN DE\u011e\u0130\u015eT\u0130\u201d<\/h3>\n<p>\u201cMasterchef hayat\u0131na ne katt\u0131? Sorusuna i\u00e7tenlikle cevap veren Masterchef Beyza yar\u0131\u015fma sayesinde hayat\u0131n\u0131n tamamen de\u011fi\u015fti\u011fini dile getirdi. Beyza, \u201c Ben asl\u0131nda ailem i\u00e7in geldim ama hayat\u0131m tamamen de\u011fi\u015fti. \u00c7ok g\u00fczel \u015feyler \u00f6\u011frendim. Masterchef ile yemek olsun, hayat tecr\u00fcbesi olsun, \u00e7ok g\u00fczel arkada\u015fl\u0131klar edindim. G\u00fczel insanlar ile tan\u0131\u015ft\u0131m.\u201d diyerek yar\u0131\u015fma ile ilgili duygular\u0131n\u0131 sevdikleriyle payla\u015ft\u0131.<\/p>\n","protected":false},"excerpt":{"rendered":"<p>MasterChef T\u00fcrkiye 2024&#8217;\u00fcn \u00fcst\u00fcn performans sergileyen kat\u0131l\u0131mc\u0131lar\u0131ndan Beyza Huri Ayd\u0131n, yar\u0131\u015fmadan elendi\u011fi sonras\u0131nda yapt\u0131\u011f\u0131 a\u00e7\u0131klamalarla ilgi \u00e7ekti. Yaln\u0131zca bir puan farkla finale \u00e7\u0131kma \u015fans\u0131n\u0131 ka\u00e7\u0131ran Beyza, T\u00fcrkiye&#8217;de kalma karar\u0131 ald\u0131\u011f\u0131n\u0131 takip\u00e7ileriyle payla\u015ft\u0131. <\/p>\n","protected":false},"author":10,"featured_media":116711,"comment_status":"closed","ping_status":"closed","sticky":false,"template":"","format":"standard","meta":{"rank_math_lock_modified_date":false,"footnotes":""},"categories":[76],"tags":[3048,6885],"class_list":["post-116708","post","type-post","status-publish","format-standard","has-post-thumbnail","hentry","category-magazin","tag-masterchef-beyza","tag-masterchef2024"],"_links":{"self":[{"href":"https:\/\/www.tgrthaber.com\/mavikadin\/wp-json\/wp\/v2\/posts\/116708"}],"collection":[{"href":"https:\/\/www.tgrthaber.com\/mavikadin\/wp-json\/wp\/v2\/posts"}],"about":[{"href":"https:\/\/www.tgrthaber.com\/mavikadin\/wp-json\/wp\/v2\/types\/post"}],"author":[{"embeddable":true,"href":"https:\/\/www.tgrthaber.com\/mavikadin\/wp-json\/wp\/v2\/users\/10"}],"replies":[{"embeddable":true,"href":"https:\/\/www.tgrthaber.com\/mavikadin\/wp-json\/wp\/v2\/comments?post=116708"}],"version-history":[{"count":1,"href":"https:\/\/www.tgrthaber.com\/mavikadin\/wp-json\/wp\/v2\/posts\/116708\/revisions"}],"predecessor-version":[{"id":116712,"href":"https:\/\/www.tgrthaber.com\/mavikadin\/wp-json\/wp\/v2\/posts\/116708\/revisions\/116712"}],"wp:featuredmedia":[{"embeddable":true,"href":"https:\/\/www.tgrthaber.com\/mavikadin\/wp-json\/wp\/v2\/media\/116711"}],"wp:attachment":[{"href":"https:\/\/www.tgrthaber.com\/mavikadin\/wp-json\/wp\/v2\/media?parent=116708"}],"wp:term":[{"taxonomy":"category","embeddable":true,"href":"https:\/\/www.tgrthaber.com\/mavikadin\/wp-json\/wp\/v2\/categories?post=116708"},{"taxonomy":"post_tag","embeddable":true,"href":"https:\/\/www.tgrthaber.com\/mavikadin\/wp-json\/wp\/v2\/tags?post=116708"}],"curies":[{"name":"wp","href":"https:\/\/api.w.org\/{rel}","templated":true}]}}