{"id":116723,"date":"2025-01-04T10:14:22","date_gmt":"2025-01-04T07:14:22","guid":{"rendered":"https:\/\/www.tgrthaber.com\/mavikadin\/?p=116723"},"modified":"2025-01-04T10:14:22","modified_gmt":"2025-01-04T07:14:22","slug":"berkay-ates-caglar-corumlu-ve-guven-murat-akpinar-usta-sanatci-arif-sag-ile-bir-araya-geldi","status":"publish","type":"post","link":"https:\/\/www.tgrthaber.com\/mavikadin\/berkay-ates-caglar-corumlu-ve-guven-murat-akpinar-usta-sanatci-arif-sag-ile-bir-araya-geldi\/","title":{"rendered":"Berkay Ate\u015f, \u00c7a\u011flar \u00c7orumlu ve G\u00fcven Murat Akp\u0131nar, usta sanat\u00e7\u0131 Arif Sa\u011f ile bir araya geldi!"},"content":{"rendered":"<p class=\"p1\">Ba\u015far\u0131l\u0131 oyuncular Berkay Ate\u015f, \u00c7a\u011flar \u00c7orumlu ve G\u00fcven Murat Akp\u0131nar, T\u00fcrk m\u00fczi\u011finin efsanevi ismi Arif Sa\u011f ile bir araya geldi. Sanat d\u00fcnyas\u0131n\u0131n farkl\u0131 alanlar\u0131nda iz b\u0131rakan bu isimler, usta sanat\u00e7\u0131n\u0131n bilgi ve birikimlerinden faydalanma f\u0131rsat\u0131 yakalad\u0131. T\u00fcrk halk m\u00fczi\u011finin mihenk ta\u015f\u0131 olan Arif Sa\u011f, samimi sohbetiyle gen\u00e7 sanat\u00e7\u0131lara ilham verirken bu bulu\u015fmada, sanat\u0131n ku\u015faklar aras\u0131 ba\u011f kurma g\u00fcc\u00fc de bir kez daha g\u00f6zler \u00f6n\u00fcne serildi. Keyifli anlar\u0131n ya\u015fand\u0131\u011f\u0131 bulu\u015fmada, sanat \u00fczerine derin sohbetler yap\u0131l\u0131rken, Arif Sa\u011f&#8217;\u0131n unutulmaz eserleri de g\u00fcndeme geldi.<\/p>\n<h3>BERKAY ATE\u015e, \u00c7A\u011eLAR \u00c7ORUMLU, G\u00dcVEN MURAT AKPINAR, AR\u0130F SA\u011e \u0130LE B\u0130R ARAYA GELD\u0130<\/h3>\n<p class=\"p1\">T\u00fcrk sinema ve tiyatrosunun ba\u015far\u0131l\u0131 isimleri Berkay Ate\u015f, \u00c7a\u011flar \u00c7orumlu ve G\u00fcven Murat Akp\u0131nar, T\u00fcrk halk m\u00fczi\u011finin ya\u015fayan efsanesi Arif Sa\u011f ile unutulmaz bir bulu\u015fmaya imza att\u0131. Farkl\u0131 ku\u015faklar\u0131 bir araya getiren bu \u00f6zel bulu\u015fmadan \u00e7ekilen \u00f6zel kare sosyal medyada ilgi g\u00f6rd\u00fc. Foto\u011fraf\u0131n sosyal medyada yay\u0131lmas\u0131n\u0131n ard\u0131ndan herkes be\u011feni ve yorum ya\u011fd\u0131rd\u0131.<\/p>\n<p><img loading=\"lazy\" decoding=\"async\" class=\"alignnone wp-image-116726 \" src=\"https:\/\/www.tgrthaber.com\/mavikadin\/wp-content\/uploads\/Ekran-Resmi-2025-01-04-10.04.35.png\" alt=\"\" width=\"989\" height=\"891\" title=\"\" srcset=\"https:\/\/www.tgrthaber.com\/mavikadin\/wp-content\/uploads\/Ekran-Resmi-2025-01-04-10.04.35.png 628w, https:\/\/www.tgrthaber.com\/mavikadin\/wp-content\/uploads\/Ekran-Resmi-2025-01-04-10.04.35-300x270.png 300w\" sizes=\"(max-width: 989px) 100vw, 989px\" \/><\/p>\n<hr \/>\n<h3>AR\u0130F SA\u011e K\u0130MD\u0130R, KA\u00c7 YA\u015eINDA?<\/h3>\n<p class=\"p1\">Arif Sa\u011f, 1945 y\u0131l\u0131nda Erzurum&#8217;un A\u015fkale il\u00e7esi Da\u011fl\u0131 K\u00f6y\u00fc&#8217;nde d\u00fcnyaya geldi. \u00c7ocukluk y\u0131llar\u0131, babas\u0131n\u0131n de\u011firmeninde ge\u00e7en Arif Sa\u011f, m\u00fczikle ilk kez burada tan\u0131\u015ft\u0131. De\u011firmenta\u015f\u0131 ile suyun uyumlu sesi, onun duydu\u011fu ilk orkestra oldu. Bu do\u011fal ritim, sanat hayat\u0131n\u0131n ilk ad\u0131mlar\u0131n\u0131 \u015fekillendirdi. Hen\u00fcz 5 ya\u015f\u0131nda kavalla, 6 ya\u015f\u0131nda ise gramofon ve plakla tan\u0131\u015farak m\u00fczi\u011fe olan ilgisini derinle\u015ftirdi. 7 ya\u015f\u0131ndayken Erzincan&#8217;da Kuma\u015f Dede&#8217;nin d\u00fckkan\u0131nda ba\u011flama ile tan\u0131\u015fmas\u0131 ise onun hayat\u0131nda bir d\u00f6n\u00fcm noktas\u0131yd\u0131. Bu d\u00fckkan, Davut Sulari, A\u015f\u0131k Daimi, Ali Ekber \u00c7i\u00e7ek gibi bir\u00e7ok ustan\u0131n iz b\u0131rakt\u0131\u011f\u0131 bir k\u00fclt\u00fcr merkeziydi. 14 ya\u015f\u0131na kadar a\u015f\u0131kl\u0131k gelene\u011fini \u00f6\u011frenen ve deyi\u015fler s\u00f6yleyen Arif Sa\u011f, daha sonra \u0130stanbul\u2019a gelerek Aksaray Musiki Cemiyeti\u2019nde Nida T\u00fcfek\u00e7i\u2019nin \u00f6\u011frencisi oldu. Bu yolculuk, onu halk m\u00fczi\u011finin en \u00f6nemli isimlerinden biri yapt\u0131.<\/p>\n<p><img loading=\"lazy\" decoding=\"async\" class=\"alignnone wp-image-116729 size-full\" src=\"https:\/\/www.tgrthaber.com\/mavikadin\/wp-content\/uploads\/Berkay-Ates-Caglar-Corumlu-ve-Guven-Murat-Akpinar-usta-sanatci-Arif-Sag-ile-bir-araya-geldi-.png\" alt=\"\" width=\"1208\" height=\"720\" title=\"\" srcset=\"https:\/\/www.tgrthaber.com\/mavikadin\/wp-content\/uploads\/Berkay-Ates-Caglar-Corumlu-ve-Guven-Murat-Akpinar-usta-sanatci-Arif-Sag-ile-bir-araya-geldi-.png 1208w, https:\/\/www.tgrthaber.com\/mavikadin\/wp-content\/uploads\/Berkay-Ates-Caglar-Corumlu-ve-Guven-Murat-Akpinar-usta-sanatci-Arif-Sag-ile-bir-araya-geldi--300x179.png 300w, https:\/\/www.tgrthaber.com\/mavikadin\/wp-content\/uploads\/Berkay-Ates-Caglar-Corumlu-ve-Guven-Murat-Akpinar-usta-sanatci-Arif-Sag-ile-bir-araya-geldi--1024x610.png 1024w, https:\/\/www.tgrthaber.com\/mavikadin\/wp-content\/uploads\/Berkay-Ates-Caglar-Corumlu-ve-Guven-Murat-Akpinar-usta-sanatci-Arif-Sag-ile-bir-araya-geldi--768x458.png 768w\" sizes=\"(max-width: 1208px) 100vw, 1208px\" \/><\/p>\n<hr \/>\n<p class=\"p1\">Arif Sa\u011f, m\u00fczikal kimli\u011fini in\u015fa etti\u011fi 1960 ve 70\u2019li y\u0131llar boyunca yo\u011fun bir aray\u0131\u015f ve \u00fcretim s\u00fcrecindeydi. Bu d\u00f6nem, onun i\u00e7in yaln\u0131zca toplumsal hareketlerin m\u00fczikle birle\u015fti\u011fi bir \u00e7a\u011f de\u011fil, ayn\u0131 zamanda geleneksel ve modern m\u00fczik aras\u0131nda k\u00f6pr\u00fc kurmaya \u00e7al\u0131\u015ft\u0131\u011f\u0131 y\u0131llard\u0131. Sa\u011f, piyasadaki ve resmi kurumlardaki m\u00fczik uygulamalar\u0131na yo\u011funla\u015farak, T\u00fcrk Halk M\u00fczi\u011fi\u2019ne farkl\u0131 bir soluk getirme \u00e7abas\u0131yla \u00f6ne \u00e7\u0131kt\u0131.<\/p>\n<p><img loading=\"lazy\" decoding=\"async\" class=\"alignnone wp-image-116731 size-full\" src=\"https:\/\/www.tgrthaber.com\/mavikadin\/wp-content\/uploads\/Berkay-Ates-Caglar-Corumlu-ve-Guven-Murat-Akpinar-usta-sanatci-Arif-Sag-ile-bir-araya-geldi-6.png\" alt=\"\" width=\"1208\" height=\"720\" title=\"\" srcset=\"https:\/\/www.tgrthaber.com\/mavikadin\/wp-content\/uploads\/Berkay-Ates-Caglar-Corumlu-ve-Guven-Murat-Akpinar-usta-sanatci-Arif-Sag-ile-bir-araya-geldi-6.png 1208w, https:\/\/www.tgrthaber.com\/mavikadin\/wp-content\/uploads\/Berkay-Ates-Caglar-Corumlu-ve-Guven-Murat-Akpinar-usta-sanatci-Arif-Sag-ile-bir-araya-geldi-6-300x179.png 300w, https:\/\/www.tgrthaber.com\/mavikadin\/wp-content\/uploads\/Berkay-Ates-Caglar-Corumlu-ve-Guven-Murat-Akpinar-usta-sanatci-Arif-Sag-ile-bir-araya-geldi-6-1024x610.png 1024w, https:\/\/www.tgrthaber.com\/mavikadin\/wp-content\/uploads\/Berkay-Ates-Caglar-Corumlu-ve-Guven-Murat-Akpinar-usta-sanatci-Arif-Sag-ile-bir-araya-geldi-6-768x458.png 768w\" sizes=\"(max-width: 1208px) 100vw, 1208px\" \/><\/p>\n<hr \/>\n<p class=\"p1\">1963 y\u0131l\u0131nda \u00e7\u0131kard\u0131\u011f\u0131 ilk pla\u011f\u0131 &#8220;Gafil Gezme \u015ea\u015fk\u0131n Bir G\u00fcn \u00d6l\u00fcrs\u00fcn&#8221; ile m\u00fczik d\u00fcnyas\u0131na ad\u0131m atan Arif Sa\u011f, k\u0131sa s\u00fcrede dikkatleri \u00fczerine \u00e7ekti. 1965 y\u0131l\u0131nda ise \u0130stanbul Radyosu\u2019na ba\u011flama sanat\u00e7\u0131s\u0131 olarak kabul edildi. Bu ad\u0131m, onun profesyonel kariyerindeki en \u00f6nemli d\u00f6n\u00fcm noktalar\u0131ndan biri oldu ve halk m\u00fczi\u011fine duydu\u011fu derin ba\u011fl\u0131l\u0131\u011f\u0131 geni\u015f kitlelere ula\u015ft\u0131rmas\u0131n\u0131 sa\u011flad\u0131.<\/p>\n","protected":false},"excerpt":{"rendered":"<p>Berkay Ate\u015f, \u00c7a\u011flar \u00c7orumlu ve G\u00fcven Murat Akp\u0131nar, T\u00fcrk halk m\u00fczi\u011finin ya\u015fayan efsanesi Arif Sa\u011f ile \u00f6zel bir bulu\u015fmada bir araya geldi. Usta sanat\u00e7\u0131n\u0131n s\u0131cak sohbeti ve engin birikimi, gen\u00e7 isimlere ilham kayna\u011f\u0131 olurken \u00fcnl\u00fc oyuncular\u0131n usta sanat\u00e7\u0131yla birlikte \u00e7ekildi\u011fi foto\u011fraf sosyal medyada h\u0131zla yay\u0131ld\u0131 ve g\u00fcndem oldu. <\/p>\n","protected":false},"author":16,"featured_media":116734,"comment_status":"closed","ping_status":"closed","sticky":false,"template":"","format":"standard","meta":{"rank_math_lock_modified_date":false,"footnotes":""},"categories":[76],"tags":[6890,3485,6888,6889],"class_list":["post-116723","post","type-post","status-publish","format-standard","has-post-thumbnail","hentry","category-magazin","tag-arif-sag","tag-berkay-ates","tag-cayglar-corumlu","tag-guven-murat-akpinar"],"_links":{"self":[{"href":"https:\/\/www.tgrthaber.com\/mavikadin\/wp-json\/wp\/v2\/posts\/116723"}],"collection":[{"href":"https:\/\/www.tgrthaber.com\/mavikadin\/wp-json\/wp\/v2\/posts"}],"about":[{"href":"https:\/\/www.tgrthaber.com\/mavikadin\/wp-json\/wp\/v2\/types\/post"}],"author":[{"embeddable":true,"href":"https:\/\/www.tgrthaber.com\/mavikadin\/wp-json\/wp\/v2\/users\/16"}],"replies":[{"embeddable":true,"href":"https:\/\/www.tgrthaber.com\/mavikadin\/wp-json\/wp\/v2\/comments?post=116723"}],"version-history":[{"count":1,"href":"https:\/\/www.tgrthaber.com\/mavikadin\/wp-json\/wp\/v2\/posts\/116723\/revisions"}],"predecessor-version":[{"id":116738,"href":"https:\/\/www.tgrthaber.com\/mavikadin\/wp-json\/wp\/v2\/posts\/116723\/revisions\/116738"}],"wp:featuredmedia":[{"embeddable":true,"href":"https:\/\/www.tgrthaber.com\/mavikadin\/wp-json\/wp\/v2\/media\/116734"}],"wp:attachment":[{"href":"https:\/\/www.tgrthaber.com\/mavikadin\/wp-json\/wp\/v2\/media?parent=116723"}],"wp:term":[{"taxonomy":"category","embeddable":true,"href":"https:\/\/www.tgrthaber.com\/mavikadin\/wp-json\/wp\/v2\/categories?post=116723"},{"taxonomy":"post_tag","embeddable":true,"href":"https:\/\/www.tgrthaber.com\/mavikadin\/wp-json\/wp\/v2\/tags?post=116723"}],"curies":[{"name":"wp","href":"https:\/\/api.w.org\/{rel}","templated":true}]}}