{"id":116793,"date":"2025-01-04T12:26:00","date_gmt":"2025-01-04T09:26:00","guid":{"rendered":"https:\/\/www.tgrthaber.com\/mavikadin\/?p=116793"},"modified":"2025-01-04T12:58:35","modified_gmt":"2025-01-04T09:58:35","slug":"ibrahim-tatlises-ferdi-tayfurun-cenazesinde-gozyaslarina-boguldu-prensimizi-kaybettik","status":"publish","type":"post","link":"https:\/\/www.tgrthaber.com\/mavikadin\/ibrahim-tatlises-ferdi-tayfurun-cenazesinde-gozyaslarina-boguldu-prensimizi-kaybettik\/","title":{"rendered":"\u0130brahim Tatl\u0131ses Ferdi Tayfur&#8217;un cenazesinde g\u00f6zya\u015flar\u0131na bo\u011fuldu: Prensimizi kaybettik!"},"content":{"rendered":"<p class=\"p1\">Arabeskin unutulmaz ismi Ferdi Tayfur\u2019un 79 ya\u015f\u0131nda hayat\u0131n\u0131 kaybetmesinin ard\u0131ndan, AKM\u2019de d\u00fczenlenen veda t\u00f6renine m\u00fczik d\u00fcnyas\u0131n\u0131n \u00f6nemli isimlerinden biri olan \u0130brahim Tatl\u0131ses de kat\u0131ld\u0131. T\u00f6ren s\u0131ras\u0131nda, g\u00f6zleri dolan Tatl\u0131ses, duygusal anlar ya\u015fad\u0131. R\u00f6portaj verdi\u011fi s\u0131rada, Tatl\u0131ses, Ferdi Tayfur&#8217;un kayb\u0131na olan derin \u00fcz\u00fcnt\u00fcs\u00fcn\u00fc gizleyemedi ve g\u00f6zya\u015flar\u0131n\u0131 tutamad\u0131.<\/p>\n<h3>\u0130BRAH\u0130M TATLISES FERD\u0130 TAYFUR&#8217;UN CENAZES\u0130NDE G\u00d6ZYA\u015eLARINA BO\u011eULDU<\/h3>\n<p class=\"p1\">Arabeskin duygusal sesi Ferdi Tayfur, 2 Ocak Per\u015fembe g\u00fcn\u00fc saat 19.00&#8217;da Antalya&#8217;da bir \u00f6zel hastanede yo\u011fun bak\u0131m \u00fcnitesinde verdi\u011fi ya\u015fam m\u00fccadelesini kaybetti. Sanat\u00e7\u0131n\u0131n ani vefat\u0131, sevenlerini derin bir \u00fcz\u00fcnt\u00fcye bo\u011fdu. Tayfur&#8217;un an\u0131s\u0131n\u0131 ya\u015fatmak ad\u0131na, \u0130stanbul AKM&#8217;de geni\u015f kat\u0131l\u0131ml\u0131 bir veda t\u00f6reni d\u00fczenlendi. T\u00f6ren, sanat\u00e7\u0131n\u0131n m\u00fczi\u011fiyle b\u00fcy\u00fclenmi\u015f hayranlar\u0131 ve sanat camias\u0131 taraf\u0131ndan b\u00fcy\u00fck bir h\u00fcz\u00fcn i\u00e7inde ger\u00e7ekle\u015fti.<\/p>\n<div style=\"width: 640px;\" class=\"wp-video\"><!--[if lt IE 9]><script>document.createElement('video');<\/script><![endif]-->\n<video class=\"wp-video-shortcode\" id=\"video-116793-1\" width=\"640\" height=\"1138\" preload=\"metadata\" controls=\"controls\"><source type=\"video\/mp4\" src=\"https:\/\/www.tgrthaber.com\/mavikadin\/wp-content\/uploads\/as.mp4?_=1\" \/><a href=\"https:\/\/www.tgrthaber.com\/mavikadin\/wp-content\/uploads\/as.mp4\">https:\/\/www.tgrthaber.com\/mavikadin\/wp-content\/uploads\/as.mp4<\/a><\/video><\/div>\n<h3 class=\"p1\">&#8220;BEN PRENS D\u0130YORUM ONA&#8221;<\/h3>\n<p class=\"p1\">T\u00f6rene \u00fcnl\u00fc \u015fark\u0131c\u0131\u00a0\u0130brahim Tatl\u0131ses\u00a0tekerlekli sandalyeyle kat\u0131ld\u0131.\u00a0Ferdi Tayfur\u00a0i\u00e7in\u00a0&#8220;Arabeskin prensi&#8221;\u00a0diyen\u00a0Tatl\u0131ses,\u00a0&#8220;Kimse ona bug\u00fcne kadar bu \u00fcnvan\u0131 vermedi. Ben prens diyorum ona. Mekan\u0131 cennet olsun. Arabeskin prensini yolcu etmeye geldik. \u00c7ok ekme\u011fini yedim. \u0130bo Show&#8217;a geldi, reytingler tavan yapt\u0131. D\u0131\u015far\u0131daki kalabal\u0131\u011f\u0131 g\u00f6rd\u00fcn\u00fcz, konserleri de b\u00f6yleydi.&#8221;\u00a0dedi. Tatl\u0131ses, \u2018\u2019Prensimizi kaybettik&#8221; diyerek g\u00f6zya\u015flar\u0131n\u0131 tutamay\u0131nca r\u00f6portaj\u0131 noktalad\u0131.<\/p>\n<p><img loading=\"lazy\" decoding=\"async\" class=\"alignnone wp-image-116801 \" src=\"https:\/\/www.tgrthaber.com\/mavikadin\/wp-content\/uploads\/Ekran-Resmi-2025-01-04-12.18.27.png\" alt=\"\" width=\"989\" height=\"574\" title=\"\" srcset=\"https:\/\/www.tgrthaber.com\/mavikadin\/wp-content\/uploads\/Ekran-Resmi-2025-01-04-12.18.27.png 972w, https:\/\/www.tgrthaber.com\/mavikadin\/wp-content\/uploads\/Ekran-Resmi-2025-01-04-12.18.27-300x174.png 300w, https:\/\/www.tgrthaber.com\/mavikadin\/wp-content\/uploads\/Ekran-Resmi-2025-01-04-12.18.27-768x446.png 768w\" sizes=\"(max-width: 989px) 100vw, 989px\" \/><\/p>\n<hr \/>\n<h3>FERD\u0130 TAYFUR&#8217;UN HASTALI\u011eI NEYD\u0130, NEDEN \u00d6LD\u00dc?<\/h3>\n<p class=\"p1\">Antalya&#8217;da tedavi g\u00f6ren arabeskin efsane ismi Ferdi Tayfur, 79 ya\u015f\u0131nda hayat\u0131n\u0131 kaybetti. 16 Aral\u0131k&#8217;ta askeri u\u00e7akla hastaneye sevk edilen Tayfur, mantar enfeksiyonuna ba\u011fl\u0131 olarak sin\u00fcs temizli\u011fi i\u00e7in ameliyat olmu\u015ftu. \u00dcz\u00fcc\u00fc haber, m\u00fczik d\u00fcnyas\u0131nda b\u00fcy\u00fck bir kay\u0131p olarak kar\u015f\u0131land\u0131. &#8220;Ameliyat\u0131n ard\u0131ndan sa\u011fl\u0131k durumu iyiye giden sanat\u00e7\u0131m\u0131z, maalesef d\u00fcn \u00f6\u011flen saatlerinde \u00e7ok h\u0131zl\u0131 ilerleyen karaci\u011fer ve b\u00f6brek yetmezli\u011fi sebebiyle yo\u011fun bak\u0131ma al\u0131nd\u0131.<\/p>\n<p><img loading=\"lazy\" decoding=\"async\" class=\"alignnone wp-image-116805 size-full\" src=\"https:\/\/www.tgrthaber.com\/mavikadin\/wp-content\/uploads\/Ekran-Resmi-2025-01-04-12.19.33.png\" alt=\"\" width=\"998\" height=\"546\" title=\"\" srcset=\"https:\/\/www.tgrthaber.com\/mavikadin\/wp-content\/uploads\/Ekran-Resmi-2025-01-04-12.19.33.png 998w, https:\/\/www.tgrthaber.com\/mavikadin\/wp-content\/uploads\/Ekran-Resmi-2025-01-04-12.19.33-300x164.png 300w, https:\/\/www.tgrthaber.com\/mavikadin\/wp-content\/uploads\/Ekran-Resmi-2025-01-04-12.19.33-768x420.png 768w\" sizes=\"(max-width: 998px) 100vw, 998px\" \/><\/p>\n<hr \/>\n<p class=\"p1\">Yo\u011fun devam eden tedavisi ve doktorlar\u0131n\u0131n t\u00fcm \u00e7abalar\u0131na ra\u011fmen saat 19.38&#8217;de sanat\u00e7\u0131m\u0131z hayata g\u00f6zlerini yumdu. Medical Park Hastaneleri olarak, T\u00fcrk m\u00fczi\u011finin \u00e7ok sevilen sanat\u00e7\u0131s\u0131 Say\u0131n Ferdi Tayfur&#8217;un karaci\u011fer ve b\u00f6brek yetmezli\u011fi sebebiyle aram\u0131zdan ayr\u0131ld\u0131\u011f\u0131n\u0131 sevenlerine bildirmenin derin \u00fcz\u00fcnt\u00fcs\u00fcn\u00fc ya\u015f\u0131yoruz.&#8221;<\/p>\n","protected":false},"excerpt":{"rendered":"<p>Arabeskin unutulmaz ismi Ferdi Tayfur&#8217;un 79 ya\u015f\u0131nda vefat\u0131n\u0131n ard\u0131ndan, \u0130stanbul AKM&#8217;de d\u00fczenlenen veda t\u00f6reni, m\u00fczik d\u00fcnyas\u0131n\u0131n b\u00fcy\u00fck isimlerini bir araya getirdi. T\u00f6rene kat\u0131lan \u0130brahim Tatl\u0131ses, Ferdi Tayfur&#8217;un kayb\u0131 nedeniyle duygusal anlar ya\u015fad\u0131. R\u00f6portaj verdi\u011fi s\u0131rada g\u00f6zleri dolan Tatl\u0131ses, Tayfur&#8217;un vefat\u0131n\u0131n getirdi\u011fi derin \u00fcz\u00fcnt\u00fcy\u00fc gizleyemedi ve g\u00f6zya\u015flar\u0131na bo\u011fuldu.<\/p>\n","protected":false},"author":16,"featured_media":116821,"comment_status":"closed","ping_status":"closed","sticky":false,"template":"","format":"standard","meta":{"rank_math_lock_modified_date":false,"footnotes":""},"categories":[76],"tags":[6904,6903],"class_list":["post-116793","post","type-post","status-publish","format-standard","has-post-thumbnail","hentry","category-magazin","tag-ibrahim-tatlises-ferdi-tayfur","tag-ibrahim-tatlises-ferdi-tayfur-cenaze"],"_links":{"self":[{"href":"https:\/\/www.tgrthaber.com\/mavikadin\/wp-json\/wp\/v2\/posts\/116793"}],"collection":[{"href":"https:\/\/www.tgrthaber.com\/mavikadin\/wp-json\/wp\/v2\/posts"}],"about":[{"href":"https:\/\/www.tgrthaber.com\/mavikadin\/wp-json\/wp\/v2\/types\/post"}],"author":[{"embeddable":true,"href":"https:\/\/www.tgrthaber.com\/mavikadin\/wp-json\/wp\/v2\/users\/16"}],"replies":[{"embeddable":true,"href":"https:\/\/www.tgrthaber.com\/mavikadin\/wp-json\/wp\/v2\/comments?post=116793"}],"version-history":[{"count":1,"href":"https:\/\/www.tgrthaber.com\/mavikadin\/wp-json\/wp\/v2\/posts\/116793\/revisions"}],"predecessor-version":[{"id":116808,"href":"https:\/\/www.tgrthaber.com\/mavikadin\/wp-json\/wp\/v2\/posts\/116793\/revisions\/116808"}],"wp:featuredmedia":[{"embeddable":true,"href":"https:\/\/www.tgrthaber.com\/mavikadin\/wp-json\/wp\/v2\/media\/116821"}],"wp:attachment":[{"href":"https:\/\/www.tgrthaber.com\/mavikadin\/wp-json\/wp\/v2\/media?parent=116793"}],"wp:term":[{"taxonomy":"category","embeddable":true,"href":"https:\/\/www.tgrthaber.com\/mavikadin\/wp-json\/wp\/v2\/categories?post=116793"},{"taxonomy":"post_tag","embeddable":true,"href":"https:\/\/www.tgrthaber.com\/mavikadin\/wp-json\/wp\/v2\/tags?post=116793"}],"curies":[{"name":"wp","href":"https:\/\/api.w.org\/{rel}","templated":true}]}}