{"id":116796,"date":"2025-01-04T12:32:06","date_gmt":"2025-01-04T09:32:06","guid":{"rendered":"https:\/\/www.tgrthaber.com\/mavikadin\/?p=116796"},"modified":"2025-01-04T12:42:46","modified_gmt":"2025-01-04T09:42:46","slug":"tugce-tayfur-kus-oldugu-babasi-ferdi-tayfurun-cenazesine-katilacak-mi","status":"publish","type":"post","link":"https:\/\/www.tgrthaber.com\/mavikadin\/tugce-tayfur-kus-oldugu-babasi-ferdi-tayfurun-cenazesine-katilacak-mi\/","title":{"rendered":"Tu\u011f\u00e7e Tayfur k\u00fcs oldu\u011fu babas\u0131 Ferdi Tayfur&#8217;un cenazesine kat\u0131lacak m\u0131?"},"content":{"rendered":"<p>Marmaris&#8217;teki evinde ge\u00e7irdi\u011fi rahats\u0131zl\u0131k nedeniyle hastanelik olan ve ilk m\u00fcdahalelerden sonra \u00f6zel bir hastanede tedavisini s\u00fcrd\u00fcren usta sanat\u00e7\u0131 Ferdi Tayfur&#8217;un son sa\u011fl\u0131k durumunda eve taburcu oldu\u011fu \u00f6\u011frenilmi\u015fti. Usta sanat\u00e7\u0131n\u0131n vefat haberinin gelmesi \u00fczerine ba\u015fta ailesi, yak\u0131nlar\u0131 ve hayranlar\u0131 olmak \u00fczere derin bir sars\u0131nt\u0131 ya\u015fay\u0131p, sanat camias\u0131ndaki \u00fcnl\u00fc isimler de yapt\u0131klar\u0131 payla\u015f\u0131mlarla yasa bo\u011fulmu\u015ftu.<\/p>\n<p>Bug\u00fcn saat 12.00&#8217;da AKM&#8217;de son yolculu\u011funa u\u011furlanacak olan usta sanat\u00e7\u0131 Ferdi Tayfur&#8217;un k\u00fcs oldu\u011fu hamile k\u0131z\u0131 Tu\u011f\u00e7e Tayfur&#8217;un ise cenazeye gelip gelmeyece\u011fi merak konusu oldu.<\/p>\n<h3>BABA-KIZ K\u00dcS G\u0130DEN TU\u011e\u00c7E TAYFUR BABASININ CENAZES\u0130NE KATILACAK MI?<\/h3>\n<p>Ge\u00e7ti\u011fimiz ak\u015fam Tu\u011f\u00e7e Tayfur&#8217;un yak\u0131n bir arkada\u015f\u0131n\u0131n sosyal medya hesab\u0131nda kendisinin i\u011fnelerle ayakta zor durdu\u011funu bildirmi\u015f ve a\u011flama krizinde oldu\u011funu belirtmi\u015fti.<\/p>\n<p><img loading=\"lazy\" decoding=\"async\" class=\"alignnone wp-image-116806\" src=\"https:\/\/www.tgrthaber.com\/mavikadin\/wp-content\/uploads\/36-3.png\" alt=\"\" width=\"1208\" height=\"667\" title=\"\" srcset=\"https:\/\/www.tgrthaber.com\/mavikadin\/wp-content\/uploads\/36-3.png 810w, https:\/\/www.tgrthaber.com\/mavikadin\/wp-content\/uploads\/36-3-300x166.png 300w, https:\/\/www.tgrthaber.com\/mavikadin\/wp-content\/uploads\/36-3-768x424.png 768w\" sizes=\"(max-width: 1208px) 100vw, 1208px\" \/><\/p>\n<hr \/>\n<p>K\u00fcs oldu\u011fu babas\u0131 Ferdi Tayfur&#8217;un cenazesinin y\u0131kama i\u015flemleri i\u00e7in ve son kez g\u00f6rebilmek i\u00e7in Zincirlikuyu Gasilhanesine giden Tu\u011f\u00e7e Tayfur, orada da a\u011flama krizine girmi\u015f ve &#8216;Ay\u0131rd\u0131n\u0131z beni babamdan&#8217; diyerek feryat figan a\u011flayarak a\u011f\u0131tlar yakt\u0131\u011f\u0131 \u00f6\u011frenildi.<\/p>\n<h3>DOKTORUNDAN HAM\u0130LE TU\u011e\u00c7E TAYFUR&#8217;A YASAK GELD\u0130!<\/h3>\n<p>Tayfur&#8217;un \u00f6l\u00fcm\u00fc sevenlerini yasa bo\u011farken, k\u00fcs oldu\u011fu k\u0131z\u0131 Tu\u011f\u00e7e Tayfur da babas\u0131n\u0131n \u00f6l\u00fcm\u00fcyle adeta y\u0131k\u0131ld\u0131.<\/p>\n<p><img loading=\"lazy\" decoding=\"async\" class=\"alignnone wp-image-116702\" src=\"https:\/\/www.tgrthaber.com\/mavikadin\/wp-content\/uploads\/Ferdi-Tayfurun-kizi-Tugce-Tayfur-gasilhanede-fenalasti-Ayirdiniz-beni-babamdan-2.jpg\" alt=\"Ferdi Tayfur&#039;un k\u0131z\u0131 Tu\u011f\u00e7e Tayfur gasilhanede fenala\u015ft\u0131! Ay\u0131rd\u0131n\u0131z beni babamdan\" width=\"1920\" height=\"1080\" title=\"\" srcset=\"https:\/\/www.tgrthaber.com\/mavikadin\/wp-content\/uploads\/Ferdi-Tayfurun-kizi-Tugce-Tayfur-gasilhanede-fenalasti-Ayirdiniz-beni-babamdan-2.jpg 1920w, https:\/\/www.tgrthaber.com\/mavikadin\/wp-content\/uploads\/Ferdi-Tayfurun-kizi-Tugce-Tayfur-gasilhanede-fenalasti-Ayirdiniz-beni-babamdan-2-300x169.jpg 300w, https:\/\/www.tgrthaber.com\/mavikadin\/wp-content\/uploads\/Ferdi-Tayfurun-kizi-Tugce-Tayfur-gasilhanede-fenalasti-Ayirdiniz-beni-babamdan-2-1024x576.jpg 1024w, https:\/\/www.tgrthaber.com\/mavikadin\/wp-content\/uploads\/Ferdi-Tayfurun-kizi-Tugce-Tayfur-gasilhanede-fenalasti-Ayirdiniz-beni-babamdan-2-768x432.jpg 768w, https:\/\/www.tgrthaber.com\/mavikadin\/wp-content\/uploads\/Ferdi-Tayfurun-kizi-Tugce-Tayfur-gasilhanede-fenalasti-Ayirdiniz-beni-babamdan-2-1536x864.jpg 1536w\" sizes=\"(max-width: 1920px) 100vw, 1920px\" \/><\/p>\n<p>Gasilhanede fenal\u0131k ge\u00e7iren k\u0131z\u0131 Tu\u011f\u00e7e Tayfur&#8217;un gasilhanede kendine engel olamayarak ge\u00e7irdi\u011fi a\u011flama n\u00f6betleri ve hamileli\u011fi dolay\u0131s\u0131yla doktor tavsiyesine uyarak cenaze t\u00f6renine kat\u0131lamayaca\u011f\u0131 bilgisine ula\u015f\u0131ld\u0131.<\/p>\n<h3>USTA SANAT\u00c7I FERD\u0130 TAYFUR&#8217;UN CENAZE DETAYLARI BELL\u0130 OLDU!<\/h3>\n<p>Merhum usta sanat\u00e7\u0131 Ferdi Tayfur&#8217;un sevenleri i\u00e7in 4 Ocak Cumartesi g\u00fcn\u00fc saat 12.00\u2019de Atat\u00fcrk K\u00fclt\u00fcr Merkezi\u2019nde bir vefa t\u00f6reni ger\u00e7ekle\u015ftirilecek. Tayfur\u2019un cenazesi, yine ayn\u0131 g\u00fcn Levent Barbaros Hayrettin Pa\u015fa Camii\u2019nde k\u0131l\u0131nacak olan cenaze namaz\u0131n\u0131n ard\u0131ndan son yolculu\u011funa u\u011furlanacak.<\/p>\n","protected":false},"excerpt":{"rendered":"<p>K\u00fcs oldu\u011fu babas\u0131 Ferdi Tayfur&#8217;u son defa g\u00f6rebilmek i\u00e7in Zincirlikuyu Gasilhanesine giden hamile Tu\u011f\u00e7e Tayfur, fenala\u015fm\u0131\u015ft\u0131. \u00dcnl\u00fc ismin babas\u0131 Ferdi Tayfur&#8217;un cenazesine kat\u0131l\u0131p kat\u0131lmayaca\u011f\u0131 merek edildi.<\/p>\n","protected":false},"author":27,"featured_media":116809,"comment_status":"closed","ping_status":"closed","sticky":false,"template":"","format":"standard","meta":{"rank_math_lock_modified_date":false,"footnotes":""},"categories":[76],"tags":[133,2616,6905],"class_list":["post-116796","post","type-post","status-publish","format-standard","has-post-thumbnail","hentry","category-magazin","tag-magazin","tag-tugce-tayfur","tag-tugce-tayfur-cenazeye-katilacak-mi"],"_links":{"self":[{"href":"https:\/\/www.tgrthaber.com\/mavikadin\/wp-json\/wp\/v2\/posts\/116796"}],"collection":[{"href":"https:\/\/www.tgrthaber.com\/mavikadin\/wp-json\/wp\/v2\/posts"}],"about":[{"href":"https:\/\/www.tgrthaber.com\/mavikadin\/wp-json\/wp\/v2\/types\/post"}],"author":[{"embeddable":true,"href":"https:\/\/www.tgrthaber.com\/mavikadin\/wp-json\/wp\/v2\/users\/27"}],"replies":[{"embeddable":true,"href":"https:\/\/www.tgrthaber.com\/mavikadin\/wp-json\/wp\/v2\/comments?post=116796"}],"version-history":[{"count":4,"href":"https:\/\/www.tgrthaber.com\/mavikadin\/wp-json\/wp\/v2\/posts\/116796\/revisions"}],"predecessor-version":[{"id":116813,"href":"https:\/\/www.tgrthaber.com\/mavikadin\/wp-json\/wp\/v2\/posts\/116796\/revisions\/116813"}],"wp:featuredmedia":[{"embeddable":true,"href":"https:\/\/www.tgrthaber.com\/mavikadin\/wp-json\/wp\/v2\/media\/116809"}],"wp:attachment":[{"href":"https:\/\/www.tgrthaber.com\/mavikadin\/wp-json\/wp\/v2\/media?parent=116796"}],"wp:term":[{"taxonomy":"category","embeddable":true,"href":"https:\/\/www.tgrthaber.com\/mavikadin\/wp-json\/wp\/v2\/categories?post=116796"},{"taxonomy":"post_tag","embeddable":true,"href":"https:\/\/www.tgrthaber.com\/mavikadin\/wp-json\/wp\/v2\/tags?post=116796"}],"curies":[{"name":"wp","href":"https:\/\/api.w.org\/{rel}","templated":true}]}}