{"id":116990,"date":"2025-01-04T18:51:04","date_gmt":"2025-01-04T15:51:04","guid":{"rendered":"https:\/\/www.tgrthaber.com\/mavikadin\/?p=116990"},"modified":"2025-01-04T19:00:18","modified_gmt":"2025-01-04T16:00:18","slug":"ferdi-tayfurun-yillar-once-televizyon-programinda-soyledigi-sozler-yurekleri-dagladi-beni-unutmayin-e-mi","status":"publish","type":"post","link":"https:\/\/www.tgrthaber.com\/mavikadin\/ferdi-tayfurun-yillar-once-televizyon-programinda-soyledigi-sozler-yurekleri-dagladi-beni-unutmayin-e-mi\/","title":{"rendered":"Ferdi Tayfur\u2019un y\u0131llar \u00f6nce televizyon program\u0131nda s\u00f6yledi\u011fi s\u00f6zler y\u00fcrekleri da\u011flad\u0131: Beni unutmay\u0131n e mi?"},"content":{"rendered":"<p>T\u00fcrk m\u00fczi\u011finin efsane isimlerinden Ferdi Tayfur, 2 Ocak\u2019ta hayat\u0131n\u0131 kaybetti. Sanat\u00e7\u0131n\u0131n cenaze t\u00f6reni, sanat ve siyaset d\u00fcnyas\u0131ndan bir\u00e7ok ismin kat\u0131l\u0131m\u0131yla ger\u00e7ekle\u015fti. Vefat\u0131n\u0131n ard\u0131ndan, y\u0131llar \u00f6nce bir televizyon program\u0131nda s\u00f6yledi\u011fi \u201cBeni unutmay\u0131n e mi?\u201d s\u00f6zleri g\u00fcndem oldu.<\/p>\n<p>T\u00fcrk m\u00fczi\u011finin efsane isimlerinden, ses sanat\u00e7\u0131s\u0131, besteci, s\u00f6z yazar\u0131 ve sinema oyuncusu Ferdi Tayfur, 2 Ocak\u2019ta tedavi g\u00f6rd\u00fc\u011f\u00fc hastanede hayat\u0131n\u0131 kaybetti. Barbaros Hayrettin Pa\u015fa Camii\u2019nde d\u00fczenlenen cenaze t\u00f6reni, usta sanat\u00e7\u0131n\u0131n hayranlar\u0131 ve sanat camias\u0131n\u0131n yo\u011fun kat\u0131l\u0131m\u0131yla ger\u00e7ekle\u015fti.<\/p>\n<h3>FERD\u0130 TAYFUR SON YOLCULU\u011eUNA U\u011eURLANDI<\/h3>\n<p>T\u00f6rene, Ferdi Tayfur\u2019un \u00e7ocuklar\u0131 taziyeleri kabul ederken, T\u00fcrk sanat ve siyaset d\u00fcnyas\u0131ndan bir\u00e7ok \u00f6nemli isim de haz\u0131r bulundu. K\u00fclt\u00fcr ve Turizm Bakan\u0131 Mehmet Nuri Ersoy, \u0130stanbul Valisi Davut G\u00fcl, MHP Genel Ba\u015fkan\u0131 Devlet Bah\u00e7eli, Gelecek Partisi Genel Ba\u015fkan\u0131 Ahmet Davuto\u011flu gibi siyasilerin yan\u0131 s\u0131ra, sanat\u00e7\u0131lar Ahmet Sel\u00e7uk \u0130lkan, \u00dcmit Besen, Yavuz Bing\u00f6l ve Mahsun K\u0131rm\u0131z\u0131g\u00fcl de cenazeye kat\u0131ld\u0131.<\/p>\n<p><img loading=\"lazy\" decoding=\"async\" class=\"alignnone size-full wp-image-116976\" src=\"https:\/\/www.tgrthaber.com\/mavikadin\/wp-content\/uploads\/Yeni-Proje-1-14.jpg\" alt=\"\" width=\"1208\" height=\"680\" title=\"\" srcset=\"https:\/\/www.tgrthaber.com\/mavikadin\/wp-content\/uploads\/Yeni-Proje-1-14.jpg 1208w, https:\/\/www.tgrthaber.com\/mavikadin\/wp-content\/uploads\/Yeni-Proje-1-14-300x169.jpg 300w, https:\/\/www.tgrthaber.com\/mavikadin\/wp-content\/uploads\/Yeni-Proje-1-14-1024x576.jpg 1024w, https:\/\/www.tgrthaber.com\/mavikadin\/wp-content\/uploads\/Yeni-Proje-1-14-768x432.jpg 768w\" sizes=\"(max-width: 1208px) 100vw, 1208px\" \/><\/p>\n<hr \/>\n<p>T\u00fcrk bayra\u011f\u0131na sar\u0131l\u0131 tabutu, k\u0131l\u0131nan cenaze namaz\u0131n\u0131n ard\u0131ndan Yenik\u00f6y Mezarl\u0131\u011f\u0131\u2019nda topra\u011fa verildi. Sevenleri, usta sanat\u00e7\u0131y\u0131 g\u00f6zya\u015flar\u0131 i\u00e7inde u\u011furlad\u0131<\/p>\n<h3>YILLAR \u00d6NCEK\u0130 S\u00d6ZLER\u0130 G\u00dcNDEM OLDU<\/h3>\n<p>Ferdi Tayfur\u2019un, y\u0131llar \u00f6nce bir televizyon program\u0131nda yapt\u0131\u011f\u0131 duygusal konu\u015fma, vefat\u0131n\u0131n ard\u0131ndan sosyal medyada yeniden g\u00fcndeme geldi. Sanat\u00e7\u0131n\u0131n, \u201cL\u00fctfen beni televizyonlarda g\u00f6rmedi\u011finizde unutmay\u0131n e mi?\u201d s\u00f6zleri, hayranlar\u0131n\u0131n kalbine bir kez daha dokundu.<\/p>\n<!--[if lt IE 9]><script>document.createElement('video');<\/script><![endif]-->\n\t<div class=\"wp-playlist wp-video-playlist wp-playlist-light\">\n\t\t<video controls=\"controls\" preload=\"none\" width=\"618\"\n\t\t height=\"618\"\t><\/video>\n\t<div class=\"wp-playlist-next\"><\/div>\n\t<div class=\"wp-playlist-prev\"><\/div>\n\t<noscript>\n\t<ol>\n\t\t<li><a href='https:\/\/www.tgrthaber.com\/mavikadin\/wp-content\/uploads\/ferdi.mp4'>ferdi<\/a><\/li>\t<\/ol>\n\t<\/noscript>\n\t<script type=\"application\/json\" class=\"wp-playlist-script\">{\"type\":\"video\",\"tracklist\":true,\"tracknumbers\":true,\"images\":true,\"artists\":true,\"tracks\":[{\"src\":\"https:\\\/\\\/www.tgrthaber.com\\\/mavikadin\\\/wp-content\\\/uploads\\\/ferdi.mp4\",\"type\":\"video\\\/mp4\",\"title\":\"ferdi\",\"caption\":\"\",\"description\":\"\",\"meta\":{\"length_formatted\":\"1:35\"},\"dimensions\":{\"original\":{\"width\":540,\"height\":540},\"resized\":{\"width\":618,\"height\":618}},\"image\":{\"src\":\"https:\\\/\\\/www.tgrthaber.com\\\/mavikadin\\\/wp-includes\\\/images\\\/media\\\/video.svg\",\"width\":48,\"height\":64},\"thumb\":{\"src\":\"https:\\\/\\\/www.tgrthaber.com\\\/mavikadin\\\/wp-includes\\\/images\\\/media\\\/video.svg\",\"width\":48,\"height\":64}}]}<\/script>\n<\/div>\n\t\n<h3>ORHAN GENCEBAY&#8217;DAN DUYGUSAL VEDA<\/h3>\n<p>\u00d6te yandan Ferdi Tayfur\u2019un cenaze t\u00f6reninde, yak\u0131n dostu Orhan Gencebay\u2019\u0131n yapt\u0131\u011f\u0131 konu\u015fma duygusal anlara sahne oldu. Gencebay, Tayfur\u2019un sanat hayat\u0131n\u0131 ve dostluklar\u0131n\u0131 anlatt\u0131.<\/p>\n<p>Barbaros Hayrettin Pa\u015fa Camii\u2019nde d\u00fczenlenen cenaze t\u00f6reninde k\u00fcrs\u00fcye \u00e7\u0131kan Orhan Gencebay, konu\u015fmas\u0131na Ferdi Tayfur\u2019un tabutunu \u00f6perek ba\u015flad\u0131. Gencebay, \u201cSevgili karde\u015fim \u015fu anda son yolculu\u011funa \u00e7\u0131k\u0131yor. Bu d\u00fcnyada yap\u0131lmas\u0131 gereken g\u00f6revleri en iyi \u015fekilde yapt\u0131. Halk\u0131m\u0131z ona hak etti\u011fi sevgiyi ve ilgiyi g\u00f6sterdi, \u00e7\u00fcnk\u00fc \u00e7ok g\u00fczel \u00e7al\u0131\u015fmalar yapt\u0131\u201d dedi.<\/p>\n<p><img loading=\"lazy\" decoding=\"async\" class=\"alignnone size-full wp-image-116997\" src=\"https:\/\/www.tgrthaber.com\/mavikadin\/wp-content\/uploads\/Yeni-Proje-11-4.jpg\" alt=\"\" width=\"1208\" height=\"680\" title=\"\" srcset=\"https:\/\/www.tgrthaber.com\/mavikadin\/wp-content\/uploads\/Yeni-Proje-11-4.jpg 1208w, https:\/\/www.tgrthaber.com\/mavikadin\/wp-content\/uploads\/Yeni-Proje-11-4-300x169.jpg 300w, https:\/\/www.tgrthaber.com\/mavikadin\/wp-content\/uploads\/Yeni-Proje-11-4-1024x576.jpg 1024w, https:\/\/www.tgrthaber.com\/mavikadin\/wp-content\/uploads\/Yeni-Proje-11-4-768x432.jpg 768w\" sizes=\"(max-width: 1208px) 100vw, 1208px\" \/><\/p>\n<hr \/>\n<p>Gencebay, 70\u2019li y\u0131llarda Ferdi Tayfur ile aralar\u0131n\u0131 a\u00e7mak i\u00e7in yap\u0131lan manip\u00fclasyonlar\u0131 \u015fu s\u00f6zlerle dile getirdi: \u201cBizi 70&#8217;li y\u0131llarda \u00f6yle bir hale getirdiler ki, \u2018Ferdici, Orhanc\u0131\u2019 diye ayr\u0131\u015ft\u0131rmaya \u00e7al\u0131\u015ft\u0131lar. Hatta baz\u0131 t\u00fcrk\u00fcleri sa\u011fc\u0131, solcu diye ay\u0131rmaya kalkt\u0131lar. Ama biz hi\u00e7bir zaman bu oyunlara inanmad\u0131k ve her zaman birbirimizi sevdik.\u201d<\/p>\n","protected":false},"excerpt":{"rendered":"<p>T\u00fcrk m\u00fczi\u011finin efsane isimlerinden Ferdi Tayfur, 2 Ocak\u2019ta hayat\u0131n\u0131 kaybetti. Sanat\u00e7\u0131n\u0131n cenaze t\u00f6reni, sanat ve siyaset d\u00fcnyas\u0131ndan bir\u00e7ok ismin kat\u0131l\u0131m\u0131yla ger\u00e7ekle\u015fti. Vefat\u0131n\u0131n ard\u0131ndan, y\u0131llar \u00f6nce bir televizyon program\u0131nda s\u00f6yledi\u011fi \u201cBeni unutmay\u0131n e mi?\u201d s\u00f6zleri g\u00fcndem oldu.<\/p>\n","protected":false},"author":4,"featured_media":116993,"comment_status":"closed","ping_status":"closed","sticky":false,"template":"","format":"standard","meta":{"rank_math_lock_modified_date":false,"footnotes":""},"categories":[76],"tags":[6974,4326],"class_list":["post-116990","post","type-post","status-publish","format-standard","has-post-thumbnail","hentry","category-magazin","tag-cenaze","tag-ferdi-tayfur"],"_links":{"self":[{"href":"https:\/\/www.tgrthaber.com\/mavikadin\/wp-json\/wp\/v2\/posts\/116990"}],"collection":[{"href":"https:\/\/www.tgrthaber.com\/mavikadin\/wp-json\/wp\/v2\/posts"}],"about":[{"href":"https:\/\/www.tgrthaber.com\/mavikadin\/wp-json\/wp\/v2\/types\/post"}],"author":[{"embeddable":true,"href":"https:\/\/www.tgrthaber.com\/mavikadin\/wp-json\/wp\/v2\/users\/4"}],"replies":[{"embeddable":true,"href":"https:\/\/www.tgrthaber.com\/mavikadin\/wp-json\/wp\/v2\/comments?post=116990"}],"version-history":[{"count":4,"href":"https:\/\/www.tgrthaber.com\/mavikadin\/wp-json\/wp\/v2\/posts\/116990\/revisions"}],"predecessor-version":[{"id":116998,"href":"https:\/\/www.tgrthaber.com\/mavikadin\/wp-json\/wp\/v2\/posts\/116990\/revisions\/116998"}],"wp:featuredmedia":[{"embeddable":true,"href":"https:\/\/www.tgrthaber.com\/mavikadin\/wp-json\/wp\/v2\/media\/116993"}],"wp:attachment":[{"href":"https:\/\/www.tgrthaber.com\/mavikadin\/wp-json\/wp\/v2\/media?parent=116990"}],"wp:term":[{"taxonomy":"category","embeddable":true,"href":"https:\/\/www.tgrthaber.com\/mavikadin\/wp-json\/wp\/v2\/categories?post=116990"},{"taxonomy":"post_tag","embeddable":true,"href":"https:\/\/www.tgrthaber.com\/mavikadin\/wp-json\/wp\/v2\/tags?post=116990"}],"curies":[{"name":"wp","href":"https:\/\/api.w.org\/{rel}","templated":true}]}}