{"id":117110,"date":"2025-01-05T01:47:28","date_gmt":"2025-01-04T22:47:28","guid":{"rendered":"https:\/\/www.tgrthaber.com\/mavikadin\/?p=117110"},"modified":"2025-01-05T09:09:27","modified_gmt":"2025-01-05T06:09:27","slug":"mira-dizisinde-nehir-erdoganin-partneri-yigit-ozsener-oldu","status":"publish","type":"post","link":"https:\/\/www.tgrthaber.com\/mavikadin\/mira-dizisinde-nehir-erdoganin-partneri-yigit-ozsener-oldu\/","title":{"rendered":"Mira dizisinde Nehir Erdo\u011fan&#8217;\u0131n partneri Yi\u011fit \u00d6z\u015fener oldu"},"content":{"rendered":"<p>Haz\u0131rl\u0131klar\u0131 tamamlanan Mira dizisinin \u00e7ekimleri bug\u00fcn ba\u015flayacak. Mira, bo\u015fand\u0131ktan sonra hayat\u0131n\u0131 yeniden in\u015fa etmeye \u00e7al\u0131\u015fan bir kad\u0131n\u0131n e\u011flenceli ve ilham veren hik\u00e2yesini konu al\u0131yor. Ba\u015frolde Nehir Erdo\u011fan ve y\u0131llar sonra yeniden ekranlarda bulu\u015ftu\u011fu partneri Yi\u011fit \u00d6z\u015fener yer al\u0131yor.<\/p>\n<p>Bu ikili, daha \u00f6nce 2012 yap\u0131m\u0131 \u201cSon\u201d dizisinde de birlikte rol alm\u0131\u015f ve uyumlar\u0131yla b\u00fcy\u00fck be\u011feni toplam\u0131\u015ft\u0131. Yeni projede Yi\u011fit \u00d6z\u015fener, Polat karakterine hayat verecek. Nehir Erdo\u011fan ile ba\u015far\u0131l\u0131 bir enerji yakalamalar\u0131 beklenen \u00d6z\u015fener, son olarak Prime Video\u2019nun \u201cGizli Dolap\u201d filminde Beren Saat ve Furkan And\u0131\u00e7 ile ba\u015frol\u00fc payla\u015fm\u0131\u015ft\u0131.<\/p>\n<h3>M\u0130RA D\u0130Z\u0130S\u0130 KONUSU NED\u0130R?<\/h3>\n<p>Mira, hayata kar\u015f\u0131 g\u00fc\u00e7l\u00fc durmay\u0131 \u00f6\u011frenen bir kad\u0131n\u0131n hikayesini, mizahi ve duygusal bir anlat\u0131mla ekrana ta\u015f\u0131yacak. BKM\u2019nin yap\u0131mc\u0131l\u0131\u011f\u0131n\u0131 \u00fcstlendi\u011fi Mira dizisinin yay\u0131n platformu hen\u00fcz a\u00e7\u0131klanmad\u0131, ancak g\u00fc\u00e7l\u00fc kadrosu \u015fimdiden b\u00fcy\u00fck bir merak uyand\u0131r\u0131yor.<\/p>\n<p><img loading=\"lazy\" decoding=\"async\" class=\"alignnone size-full wp-image-117112\" src=\"https:\/\/www.tgrthaber.com\/mavikadin\/wp-content\/uploads\/Yeni-Proje-10-4-1.jpg\" alt=\"\" width=\"1208\" height=\"680\" title=\"\" srcset=\"https:\/\/www.tgrthaber.com\/mavikadin\/wp-content\/uploads\/Yeni-Proje-10-4-1.jpg 1208w, https:\/\/www.tgrthaber.com\/mavikadin\/wp-content\/uploads\/Yeni-Proje-10-4-1-300x169.jpg 300w, https:\/\/www.tgrthaber.com\/mavikadin\/wp-content\/uploads\/Yeni-Proje-10-4-1-1024x576.jpg 1024w, https:\/\/www.tgrthaber.com\/mavikadin\/wp-content\/uploads\/Yeni-Proje-10-4-1-768x432.jpg 768w\" sizes=\"(max-width: 1208px) 100vw, 1208px\" \/><\/p>\n<hr \/>\n<h3>Y\u0130\u011e\u0130T \u00d6Z\u015eENER K\u0130MD\u0130R?<\/h3>\n<p>Yi\u011fit \u00d6z\u015fener, T\u00fcrk televizyon ve sinema d\u00fcnyas\u0131n\u0131n ba\u015far\u0131l\u0131 isimlerinden biridir. Y\u0131ld\u0131z Teknik \u00dcniversitesi Elektronik ve Haberle\u015fme M\u00fchendisli\u011fi mezunu olan oyuncu, oyunculuk e\u011fitimine Studio Oyuncular\u0131 Toplulu\u011fu ile ba\u015flad\u0131. Tiyatro kariyerine \u015eahika Tekand&#8217;\u0131n y\u00f6netti\u011fi \u201cGergedanla\u015fma\u201d ile ad\u0131m att\u0131 ve o zamandan beri bir\u00e7ok \u00f6nemli yap\u0131mda rol ald\u0131.<\/p>\n<p><img loading=\"lazy\" decoding=\"async\" class=\"alignnone size-full wp-image-117113\" src=\"https:\/\/www.tgrthaber.com\/mavikadin\/wp-content\/uploads\/Yeni-Proje-30-2.jpg\" alt=\"\" width=\"1208\" height=\"680\" title=\"\" srcset=\"https:\/\/www.tgrthaber.com\/mavikadin\/wp-content\/uploads\/Yeni-Proje-30-2.jpg 1208w, https:\/\/www.tgrthaber.com\/mavikadin\/wp-content\/uploads\/Yeni-Proje-30-2-300x169.jpg 300w, https:\/\/www.tgrthaber.com\/mavikadin\/wp-content\/uploads\/Yeni-Proje-30-2-1024x576.jpg 1024w, https:\/\/www.tgrthaber.com\/mavikadin\/wp-content\/uploads\/Yeni-Proje-30-2-768x432.jpg 768w\" sizes=\"(max-width: 1208px) 100vw, 1208px\" \/><\/p>\n<hr \/>\n<p>Yi\u011fit \u00d6z\u015fener\u2019in televizyon d\u00fcnyas\u0131nda en \u00e7ok dikkat \u00e7eken projelerinden biri, Cengiz Atay karakterine hayat verdi\u011fi \u201cEzel\u201d dizisiydi. Ayr\u0131ca \u201cBozk\u0131r,\u201d \u201cBarbaroslar: Akdeniz\u2019in K\u0131l\u0131c\u0131,\u201d \u201cCesur ve G\u00fczel,\u201d gibi dizilerdeki performanslar\u0131yla ad\u0131ndan s\u00f6z ettirdi.<\/p>\n<p>Sinema kariyerinde ise \u201cA\u015fk Tesad\u00fcfleri Sever,\u201d \u201cKaybedenler Kul\u00fcb\u00fc,\u201d ve \u201cDedemin \u0130nsanlar\u0131\u201d gibi projelerde yer ald\u0131. \u00d6zellikle \u201cKaybedenler Kul\u00fcb\u00fc\u201d film serisindeki Mete rol\u00fcyle b\u00fcy\u00fck be\u011feni toplad\u0131.<\/p>\n<p><img loading=\"lazy\" decoding=\"async\" class=\"alignnone size-full wp-image-117114\" src=\"https:\/\/www.tgrthaber.com\/mavikadin\/wp-content\/uploads\/Yeni-Proje-31-2.jpg\" alt=\"\" width=\"1208\" height=\"680\" title=\"\" srcset=\"https:\/\/www.tgrthaber.com\/mavikadin\/wp-content\/uploads\/Yeni-Proje-31-2.jpg 1208w, https:\/\/www.tgrthaber.com\/mavikadin\/wp-content\/uploads\/Yeni-Proje-31-2-300x169.jpg 300w, https:\/\/www.tgrthaber.com\/mavikadin\/wp-content\/uploads\/Yeni-Proje-31-2-1024x576.jpg 1024w, https:\/\/www.tgrthaber.com\/mavikadin\/wp-content\/uploads\/Yeni-Proje-31-2-768x432.jpg 768w\" sizes=\"(max-width: 1208px) 100vw, 1208px\" \/><\/p>\n","protected":false},"excerpt":{"rendered":"<p>Meltem Bozoflu\u2019nun yaz\u0131p y\u00f6netti\u011fi, BKM imzal\u0131 yeni dijital dizi Mira, Yi\u011fit \u00d6z\u015fener ve Nehir Erdo\u011fan\u2019\u0131 y\u0131llar sonra yeniden ayn\u0131 projede bir araya getiriyor.<\/p>\n","protected":false},"author":4,"featured_media":117111,"comment_status":"closed","ping_status":"closed","sticky":false,"template":"","format":"standard","meta":{"rank_math_lock_modified_date":false,"footnotes":""},"categories":[602],"tags":[6799,7031],"class_list":["post-117110","post","type-post","status-publish","format-standard","has-post-thumbnail","hentry","category-diziler","tag-nehir-erdogan","tag-yigit-ozsener"],"_links":{"self":[{"href":"https:\/\/www.tgrthaber.com\/mavikadin\/wp-json\/wp\/v2\/posts\/117110"}],"collection":[{"href":"https:\/\/www.tgrthaber.com\/mavikadin\/wp-json\/wp\/v2\/posts"}],"about":[{"href":"https:\/\/www.tgrthaber.com\/mavikadin\/wp-json\/wp\/v2\/types\/post"}],"author":[{"embeddable":true,"href":"https:\/\/www.tgrthaber.com\/mavikadin\/wp-json\/wp\/v2\/users\/4"}],"replies":[{"embeddable":true,"href":"https:\/\/www.tgrthaber.com\/mavikadin\/wp-json\/wp\/v2\/comments?post=117110"}],"version-history":[{"count":3,"href":"https:\/\/www.tgrthaber.com\/mavikadin\/wp-json\/wp\/v2\/posts\/117110\/revisions"}],"predecessor-version":[{"id":117117,"href":"https:\/\/www.tgrthaber.com\/mavikadin\/wp-json\/wp\/v2\/posts\/117110\/revisions\/117117"}],"wp:featuredmedia":[{"embeddable":true,"href":"https:\/\/www.tgrthaber.com\/mavikadin\/wp-json\/wp\/v2\/media\/117111"}],"wp:attachment":[{"href":"https:\/\/www.tgrthaber.com\/mavikadin\/wp-json\/wp\/v2\/media?parent=117110"}],"wp:term":[{"taxonomy":"category","embeddable":true,"href":"https:\/\/www.tgrthaber.com\/mavikadin\/wp-json\/wp\/v2\/categories?post=117110"},{"taxonomy":"post_tag","embeddable":true,"href":"https:\/\/www.tgrthaber.com\/mavikadin\/wp-json\/wp\/v2\/tags?post=117110"}],"curies":[{"name":"wp","href":"https:\/\/api.w.org\/{rel}","templated":true}]}}