{"id":117229,"date":"2025-01-05T16:31:08","date_gmt":"2025-01-05T13:31:08","guid":{"rendered":"https:\/\/www.tgrthaber.com\/mavikadin\/?p=117229"},"modified":"2025-01-05T16:33:08","modified_gmt":"2025-01-05T13:33:08","slug":"sakir-pasa-ailesi-dizisinin-oyunculari-sete-geri-dondu-yangin-sonrasi-ara-verilen-cekimlere-yeniden-baslandi","status":"publish","type":"post","link":"https:\/\/www.tgrthaber.com\/mavikadin\/sakir-pasa-ailesi-dizisinin-oyunculari-sete-geri-dondu-yangin-sonrasi-ara-verilen-cekimlere-yeniden-baslandi\/","title":{"rendered":"\u015eakir Pa\u015fa Ailesi dizisinin oyuncular\u0131 sete geri d\u00f6nd\u00fc! Yang\u0131n sonras\u0131 ara verilen \u00e7ekimlere yeniden ba\u015fland\u0131"},"content":{"rendered":"<p>\u015eakir Pa\u015fa Ailesi: Mucizeler ve Skandallar dizisinin \u00e7ekildi\u011fi platoda ge\u00e7ti\u011fimiz haftalarda gece ge\u00e7 saatlerde yang\u0131n \u00e7\u0131km\u0131\u015ft\u0131. Bunun \u00fczerine dizinin resmi sosyal medya hesaplar\u0131ndan a\u00e7\u0131klama yap\u0131lm\u0131\u015f ve dizinin birka\u00e7 hafta yay\u0131nda olmayaca\u011f\u0131 \u00f6\u011frenilmi\u015fti. Bir s\u00fcre ekranlara veda eden \u015eakir Pa\u015fa Ailesi dizisinin yang\u0131n sonras\u0131 ara verilen \u00e7ekimlerine yeniden ba\u015fland\u0131. \u0130\u015fte dizinin gidi\u015fat\u0131 hakk\u0131nda merak edilenler\u2026<\/p>\n<h3>\u015eAK\u0130R PA\u015eA A\u0130LES\u0130 D\u0130Z\u0130S\u0130N\u0130N F\u0130LM PLATOSU YANMI\u015eTI!<\/h3>\n<p>NOW TV ekranlar\u0131n\u0131n ilgiyle takip edilen \u015eakir Pa\u015fa Ailesi: Mucizeler ve Skandallar dizisinden ge\u00e7ti\u011fimiz haftalarda \u00fcz\u00fcc\u00fc bir haber gelmi\u015fti. Dizinin Kartal\u2019da Nam\u0131k Kemal Caddesi\u2019nde bulunan film platosunda gece ge\u00e7 saatlerde b\u00fcy\u00fck bir yang\u0131n \u00e7\u0131kt\u0131\u011f\u0131 ve \u015eakir Pa\u015fa K\u00f6\u015fk\u00fc\u2019n\u00fcn tamamen yand\u0131\u011f\u0131 \u00f6\u011frenilmi\u015fti.<\/p>\n<p><img loading=\"lazy\" decoding=\"async\" class=\"alignnone wp-image-117232\" src=\"https:\/\/www.tgrthaber.com\/mavikadin\/wp-content\/uploads\/Adsiz-tasarim-50-11-1024x576.jpg\" alt=\"\u015eakir Pa\u015fa Ailesi dizisi sete geri d\u00f6nd\u00fc! \" width=\"1208\" height=\"680\" title=\"\" srcset=\"https:\/\/www.tgrthaber.com\/mavikadin\/wp-content\/uploads\/Adsiz-tasarim-50-11-1024x576.jpg 1024w, https:\/\/www.tgrthaber.com\/mavikadin\/wp-content\/uploads\/Adsiz-tasarim-50-11-300x169.jpg 300w, https:\/\/www.tgrthaber.com\/mavikadin\/wp-content\/uploads\/Adsiz-tasarim-50-11-768x432.jpg 768w, https:\/\/www.tgrthaber.com\/mavikadin\/wp-content\/uploads\/Adsiz-tasarim-50-11-1536x864.jpg 1536w, https:\/\/www.tgrthaber.com\/mavikadin\/wp-content\/uploads\/Adsiz-tasarim-50-11.jpg 1600w\" sizes=\"(max-width: 1208px) 100vw, 1208px\" \/><\/p>\n<hr \/>\n<p>Yo\u011fun bir izleyici kitlesine sahip olan dizinin resmi Instagram hesab\u0131ndan bir a\u00e7\u0131klama yap\u0131lm\u0131\u015ft\u0131. Yap\u0131lan a\u00e7\u0131klamada dizinin \u00e7ekimlerinin durduruldu\u011fu ve bir s\u00fcre ekranlara ara verdi\u011fi bilgisi edinilmi\u015fti.<\/p>\n<h3>\u015eAK\u0130R PA\u015eA A\u0130LES\u0130 D\u0130Z\u0130S\u0130N\u0130N OYUNCULARI SETE GER\u0130 D\u00d6ND\u00dc!<\/h3>\n<p>Ge\u00e7ti\u011fimiz haftalarda y\u0131l\u0131n sonlar\u0131na do\u011fru \u00fcst \u00fcste talihsiz olaylarla kar\u015f\u0131 kar\u015f\u0131ya kalan MedYap\u0131m imzal\u0131 ekranlar\u0131n sevilen dizisi \u015eakir Pa\u015fa Ailesi\u2019nin yang\u0131n sonras\u0131 ara verilen \u00e7ekimlerine yeniden ba\u015fland\u0131. NOW TV ekranlar\u0131n\u0131n iddial\u0131 dizileri aras\u0131nda yer alan \u015eakir Pa\u015fa Ailesi\u2019nin d\u0131\u015f mekan \u00e7ekimlerine ba\u015fland\u0131.<\/p>\n<p><img loading=\"lazy\" decoding=\"async\" class=\"alignnone wp-image-117234\" src=\"https:\/\/www.tgrthaber.com\/mavikadin\/wp-content\/uploads\/Adsiz-tasarim-51-8-1024x576.jpg\" alt=\"\u015eakir Pa\u015fa Ailesi dizisi sete geri d\u00f6nd\u00fc! \" width=\"1208\" height=\"680\" title=\"\" srcset=\"https:\/\/www.tgrthaber.com\/mavikadin\/wp-content\/uploads\/Adsiz-tasarim-51-8-1024x576.jpg 1024w, https:\/\/www.tgrthaber.com\/mavikadin\/wp-content\/uploads\/Adsiz-tasarim-51-8-300x169.jpg 300w, https:\/\/www.tgrthaber.com\/mavikadin\/wp-content\/uploads\/Adsiz-tasarim-51-8-768x432.jpg 768w, https:\/\/www.tgrthaber.com\/mavikadin\/wp-content\/uploads\/Adsiz-tasarim-51-8-1536x864.jpg 1536w, https:\/\/www.tgrthaber.com\/mavikadin\/wp-content\/uploads\/Adsiz-tasarim-51-8.jpg 1600w\" sizes=\"(max-width: 1208px) 100vw, 1208px\" \/><\/p>\n<hr \/>\n<p>Son d\u00f6nemin olduk\u00e7a iddial\u0131 dizileri aras\u0131nda yer alan \u015eakir Pa\u015fa Ailesi: Mucizeler ve Skandallar en \u00e7ok konu\u015fulan diziler aras\u0131na ad\u0131n\u0131 yazd\u0131rd\u0131. Dizinin \u00e7ekimlerine ara verilmesi hem oyuncular\u0131 hem de seyirciyi \u00fczm\u00fc\u015ft\u00fc. Fakat dizi setinden m\u00fcjdeli haber geldi. \u015eakir Pa\u015fa Ailesi dizisinin \u00e7ekimleri yeniden ba\u015flad\u0131. \u00c7ekimlere yeniden ba\u015flan\u0131lan dizinin gidi\u015fat\u0131 ise seyirci taraf\u0131ndan merakla bekleniyor. Bakal\u0131m dizinin ilerleyen b\u00f6l\u00fcmlerinde ne gibi geli\u015fmelerle kar\u015f\u0131 kar\u015f\u0131ya kalaca\u011f\u0131z.<\/p>\n<p><img loading=\"lazy\" decoding=\"async\" class=\"alignnone wp-image-117237\" src=\"https:\/\/www.tgrthaber.com\/mavikadin\/wp-content\/uploads\/Adsiz-tasarim-56-5-1024x576.jpg\" alt=\"\u015eakir Pa\u015fa Ailesi dizisi sete geri d\u00f6nd\u00fc! \" width=\"1208\" height=\"680\" title=\"\" srcset=\"https:\/\/www.tgrthaber.com\/mavikadin\/wp-content\/uploads\/Adsiz-tasarim-56-5-1024x576.jpg 1024w, https:\/\/www.tgrthaber.com\/mavikadin\/wp-content\/uploads\/Adsiz-tasarim-56-5-300x169.jpg 300w, https:\/\/www.tgrthaber.com\/mavikadin\/wp-content\/uploads\/Adsiz-tasarim-56-5-768x432.jpg 768w, https:\/\/www.tgrthaber.com\/mavikadin\/wp-content\/uploads\/Adsiz-tasarim-56-5-1536x864.jpg 1536w, https:\/\/www.tgrthaber.com\/mavikadin\/wp-content\/uploads\/Adsiz-tasarim-56-5.jpg 1600w\" sizes=\"(max-width: 1208px) 100vw, 1208px\" \/><\/p>\n<hr \/>\n<h3>RT\u00dcK\u2019TEN \u015eAK\u0130R PA\u015eA A\u0130LES\u0130NE CEZA GELM\u0130\u015eT\u0130!<\/h3>\n<p>Yay\u0131mland\u0131\u011f\u0131 g\u00fcnden bu yana talihsiz olaylarla kar\u015f\u0131 kar\u015f\u0131ya kalan NOW TV ekranlar\u0131n\u0131n sevilen dizisi \u015eakir Pa\u015fa Ailesi, \u00f6nce \u015eakir Pa\u015fa Ailesi\u2019nin torunlar\u0131ndan bir darbe yemi\u015fti. \u015eakir Pa\u015fa Ailesi\u2019nin torunlar\u0131 \u201cDizi bizden izin al\u0131nmadan \u00e7ekiliyor\u201d diyerek bas\u0131n a\u00e7\u0131klamas\u0131 yapm\u0131\u015f, pa\u015fan\u0131n torununun \u00e7ocu\u011fu ise \u201cYay\u0131n\u0131n durdurulmas\u0131 i\u00e7in\u201d mahkemeye ba\u015fvurmu\u015ftu.<\/p>\n<p><img loading=\"lazy\" decoding=\"async\" class=\"alignnone wp-image-117236\" src=\"https:\/\/www.tgrthaber.com\/mavikadin\/wp-content\/uploads\/Adsiz-tasarim-52-9-1024x576.jpg\" alt=\"\u015eakir Pa\u015fa Ailesi dizisi sete geri d\u00f6nd\u00fc! \" width=\"1208\" height=\"680\" title=\"\" srcset=\"https:\/\/www.tgrthaber.com\/mavikadin\/wp-content\/uploads\/Adsiz-tasarim-52-9-1024x576.jpg 1024w, https:\/\/www.tgrthaber.com\/mavikadin\/wp-content\/uploads\/Adsiz-tasarim-52-9-300x169.jpg 300w, https:\/\/www.tgrthaber.com\/mavikadin\/wp-content\/uploads\/Adsiz-tasarim-52-9-768x432.jpg 768w, https:\/\/www.tgrthaber.com\/mavikadin\/wp-content\/uploads\/Adsiz-tasarim-52-9-1536x864.jpg 1536w, https:\/\/www.tgrthaber.com\/mavikadin\/wp-content\/uploads\/Adsiz-tasarim-52-9.jpg 1600w\" sizes=\"(max-width: 1208px) 100vw, 1208px\" \/><\/p>\n<hr \/>\n<p>Daha sonra dizinin Kartal\u2019da 1200 m2\u2019lik platoya 44 ki\u015filik ekip taraf\u0131ndan kurulan ve ailenin hikayesinin \u00f6nemli bir b\u00f6l\u00fcm\u00fcn\u00fcn ge\u00e7ti\u011fi B\u00fcy\u00fckada\u2019daki tarihi k\u00f6\u015fk\u00fcn yeniden tasarland\u0131\u011f\u0131 dekor gece yar\u0131s\u0131 \u00e7\u0131kan yang\u0131nda k\u00fcl olmu\u015ftu. Buda yetmemi\u015f dizi yang\u0131n olaylar\u0131ndan hemen sonra RT\u00dcK taraf\u0131ndan \u201cmahrem alanlar\u0131n korunmad\u0131\u011f\u0131, \u00e7arp\u0131k ili\u015fkiler ve cinsellik i\u00e7eren sahnelerle ayk\u0131r\u0131 unsurlar i\u00e7erdi\u011fi gerek\u00e7esiyle\u201d \u015eakir Pa\u015fa Ailesi dizisine y\u00fczde 3 para cezas\u0131 vermi\u015fti.<\/p>\n<p><img loading=\"lazy\" decoding=\"async\" class=\"alignnone wp-image-117238\" src=\"https:\/\/www.tgrthaber.com\/mavikadin\/wp-content\/uploads\/Adsiz-tasarim-55-9-1024x576.jpg\" alt=\"\u015eakir Pa\u015fa Ailesi dizisi sete geri d\u00f6nd\u00fc! \" width=\"1208\" height=\"680\" title=\"\" srcset=\"https:\/\/www.tgrthaber.com\/mavikadin\/wp-content\/uploads\/Adsiz-tasarim-55-9-1024x576.jpg 1024w, https:\/\/www.tgrthaber.com\/mavikadin\/wp-content\/uploads\/Adsiz-tasarim-55-9-300x169.jpg 300w, https:\/\/www.tgrthaber.com\/mavikadin\/wp-content\/uploads\/Adsiz-tasarim-55-9-768x432.jpg 768w, https:\/\/www.tgrthaber.com\/mavikadin\/wp-content\/uploads\/Adsiz-tasarim-55-9-1536x864.jpg 1536w, https:\/\/www.tgrthaber.com\/mavikadin\/wp-content\/uploads\/Adsiz-tasarim-55-9.jpg 1600w\" sizes=\"(max-width: 1208px) 100vw, 1208px\" \/><\/p>\n<hr \/>\n<p>Son olarak 3. b\u00f6l\u00fcm\u00fcyle izleyici kar\u015f\u0131s\u0131na ge\u00e7en \u015eakir Pa\u015fa Ailesi, yay\u0131mlanan son b\u00f6l\u00fcm\u00fcyle b\u00fcy\u00fck bir \u00e7\u0131k\u0131\u015f yapm\u0131\u015f ve reytinglerini art\u0131rm\u0131\u015ft\u0131. \u00c7ekimlerine birka\u00e7 haftad\u0131r ara verilen dizinin K\u00f6\u015fk dekoru in\u015faat\u0131 yeniden ba\u015flad\u0131 ve oyuncular harici mek\u00e2n \u00e7ekimleriyle sete geri d\u00f6nd\u00fc.<\/p>\n<p><img loading=\"lazy\" decoding=\"async\" class=\"alignnone wp-image-117239\" src=\"https:\/\/www.tgrthaber.com\/mavikadin\/wp-content\/uploads\/Adsiz-tasarim-54-9-1024x576.jpg\" alt=\"\u015eakir Pa\u015fa Ailesi dizisi sete geri d\u00f6nd\u00fc! \" width=\"1208\" height=\"680\" title=\"\" srcset=\"https:\/\/www.tgrthaber.com\/mavikadin\/wp-content\/uploads\/Adsiz-tasarim-54-9-1024x576.jpg 1024w, https:\/\/www.tgrthaber.com\/mavikadin\/wp-content\/uploads\/Adsiz-tasarim-54-9-300x169.jpg 300w, https:\/\/www.tgrthaber.com\/mavikadin\/wp-content\/uploads\/Adsiz-tasarim-54-9-768x432.jpg 768w, https:\/\/www.tgrthaber.com\/mavikadin\/wp-content\/uploads\/Adsiz-tasarim-54-9-1536x864.jpg 1536w, https:\/\/www.tgrthaber.com\/mavikadin\/wp-content\/uploads\/Adsiz-tasarim-54-9.jpg 1600w\" sizes=\"(max-width: 1208px) 100vw, 1208px\" \/><\/p>\n<hr \/>\n<h3>\u015eAK\u0130R PA\u015eA A\u0130LES\u0130 \u0130ZLEY\u0130C\u0130S\u0130NE S\u00dcRPR\u0130Z!<\/h3>\n<p>Birsen Altunta\u015f\u2019\u0131n haberine g\u00f6re, ya\u015fanan olumsuz geli\u015fmelerin ard\u0131ndan yap\u0131m \u015firketinin izleyiciye 12 Ocak Pazar g\u00fcn\u00fc bir s\u00fcrpriz yapmaya haz\u0131rland\u0131\u011f\u0131 da kulislerde konu\u015fuluyor. Dizi hem konusuyla hem de ba\u015far\u0131l\u0131 oyuncu kadrosuyla seyirciyi etkilemeyi ba\u015far\u0131yor. Dizinin oyuncular\u0131 aras\u0131nda ise birbirinden ba\u015far\u0131l\u0131 isimler yer al\u0131yor. \u00c7ekimlerine ba\u015flanan dizinin ilerleyen b\u00f6l\u00fcmlerdeki gidi\u015fat\u0131 da izleyici taraf\u0131ndan merak ediliyor.<\/p>\n","protected":false},"excerpt":{"rendered":"<p>\u015eakir Pa\u015fa Ailesi dizisinin \u00e7ekimleri yeniden ba\u015flad\u0131! Dizinin \u00e7ekimlerine yang\u0131ndan dolay\u0131 ara verilmi\u015fti. \u0130\u015fte dizinin gidi\u015fat\u0131 hakk\u0131nda detaylar\u2026 <\/p>\n","protected":false},"author":26,"featured_media":117235,"comment_status":"closed","ping_status":"closed","sticky":false,"template":"","format":"standard","meta":{"rank_math_lock_modified_date":false,"footnotes":""},"categories":[602],"tags":[2324,2963],"class_list":["post-117229","post","type-post","status-publish","format-standard","has-post-thumbnail","hentry","category-diziler","tag-sakir-pasa-ailesi","tag-sakir-pasa-ailesi-mucizeler-ve-skandallar"],"_links":{"self":[{"href":"https:\/\/www.tgrthaber.com\/mavikadin\/wp-json\/wp\/v2\/posts\/117229"}],"collection":[{"href":"https:\/\/www.tgrthaber.com\/mavikadin\/wp-json\/wp\/v2\/posts"}],"about":[{"href":"https:\/\/www.tgrthaber.com\/mavikadin\/wp-json\/wp\/v2\/types\/post"}],"author":[{"embeddable":true,"href":"https:\/\/www.tgrthaber.com\/mavikadin\/wp-json\/wp\/v2\/users\/26"}],"replies":[{"embeddable":true,"href":"https:\/\/www.tgrthaber.com\/mavikadin\/wp-json\/wp\/v2\/comments?post=117229"}],"version-history":[{"count":2,"href":"https:\/\/www.tgrthaber.com\/mavikadin\/wp-json\/wp\/v2\/posts\/117229\/revisions"}],"predecessor-version":[{"id":117241,"href":"https:\/\/www.tgrthaber.com\/mavikadin\/wp-json\/wp\/v2\/posts\/117229\/revisions\/117241"}],"wp:featuredmedia":[{"embeddable":true,"href":"https:\/\/www.tgrthaber.com\/mavikadin\/wp-json\/wp\/v2\/media\/117235"}],"wp:attachment":[{"href":"https:\/\/www.tgrthaber.com\/mavikadin\/wp-json\/wp\/v2\/media?parent=117229"}],"wp:term":[{"taxonomy":"category","embeddable":true,"href":"https:\/\/www.tgrthaber.com\/mavikadin\/wp-json\/wp\/v2\/categories?post=117229"},{"taxonomy":"post_tag","embeddable":true,"href":"https:\/\/www.tgrthaber.com\/mavikadin\/wp-json\/wp\/v2\/tags?post=117229"}],"curies":[{"name":"wp","href":"https:\/\/api.w.org\/{rel}","templated":true}]}}