{"id":117316,"date":"2025-01-05T20:25:12","date_gmt":"2025-01-05T17:25:12","guid":{"rendered":"https:\/\/www.tgrthaber.com\/mavikadin\/?p=117316"},"modified":"2025-01-05T20:30:22","modified_gmt":"2025-01-05T17:30:22","slug":"ferdi-tayfurun-ailesiyle-ilgili-yaptigi-konusma-yeniden-gundem-oldu","status":"publish","type":"post","link":"https:\/\/www.tgrthaber.com\/mavikadin\/ferdi-tayfurun-ailesiyle-ilgili-yaptigi-konusma-yeniden-gundem-oldu\/","title":{"rendered":"Ferdi Tayfur&#8217;un ailesiyle ilgili yapt\u0131\u011f\u0131 konu\u015fma yeniden g\u00fcndem oldu!"},"content":{"rendered":"<p>\u00dcnl\u00fc sanat\u00e7\u0131 Ferdi Tayfur\u2019un d\u00fcn cenaze t\u00f6reninde ya\u015fanan gerilim g\u00fcndeme bomba gibi d\u00fc\u015fm\u00fc\u015ft\u00fc. K\u0131z\u0131 Tu\u011f\u00e7e Tayfur ve ye\u011feni \u015eirin G\u00f6zal\u0131c\u0131 aras\u0131nda \u00e7\u0131kan tart\u0131\u015fma, sosyal medyada geni\u015f yank\u0131 buldu. Bu olay\u0131n ard\u0131ndan ise Ferdi Tayfur&#8217;un y\u0131llar \u00f6nce Necla Naz\u0131r ve k\u0131z\u0131 Tu\u011f\u00e7e Tayfur i\u00e7in yapm\u0131\u015f oldu\u011fu a\u00e7\u0131klamalar tekrar g\u00fcndeme geldi. S\u00f6z konusu kavgan\u0131n ve ya\u015fanan polemi\u011fin ard\u0131ndan da Necla Naz\u0131r a\u00e7\u0131klamalarda bulunmu\u015ftu.<\/p>\n<h3>\u201cB\u0130Z\u0130M K\u0130MSEYLE B\u0130R ALIP VEREMED\u0130\u011e\u0130M\u0130Z YOK\u201d<\/h3>\n<p>Ferdi Tayfur\u2019un eksi e\u015fi Necla Naz\u0131r\u2019\u0131n cenaze de k\u0131z\u0131 Tu\u011f\u00e7e Tayfur\u2019a yap\u0131lan s\u00f6ylemlerle ilgili a\u00e7\u0131klamalarda bulunmu\u015ftu. Necla Naz\u0131r, &#8220;Ben Ferdi Tayfur sevenlerine \u015funu s\u00f6ylemek istiyorum; oradan birisi ba\u011f\u0131rd\u0131 &#8216;Hastaneye niye gelmediniz?&#8217; diye&#8230; Niye gelmedi\u011fimiz \u00e7ok a\u00e7\u0131k olarak g\u00f6r\u00fcld\u00fc zaten. Ben art\u0131k i\u00e7i \u00e7\u00fcr\u00fcm\u00fc\u015f insanlarla nas\u0131l u\u011fra\u015fay\u0131m yavrum? Cenazede bunu yapt\u0131lar&#8230; Biz hastaneye nas\u0131l gidelim? Hastanede de olay \u00e7\u0131kartacaklard\u0131. \u0130nsanlar ya\u015fad\u0131\u011f\u0131m\u0131z \u015feyin i\u00e7 y\u00fcz\u00fcn\u00fc bilmiyorlar. Ezbere konu\u015fuluyor. Ne yay\u0131nl\u0131yorlarsa, ona kar\u015f\u0131l\u0131k cevap oluyor. Biz s\u00fcrekli suskun kald\u0131k. Bizim kimseyle bir al\u0131p veremedi\u011fimiz yok. Benim \u00e7ocu\u011fumu sanki baba-k\u0131z birbirlerine d\u00fc\u015fmanm\u0131\u015f haline getirdiler. B\u00f6yle bir \u015fey yok.&#8221; diyerek ifade etmi\u015fti.<\/p>\n<div style=\"width: 640px;\" class=\"wp-video\"><!--[if lt IE 9]><script>document.createElement('video');<\/script><![endif]-->\n<video class=\"wp-video-shortcode\" id=\"video-117316-1\" width=\"640\" height=\"1138\" preload=\"metadata\" controls=\"controls\"><source type=\"video\/mp4\" src=\"https:\/\/www.tgrthaber.com\/mavikadin\/wp-content\/uploads\/Ferdi-Tayfurun-ailesiyle-ilgili-yaptigi-konusma-yeniden-gundem-oldu.mp4?_=1\" \/><a href=\"https:\/\/www.tgrthaber.com\/mavikadin\/wp-content\/uploads\/Ferdi-Tayfurun-ailesiyle-ilgili-yaptigi-konusma-yeniden-gundem-oldu.mp4\">https:\/\/www.tgrthaber.com\/mavikadin\/wp-content\/uploads\/Ferdi-Tayfurun-ailesiyle-ilgili-yaptigi-konusma-yeniden-gundem-oldu.mp4<\/a><\/video><\/div>\n<hr \/>\n<h3>\u201cS\u0130Z\u0130 NE \u0130LG\u0130LEND\u0130R\u0130YOR\u201d<\/h3>\n<p>Ferdi Tayfur y\u0131llarca \u00f6nce ailesiyle ya\u015fad\u0131\u011f\u0131 s\u0131k\u0131nt\u0131l\u0131 durumla ilgili yap\u0131lan yorumlara program\u0131nda sert bir dille uyarm\u0131\u015ft\u0131. D\u00fcn cenazesinin ya\u015fan\u0131lan tart\u0131\u015fman\u0131n ard\u0131ndan Ferdi Tayfur\u2019un ge\u00e7mi\u015fte K\u0131z\u0131 Tu\u011f\u00e7e Tayfur ile ilgili s\u00f6yledi\u011fi c\u00fcmleler yeniden g\u00fcndem oldu. Ferdi Tayfur, \u201c O benim k\u0131z\u0131m onun anas\u0131 benin han\u0131m\u0131md\u0131. Biz kavgada ederiz, d\u00f6v\u00fc\u015f ederiz, ayr\u0131l\u0131r\u0131z, birle\u015firiz, seni ne ilgilendirir. Sizi ne ilgilendirir. Bu d\u00f6rt duvar aras\u0131ndaki insanlar\u0131n \u00f6zel hayatlar\u0131 karde\u015fim.&#8221; diyerek ailesi hakk\u0131nda yap\u0131lan yorumlara cevap vermi\u015fti.<\/p>\n","protected":false},"excerpt":{"rendered":"<p>Merhum sanat\u00e7\u0131 Ferdi Tayfur\u2019un y\u0131llar \u00f6nce yapt\u0131\u011f\u0131 bir programda ailesi hakk\u0131nda konu\u015fmas\u0131 yeniden sosyal medyada g\u00fcndem oldu. Ferdi Tayfur, e\u015fi Necla Naz\u0131r ve k\u0131z\u0131 Tu\u011f\u00e7e Tayfur ile ilgili s\u00f6yledi\u011fi s\u00f6zler tekrardan payla\u015f\u0131ld\u0131. <\/p>\n","protected":false},"author":10,"featured_media":117354,"comment_status":"closed","ping_status":"closed","sticky":false,"template":"","format":"standard","meta":{"rank_math_lock_modified_date":false,"footnotes":""},"categories":[76],"tags":[7055,6269,2616],"class_list":["post-117316","post","type-post","status-publish","format-standard","has-post-thumbnail","hentry","category-magazin","tag-ferdi-tayfur-ailesi","tag-necla-nazir","tag-tugce-tayfur"],"_links":{"self":[{"href":"https:\/\/www.tgrthaber.com\/mavikadin\/wp-json\/wp\/v2\/posts\/117316"}],"collection":[{"href":"https:\/\/www.tgrthaber.com\/mavikadin\/wp-json\/wp\/v2\/posts"}],"about":[{"href":"https:\/\/www.tgrthaber.com\/mavikadin\/wp-json\/wp\/v2\/types\/post"}],"author":[{"embeddable":true,"href":"https:\/\/www.tgrthaber.com\/mavikadin\/wp-json\/wp\/v2\/users\/10"}],"replies":[{"embeddable":true,"href":"https:\/\/www.tgrthaber.com\/mavikadin\/wp-json\/wp\/v2\/comments?post=117316"}],"version-history":[{"count":2,"href":"https:\/\/www.tgrthaber.com\/mavikadin\/wp-json\/wp\/v2\/posts\/117316\/revisions"}],"predecessor-version":[{"id":117360,"href":"https:\/\/www.tgrthaber.com\/mavikadin\/wp-json\/wp\/v2\/posts\/117316\/revisions\/117360"}],"wp:featuredmedia":[{"embeddable":true,"href":"https:\/\/www.tgrthaber.com\/mavikadin\/wp-json\/wp\/v2\/media\/117354"}],"wp:attachment":[{"href":"https:\/\/www.tgrthaber.com\/mavikadin\/wp-json\/wp\/v2\/media?parent=117316"}],"wp:term":[{"taxonomy":"category","embeddable":true,"href":"https:\/\/www.tgrthaber.com\/mavikadin\/wp-json\/wp\/v2\/categories?post=117316"},{"taxonomy":"post_tag","embeddable":true,"href":"https:\/\/www.tgrthaber.com\/mavikadin\/wp-json\/wp\/v2\/tags?post=117316"}],"curies":[{"name":"wp","href":"https:\/\/api.w.org\/{rel}","templated":true}]}}