{"id":117363,"date":"2025-01-05T20:41:54","date_gmt":"2025-01-05T17:41:54","guid":{"rendered":"https:\/\/www.tgrthaber.com\/mavikadin\/?p=117363"},"modified":"2025-01-05T20:41:54","modified_gmt":"2025-01-05T17:41:54","slug":"sampiyonlar-satrancin-gizemli-taslari-ne-zaman-vizyona-girecek-konusu-ve-oyuncu-kadrosu","status":"publish","type":"post","link":"https:\/\/www.tgrthaber.com\/mavikadin\/sampiyonlar-satrancin-gizemli-taslari-ne-zaman-vizyona-girecek-konusu-ve-oyuncu-kadrosu\/","title":{"rendered":"\u015eampiyonlar Satranc\u0131n Gizemli Ta\u015flar\u0131 ne zaman vizyona girecek? Konusu ve oyuncu kadrosu"},"content":{"rendered":"<p>Murat Y\u0131ld\u0131r\u0131m ve B\u00fc\u015fra Pekin&#8217;in ba\u015frol\u00fcn\u00fc payla\u015ft\u0131\u011f\u0131, satran\u00e7 oyunu etraf\u0131nda geli\u015fen macera dolu hikayesiyle dikkat \u00e7eken &#8220;\u015eampiyonlar &#8211; Satranc\u0131n Gizemli Ta\u015flar\u0131&#8221; filmi, 10 Ocak&#8217;ta sinemalarda seyirciyle bulu\u015facak. Y\u00f6netmen Mustafa Kotan&#8217;\u0131n imzas\u0131n\u0131 ta\u015f\u0131yan bu renkli yap\u0131m, yaz tatilinde dedesinin yan\u0131na giden Efe&#8217;nin satran\u00e7la tan\u0131\u015fmas\u0131yla ba\u015flayan heyecan dolu bir yolculu\u011fu anlat\u0131yor.<\/p>\n<h3>\u015eAMP\u0130YONLAR &#8211; SATRAN\u00c7IN G\u0130ZEML\u0130 TA\u015eLARI KONUSU NED\u0130R?<\/h3>\n<p>Filmin Konusu &#8220;\u015eampiyonlar &#8211; Satranc\u0131n Gizemli Ta\u015flar\u0131&#8221;, Efe\u2019nin yaz tatilinde ailesiyle birlikte dedesinin yan\u0131na gitmesiyle ba\u015flar. Burada satran\u00e7la tan\u0131\u015fan Efe, zamanla bu stratejik oyun sayesinde bir\u00e7ok yeni dost edinir. Efe\u2019nin satran\u00e7 \u00f6\u011frenme iste\u011fi, herkesin bir araya gelerek ortak bir bulu\u015fma noktas\u0131nda birle\u015fmesini sa\u011flar. Film, e\u011flenceli ve s\u00fcr\u00fckleyici bir \u015fekilde, Efe ve ailesinin yaz tatilindeki farkl\u0131 ve unutulmaz an\u0131lar\u0131n\u0131 konu al\u0131r.<\/p>\n<p><img loading=\"lazy\" decoding=\"async\" class=\"alignnone size-full wp-image-117365\" src=\"https:\/\/www.tgrthaber.com\/mavikadin\/wp-content\/uploads\/Yeni-Proje-5-5.jpg\" alt=\"\" width=\"1208\" height=\"680\" title=\"\" srcset=\"https:\/\/www.tgrthaber.com\/mavikadin\/wp-content\/uploads\/Yeni-Proje-5-5.jpg 1208w, https:\/\/www.tgrthaber.com\/mavikadin\/wp-content\/uploads\/Yeni-Proje-5-5-300x169.jpg 300w, https:\/\/www.tgrthaber.com\/mavikadin\/wp-content\/uploads\/Yeni-Proje-5-5-1024x576.jpg 1024w, https:\/\/www.tgrthaber.com\/mavikadin\/wp-content\/uploads\/Yeni-Proje-5-5-768x432.jpg 768w\" sizes=\"(max-width: 1208px) 100vw, 1208px\" \/><\/p>\n<hr \/>\n<h3>\u015eAMP\u0130YONLAR &#8211; SATRAN\u00c7IN G\u0130ZEML\u0130 TA\u015eLARI OYUNCU KADROSU<\/h3>\n<p>&#8220;\u015eampiyonlar &#8211; Satranc\u0131n Gizemli Ta\u015flar\u0131&#8221; filminde Murat Y\u0131ld\u0131r\u0131m ve B\u00fc\u015fra Pekin\u2019in yan\u0131 s\u0131ra, Erdal \u00d6zya\u011fc\u0131lar, Ezo Sunal, Mert Ege Ak, Ebrar Alya Demirbilek gibi yetenekli isimler de yer al\u0131yor. Sarp Levendo\u011flu, Ali Sunal ve Sergen Yal\u00e7\u0131n gibi \u00fcnl\u00fc isimler ise konuk oyuncu olarak filme katk\u0131 sa\u011fl\u0131yor. Filmde, \u00f6zellikle \u00e7ocuk oyuncular\u0131n performanslar\u0131 da dikkat \u00e7ekiyor. Y\u00f6netmenli\u011fini Mustafa Kotan\u2019\u0131n \u00fcstlendi\u011fi film, Polat Ya\u011fc\u0131\u2019n\u0131n yap\u0131mc\u0131l\u0131\u011f\u0131nda Poll Films taraf\u0131ndan \u00fcretildi.<\/p>\n<p><img loading=\"lazy\" decoding=\"async\" class=\"alignnone size-full wp-image-117366\" src=\"https:\/\/www.tgrthaber.com\/mavikadin\/wp-content\/uploads\/Yeni-Proje-7-6.jpg\" alt=\"\" width=\"1208\" height=\"680\" title=\"\" srcset=\"https:\/\/www.tgrthaber.com\/mavikadin\/wp-content\/uploads\/Yeni-Proje-7-6.jpg 1208w, https:\/\/www.tgrthaber.com\/mavikadin\/wp-content\/uploads\/Yeni-Proje-7-6-300x169.jpg 300w, https:\/\/www.tgrthaber.com\/mavikadin\/wp-content\/uploads\/Yeni-Proje-7-6-1024x576.jpg 1024w, https:\/\/www.tgrthaber.com\/mavikadin\/wp-content\/uploads\/Yeni-Proje-7-6-768x432.jpg 768w\" sizes=\"(max-width: 1208px) 100vw, 1208px\" \/><\/p>\n<hr \/>\n<h3>\u015eAMP\u0130YONLAR &#8211; SATRAN\u00c7IN G\u0130ZEML\u0130 TA\u015eLARI NE ZAMAN V\u0130ZYONA G\u0130RECEK?<\/h3>\n<p>\u015eampiyonlar &#8211; Satranc\u0131n Gizemli Ta\u015flar\u0131 10 Ocak 2025 tarihinde sinemalarda izleyiciyle bulu\u015facak.<\/p>\n<p><img loading=\"lazy\" decoding=\"async\" class=\"alignnone size-full wp-image-117367\" src=\"https:\/\/www.tgrthaber.com\/mavikadin\/wp-content\/uploads\/Yeni-Proje-6-8.jpg\" alt=\"\" width=\"1208\" height=\"680\" title=\"\" srcset=\"https:\/\/www.tgrthaber.com\/mavikadin\/wp-content\/uploads\/Yeni-Proje-6-8.jpg 1208w, https:\/\/www.tgrthaber.com\/mavikadin\/wp-content\/uploads\/Yeni-Proje-6-8-300x169.jpg 300w, https:\/\/www.tgrthaber.com\/mavikadin\/wp-content\/uploads\/Yeni-Proje-6-8-1024x576.jpg 1024w, https:\/\/www.tgrthaber.com\/mavikadin\/wp-content\/uploads\/Yeni-Proje-6-8-768x432.jpg 768w\" sizes=\"(max-width: 1208px) 100vw, 1208px\" \/><\/p>\n","protected":false},"excerpt":{"rendered":"<p>Murat Y\u0131ld\u0131r\u0131m ve B\u00fc\u015fra Pekin&#8217;in ba\u015frol\u00fcn\u00fc payla\u015ft\u0131\u011f\u0131, satran\u00e7 etraf\u0131nda geli\u015fen &#8220;\u015eampiyonlar &#8211; Satranc\u0131n Gizemli Ta\u015flar\u0131&#8221; filmi 10 Ocak&#8217;ta sinemalarda izleyiciyle bulu\u015facak. Peki \u015eampiyonlar &#8211; Satranc\u0131n Gizemli Ta\u015flar\u0131 konusu ne, oyuncular\u0131 kimler?<\/p>\n","protected":false},"author":4,"featured_media":117364,"comment_status":"closed","ping_status":"closed","sticky":false,"template":"","format":"standard","meta":{"rank_math_lock_modified_date":false,"footnotes":""},"categories":[602],"tags":[7057,2297,4166,1742],"class_list":["post-117363","post","type-post","status-publish","format-standard","has-post-thumbnail","hentry","category-diziler","tag-busra-pekin","tag-murat-yildirim","tag-sampiyonlar-satrancin-gizemli-taslari","tag-vizyon"],"_links":{"self":[{"href":"https:\/\/www.tgrthaber.com\/mavikadin\/wp-json\/wp\/v2\/posts\/117363"}],"collection":[{"href":"https:\/\/www.tgrthaber.com\/mavikadin\/wp-json\/wp\/v2\/posts"}],"about":[{"href":"https:\/\/www.tgrthaber.com\/mavikadin\/wp-json\/wp\/v2\/types\/post"}],"author":[{"embeddable":true,"href":"https:\/\/www.tgrthaber.com\/mavikadin\/wp-json\/wp\/v2\/users\/4"}],"replies":[{"embeddable":true,"href":"https:\/\/www.tgrthaber.com\/mavikadin\/wp-json\/wp\/v2\/comments?post=117363"}],"version-history":[{"count":1,"href":"https:\/\/www.tgrthaber.com\/mavikadin\/wp-json\/wp\/v2\/posts\/117363\/revisions"}],"predecessor-version":[{"id":117368,"href":"https:\/\/www.tgrthaber.com\/mavikadin\/wp-json\/wp\/v2\/posts\/117363\/revisions\/117368"}],"wp:featuredmedia":[{"embeddable":true,"href":"https:\/\/www.tgrthaber.com\/mavikadin\/wp-json\/wp\/v2\/media\/117364"}],"wp:attachment":[{"href":"https:\/\/www.tgrthaber.com\/mavikadin\/wp-json\/wp\/v2\/media?parent=117363"}],"wp:term":[{"taxonomy":"category","embeddable":true,"href":"https:\/\/www.tgrthaber.com\/mavikadin\/wp-json\/wp\/v2\/categories?post=117363"},{"taxonomy":"post_tag","embeddable":true,"href":"https:\/\/www.tgrthaber.com\/mavikadin\/wp-json\/wp\/v2\/tags?post=117363"}],"curies":[{"name":"wp","href":"https:\/\/api.w.org\/{rel}","templated":true}]}}