{"id":117463,"date":"2025-01-05T23:17:36","date_gmt":"2025-01-05T20:17:36","guid":{"rendered":"https:\/\/www.tgrthaber.com\/mavikadin\/?p=117463"},"modified":"2025-01-05T23:17:38","modified_gmt":"2025-01-05T20:17:38","slug":"wanda-nara-ve-l-gante-aski-bitti","status":"publish","type":"post","link":"https:\/\/www.tgrthaber.com\/mavikadin\/wanda-nara-ve-l-gante-aski-bitti\/","title":{"rendered":"Wanda Nara ve L gante a\u015fk\u0131 bitti!"},"content":{"rendered":"<p>2024 y\u0131l\u0131na damga vuran a\u015fk hik\u00e2yesi sona erdi. Wanda Nara ve L Gante&#8217;nin ili\u015fkisi sona erdi\u011fini sosyal medya arac\u0131l\u0131\u011f\u0131yla duyurdu. Beklenmedik geli\u015fme takip\u00e7ilerini \u015fa\u015f\u0131rt\u0131rken, \u00e7iftin ayr\u0131l\u0131\u011f\u0131yla ilgili detaylar merak konusu oldu. Wanda Nara&#8217;n\u0131n payla\u015ft\u0131\u011f\u0131 duygusal mesaj, sosyal medyada da geni\u015f yank\u0131 uyand\u0131rd\u0131. Herkes bu ayr\u0131l\u0131\u011f\u0131n ard\u0131ndaki nedenleri ve gelecekteki planlar\u0131 hakk\u0131nda spek\u00fclasyon yapmaya ba\u015flad\u0131.<\/p>\n<h3>ICARDI \u0130LE OLAN FOTO\u011eRAFLARI GER\u0130 Y\u00dcKLED\u0130<\/h3>\n<p>Wanda Nara Instagram hesab\u0131nda yapt\u0131\u011f\u0131 de\u011fi\u015fikliklerle yine g\u00fcndemde. Nara, rap\u00e7i L-Gante ile \u00e7ektirdi\u011fi foto\u011fraflar\u0131 hesab\u0131ndan kald\u0131rd\u0131ktan sonra dikkatleri \u00fczerine \u00e7ekti. Ancak s\u00fcrpriz bununla da bitmedi; Nara, Icardi ile birlikte \u00e7ekildi\u011fi foto\u011fraflar\u0131 tekrar payla\u015farak takip\u00e7ilerini \u015fa\u015f\u0131rtmay\u0131 ba\u015fard\u0131. \u00dcnl\u00fc futbolcuyu yeniden takip etmesi de hayranlar\u0131n\u0131n dikkatinden ka\u00e7mad\u0131. Wanda Nara&#8217;n\u0131n bu hamlesi, sosyal medyada geni\u015f yank\u0131 uyand\u0131rd\u0131 ve merak konusu haline geldi.<\/p>\n<p><img loading=\"lazy\" decoding=\"async\" class=\"alignnone wp-image-117480\" src=\"https:\/\/www.tgrthaber.com\/mavikadin\/wp-content\/uploads\/wanda-nara-rapci-l-gante-yollarini-ayirdi-300x169.jpg\" alt=\"wanda nara rap\u00e7i l gante yollar\u0131n\u0131 ay\u0131rd\u0131\" width=\"1208\" height=\"680\" title=\"\" srcset=\"https:\/\/www.tgrthaber.com\/mavikadin\/wp-content\/uploads\/wanda-nara-rapci-l-gante-yollarini-ayirdi-300x169.jpg 300w, https:\/\/www.tgrthaber.com\/mavikadin\/wp-content\/uploads\/wanda-nara-rapci-l-gante-yollarini-ayirdi-1024x576.jpg 1024w, https:\/\/www.tgrthaber.com\/mavikadin\/wp-content\/uploads\/wanda-nara-rapci-l-gante-yollarini-ayirdi-768x432.jpg 768w, https:\/\/www.tgrthaber.com\/mavikadin\/wp-content\/uploads\/wanda-nara-rapci-l-gante-yollarini-ayirdi-1536x864.jpg 1536w, https:\/\/www.tgrthaber.com\/mavikadin\/wp-content\/uploads\/wanda-nara-rapci-l-gante-yollarini-ayirdi.jpg 1920w\" sizes=\"(max-width: 1208px) 100vw, 1208px\" \/><\/p>\n<hr \/>\n<h3>L GANTE \u0130LE YOLLARI AYIRDI<\/h3>\n<p>Son zamanlarda a\u015fk hayat\u0131yla s\u0131k\u00e7a g\u00fcndeme gelen Wanda Nara, ge\u00e7ti\u011fimiz aylarda kendisinden 13 ya\u015f k\u00fc\u00e7\u00fck sevgilisi rap\u00e7i L Gante ile birlikteli\u011fe ba\u015flam\u0131\u015ft\u0131. Doludizgin bir \u015fekilde devam eden iddial\u0131 a\u015fk\u0131n sonunda beklenmeyen bir ayr\u0131l\u0131k haberi geldi. \u00dcnl\u00fc model, sosyal medya hesab\u0131ndan yapt\u0131\u011f\u0131 a\u00e7\u0131klamayla herkesi \u015fa\u015f\u0131rtarak L Gante ile olan ili\u015fkisini kar\u015f\u0131l\u0131kl\u0131 olarak bitirdiklerini duyurdu. Wanda Nara, &#8221; Bug\u00fcn yollar\u0131m\u0131z birbirimizi kollamak ve i\u015fimize, ailemize odaklanmak i\u00e7in ayr\u0131l\u0131yor. Karma\u015f\u0131k ve ac\u0131 dolu adli durumum bu karar\u0131 almam\u0131 sa\u011flad\u0131. Bug\u00fcn \u00e7ocuklar\u0131m\u0131n bana ihtiyac\u0131 var ve zaman\u0131m tamamen onlara ba\u011fl\u0131&#8221; diyerek ayr\u0131ld\u0131klar\u0131n\u0131 takip\u00e7ilerine duyurdu.<\/p>\n<p>Bu ayr\u0131l\u0131\u011f\u0131n ard\u0131ndan Nara&#8217;n\u0131n, eski e\u015fi Icardi ile \u00e7ekilmi\u015f foto\u011fraflar\u0131n\u0131 sosyal medya hesab\u0131na geri y\u00fcklemesi, kafalarda soru i\u015fareti b\u0131rakt\u0131. Acaba bu durum, Nara&#8217;n\u0131n gen\u00e7 rap\u00e7i L Gante ile yollar\u0131n\u0131 ay\u0131rmas\u0131n\u0131n as\u0131l sebebi miydi?<\/p>\n<p>&nbsp;<\/p>\n","protected":false},"excerpt":{"rendered":"<p>2024 y\u0131l\u0131na a\u015fklar\u0131yla damga vuran Wanda Nara ve L Gante a\u015fk\u0131 bitti. Wanda Nara sosyal medya hesab\u0131ndan ayr\u0131ld\u0131klar\u0131n\u0131 duyurdu. <\/p>\n","protected":false},"author":10,"featured_media":117482,"comment_status":"closed","ping_status":"closed","sticky":false,"template":"","format":"standard","meta":{"rank_math_lock_modified_date":false,"footnotes":""},"categories":[76],"tags":[7118,2222,7117],"class_list":["post-117463","post","type-post","status-publish","format-standard","has-post-thumbnail","hentry","category-magazin","tag-la-gante","tag-wanda-nara","tag-wanda-nara-l-gante-ayrilik"],"_links":{"self":[{"href":"https:\/\/www.tgrthaber.com\/mavikadin\/wp-json\/wp\/v2\/posts\/117463"}],"collection":[{"href":"https:\/\/www.tgrthaber.com\/mavikadin\/wp-json\/wp\/v2\/posts"}],"about":[{"href":"https:\/\/www.tgrthaber.com\/mavikadin\/wp-json\/wp\/v2\/types\/post"}],"author":[{"embeddable":true,"href":"https:\/\/www.tgrthaber.com\/mavikadin\/wp-json\/wp\/v2\/users\/10"}],"replies":[{"embeddable":true,"href":"https:\/\/www.tgrthaber.com\/mavikadin\/wp-json\/wp\/v2\/comments?post=117463"}],"version-history":[{"count":1,"href":"https:\/\/www.tgrthaber.com\/mavikadin\/wp-json\/wp\/v2\/posts\/117463\/revisions"}],"predecessor-version":[{"id":117483,"href":"https:\/\/www.tgrthaber.com\/mavikadin\/wp-json\/wp\/v2\/posts\/117463\/revisions\/117483"}],"wp:featuredmedia":[{"embeddable":true,"href":"https:\/\/www.tgrthaber.com\/mavikadin\/wp-json\/wp\/v2\/media\/117482"}],"wp:attachment":[{"href":"https:\/\/www.tgrthaber.com\/mavikadin\/wp-json\/wp\/v2\/media?parent=117463"}],"wp:term":[{"taxonomy":"category","embeddable":true,"href":"https:\/\/www.tgrthaber.com\/mavikadin\/wp-json\/wp\/v2\/categories?post=117463"},{"taxonomy":"post_tag","embeddable":true,"href":"https:\/\/www.tgrthaber.com\/mavikadin\/wp-json\/wp\/v2\/tags?post=117463"}],"curies":[{"name":"wp","href":"https:\/\/api.w.org\/{rel}","templated":true}]}}