{"id":117590,"date":"2025-01-06T09:25:16","date_gmt":"2025-01-06T06:25:16","guid":{"rendered":"https:\/\/www.tgrthaber.com\/mavikadin\/?p=117590"},"modified":"2025-01-06T09:27:13","modified_gmt":"2025-01-06T06:27:13","slug":"engin-altan-duzyatan-fantastik-bir-hikayeyle-donuyor-tete-ve-masal-ruyalar-diyarinda-viking-krali-oldu","status":"publish","type":"post","link":"https:\/\/www.tgrthaber.com\/mavikadin\/engin-altan-duzyatan-fantastik-bir-hikayeyle-donuyor-tete-ve-masal-ruyalar-diyarinda-viking-krali-oldu\/","title":{"rendered":"Engin Altan D\u00fczyatan fantastik bir hikayeyle d\u00f6n\u00fcyor! Tete ve Masal: R\u00fcyalar Diyar\u0131&#8217;nda Viking Kral\u0131 oldu"},"content":{"rendered":"<p>Engin Altan D\u00fczyatan &#8220;Tete ve Masal: R\u00fcyalar Diyar\u0131&#8221;nda Viking Kral\u0131 olacak. Fantastik bir hikaye ile izleyiciyle bulu\u015fmas\u0131 beklenen D\u00fczyatan\u2019\u0131n filmi 24 Ocak\u2019ta vizyona girecek.<\/p>\n<p>Hande Erta\u015f ve Emrah Erta\u015f\u2019\u0131n yap\u0131mc\u0131l\u0131\u011f\u0131n\u0131 \u00fcstlendi\u011fi Satre Film Yap\u0131m imzal\u0131 filmin y\u00f6netmen koltu\u011funda T\u00fcmer Sirkecio\u011flu oturuyor.<\/p>\n<p>&#8220;Tete ve Masal: R\u00fcyalar Diyar\u0131&#8221;nda proje tasar\u0131m\u0131 ve senaryo Emrah Erta\u015f\u2019a ait.<\/p>\n<h3>ENG\u0130N ALTAN D\u00dcZYATAN V\u0130K\u0130NG KRALI OLDU<\/h3>\n<p>\u201cTete ve Masal: R\u00fcyalar Diyar\u0131\u201d hakk\u0131nda d\u00fc\u015f\u00fcncelerini payla\u015fan Engin Altan D\u00fczyatan, \u201cFilm, k\u00fc\u00e7\u00fck bir k\u0131z\u0131n babaannesinin hastal\u0131\u011f\u0131 nedeniyle ya\u015fad\u0131\u011f\u0131 durumu a\u015fmak i\u00e7in masallarla dolu bir yolculu\u011fa \u00e7\u0131kmas\u0131n\u0131 anlat\u0131yor. Bu b\u00fcy\u00fcl\u00fc hik\u00e2ye, izleyicileri hayal g\u00fcc\u00fcn\u00fcn s\u0131n\u0131rlar\u0131n\u0131 zorlayan, rengarenk ve duygusal bir d\u00fcnyaya davet ediyor. Hem \u00e7ocuklara hem de i\u00e7indeki \u00e7ocu\u011fu unutmayan yeti\u015fkinlere hitap eden bir film. B\u00f6yle projelerin sinemam\u0131zda daha fazla yer almas\u0131n\u0131 \u00e7ok k\u0131ymetli buluyorum\u201d dedi.<\/p>\n<p><img loading=\"lazy\" decoding=\"async\" class=\"alignnone wp-image-117592\" src=\"https:\/\/www.tgrthaber.com\/mavikadin\/wp-content\/uploads\/Engin-Altan-1.webp\" alt=\"\" width=\"1208\" height=\"681\" title=\"\" srcset=\"https:\/\/www.tgrthaber.com\/mavikadin\/wp-content\/uploads\/Engin-Altan-1.webp 850w, https:\/\/www.tgrthaber.com\/mavikadin\/wp-content\/uploads\/Engin-Altan-1-300x169.webp 300w, https:\/\/www.tgrthaber.com\/mavikadin\/wp-content\/uploads\/Engin-Altan-1-768x433.webp 768w\" sizes=\"(max-width: 1208px) 100vw, 1208px\" \/><\/p>\n<hr \/>\n<h3>\u201cALI\u015eILMI\u015eIN DI\u015eINDA B\u0130R DENEY\u0130MD\u0130\u201d<\/h3>\n<p>Filmde canland\u0131rd\u0131\u011f\u0131 rol hakk\u0131nda da bilgi veren D\u00fczyatan \u201cFilmde bir Viking kral\u0131n\u0131 canland\u0131r\u0131yorum. Bu rol benim i\u00e7in olduk\u00e7a e\u011flenceliydi. \u00c7\u00fcnk\u00fc b\u00f6yle fantastik bir d\u00fcnyada yer almak, al\u0131\u015f\u0131lm\u0131\u015f\u0131n d\u0131\u015f\u0131nda bir deneyimdi. Filmin masals\u0131 anlat\u0131m\u0131, hikayenin naifli\u011fi ve g\u00f6rsel zenginli\u011fi beni \u00e7ok etkiledi. Bu projeyi kabul ederken \u00f6zellikle \u00e7ocuklar\u0131ma g\u00fczel bir hat\u0131ra b\u0131rakmak istedim. Onlar\u0131n b\u00f6yle bir filmde babalar\u0131n\u0131 izlemeleri benim i\u00e7in \u00e7ok anlaml\u0131\u201d diye konu\u015ftu.<\/p>\n<p><img loading=\"lazy\" decoding=\"async\" class=\"alignnone wp-image-117593\" src=\"https:\/\/www.tgrthaber.com\/mavikadin\/wp-content\/uploads\/Engin-Altan-3-1.jpg\" alt=\"\" width=\"1208\" height=\"805\" title=\"\" srcset=\"https:\/\/www.tgrthaber.com\/mavikadin\/wp-content\/uploads\/Engin-Altan-3-1.jpg 1600w, https:\/\/www.tgrthaber.com\/mavikadin\/wp-content\/uploads\/Engin-Altan-3-1-300x200.jpg 300w, https:\/\/www.tgrthaber.com\/mavikadin\/wp-content\/uploads\/Engin-Altan-3-1-1024x682.jpg 1024w, https:\/\/www.tgrthaber.com\/mavikadin\/wp-content\/uploads\/Engin-Altan-3-1-768x512.jpg 768w, https:\/\/www.tgrthaber.com\/mavikadin\/wp-content\/uploads\/Engin-Altan-3-1-1536x1023.jpg 1536w\" sizes=\"(max-width: 1208px) 100vw, 1208px\" \/><\/p>\n<hr \/>\n<p>Filmin g\u00fc\u00e7l\u00fc oyuncu kadrosuna da de\u011finen Engin Altan D\u00fczyatan s\u00f6zlerini \u015f\u00f6yle tamamlad\u0131:<\/p>\n<p>\u201cGer\u00e7ekten muhte\u015fem bir kadro bir araya geldi. Mert Turak, Ada Erma, Fahriye Evcen, Pelin Karahan, Keremcem, Can K\u0131z\u0131ltu\u011f, \u0130nci T\u00fcrkay, Jess Molho, Cenan Ad\u0131g\u00fczel, Haldun Dormen, Meral \u00c7etinkaya ve Altan Erkekli gibi isimler filmde yer al\u0131yor. Herkes projeye g\u00f6n\u00fclden bir katk\u0131 sa\u011flad\u0131&#8230;&#8221;<\/p>\n","protected":false},"excerpt":{"rendered":"<p>\u00dcnl\u00fc oyuncu Engin Altan D\u00fczyatan fantastik bir hik\u00e2yeyle izleyiciyle bulu\u015fmak i\u00e7in haz\u0131rlan\u0131yor. 24 Ocak\u2019ta vizyona girmesi beklenen hikayede D\u00fczyatan, &#8220;Tete ve Masal: R\u00fcyalar Diyar\u0131&#8221;nda Viking Kral\u0131 olacak.<\/p>\n","protected":false},"author":5,"featured_media":117591,"comment_status":"closed","ping_status":"closed","sticky":false,"template":"","format":"standard","meta":{"rank_math_lock_modified_date":false,"footnotes":""},"categories":[76],"tags":[2593,7191],"class_list":["post-117590","post","type-post","status-publish","format-standard","has-post-thumbnail","hentry","category-magazin","tag-engin-altan-duzyatan","tag-tete-ve-masal-ruyalar-diyari"],"_links":{"self":[{"href":"https:\/\/www.tgrthaber.com\/mavikadin\/wp-json\/wp\/v2\/posts\/117590"}],"collection":[{"href":"https:\/\/www.tgrthaber.com\/mavikadin\/wp-json\/wp\/v2\/posts"}],"about":[{"href":"https:\/\/www.tgrthaber.com\/mavikadin\/wp-json\/wp\/v2\/types\/post"}],"author":[{"embeddable":true,"href":"https:\/\/www.tgrthaber.com\/mavikadin\/wp-json\/wp\/v2\/users\/5"}],"replies":[{"embeddable":true,"href":"https:\/\/www.tgrthaber.com\/mavikadin\/wp-json\/wp\/v2\/comments?post=117590"}],"version-history":[{"count":4,"href":"https:\/\/www.tgrthaber.com\/mavikadin\/wp-json\/wp\/v2\/posts\/117590\/revisions"}],"predecessor-version":[{"id":117597,"href":"https:\/\/www.tgrthaber.com\/mavikadin\/wp-json\/wp\/v2\/posts\/117590\/revisions\/117597"}],"wp:featuredmedia":[{"embeddable":true,"href":"https:\/\/www.tgrthaber.com\/mavikadin\/wp-json\/wp\/v2\/media\/117591"}],"wp:attachment":[{"href":"https:\/\/www.tgrthaber.com\/mavikadin\/wp-json\/wp\/v2\/media?parent=117590"}],"wp:term":[{"taxonomy":"category","embeddable":true,"href":"https:\/\/www.tgrthaber.com\/mavikadin\/wp-json\/wp\/v2\/categories?post=117590"},{"taxonomy":"post_tag","embeddable":true,"href":"https:\/\/www.tgrthaber.com\/mavikadin\/wp-json\/wp\/v2\/tags?post=117590"}],"curies":[{"name":"wp","href":"https:\/\/api.w.org\/{rel}","templated":true}]}}