{"id":117632,"date":"2025-01-06T13:27:17","date_gmt":"2025-01-06T10:27:17","guid":{"rendered":"https:\/\/www.tgrthaber.com\/mavikadin\/?p=117632"},"modified":"2025-01-06T13:29:30","modified_gmt":"2025-01-06T10:29:30","slug":"ferdi-tayfurun-cenazesi-basinda-tartisan-tugce-tayfur-ve-kuzeni-arasinda-neler-oldu-kuzenleri-birbirine-dusuren-olay-ne","status":"publish","type":"post","link":"https:\/\/www.tgrthaber.com\/mavikadin\/ferdi-tayfurun-cenazesi-basinda-tartisan-tugce-tayfur-ve-kuzeni-arasinda-neler-oldu-kuzenleri-birbirine-dusuren-olay-ne\/","title":{"rendered":"Ferdi Tayfur&#8217;un cenazesi ba\u015f\u0131nda tart\u0131\u015fan Tu\u011f\u00e7e Tayfur ve kuzeni aras\u0131nda neler oldu? Kuzenleri birbirine d\u00fc\u015f\u00fcren olay ne?"},"content":{"rendered":"<p>Ferdi Tayfur&#8217;un cenazesi ba\u015f\u0131nda tart\u0131\u015fan Tu\u011f\u00e7e Tayfur ve kuzen aras\u0131nda neler ya\u015fand\u0131. T\u00fcrk m\u00fczi\u011finin usta isimlerinden biri olan Ferdi Tayfur sevenlerine veda etti. Cenazesi \u0130stanbul&#8217;da kald\u0131r\u0131lan b\u00fcy\u00fck sanat\u00e7\u0131n\u0131n sevenleri bulu\u015ftu. Cenazesi ba\u015f\u0131nda ya\u015fanan olaylar ise herkesin tepkisine yol a\u00e7t\u0131. K\u0131z\u0131 Tu\u011f\u00e7e Tafur babas\u0131n\u0131n cenazesi ba\u015f\u0131nda kuzeniyle tart\u0131\u015ft\u0131. Cenazeye sayg\u0131s\u0131zl\u0131k olarak nitelendirilen hareket sonras\u0131 herkes Tu\u011f\u00e7e Tayfur ve kuzeni aras\u0131nda neler oldu\u011funu merak ediyor. \u0130kili aras\u0131ndaki husumet ne zamana dayan\u0131yor ve aralar\u0131nda ne var merak ediliyor.<\/p>\n<h3>TU\u011e\u00c7E TAYFUR VE KUZEN\u0130 ARASINDA NELER OLDU?<\/h3>\n<p>Ferdi Tayfur&#8217;un cenazesi ba\u015f\u0131nda kuzeniyle tart\u0131\u015fan Tu\u011f\u00e7e Tayfur herkesin tepkisini \u00e7ekti. Babas\u0131n\u0131n cenazesinde kuzeniyle tart\u0131\u015fan Tu\u011f\u00e7e Tayfur g\u00fcndem oldu. \u0130kili aras\u0131nda neler oldu ve neden birbirileriyle tart\u0131\u015f\u0131yorlar merak edildi. Ferdi Tayfur T\u00fcrk m\u00fczi\u011finin usta isimlerinden biriydi. Uzun zamand\u0131r tedavi g\u00f6ren Ferdi Tayfur organ yetmezli\u011fi sebebiyle ya\u015fam\u0131n\u0131 yitirdi. Bu y\u0131l\u0131n ilk kay\u0131plar\u0131ndan biri olan isim ard\u0131nda binlerce hayran\u0131n\u0131 ve sevenini b\u0131rakt\u0131. Ferdi Tayfur&#8217;a veda eden isimler aras\u0131nda \u0130brahim Tatl\u0131ses ve Orhan Gencebay gibi b\u00fcy\u00fck isimler de yer ald\u0131.<\/p>\n<p><img loading=\"lazy\" decoding=\"async\" class=\"alignnone size-full wp-image-117671\" src=\"https:\/\/www.tgrthaber.com\/mavikadin\/wp-content\/uploads\/Ekran-goruntusu-2025-01-06-132018.png\" alt=\"\" width=\"1076\" height=\"737\" title=\"\" srcset=\"https:\/\/www.tgrthaber.com\/mavikadin\/wp-content\/uploads\/Ekran-goruntusu-2025-01-06-132018.png 1076w, https:\/\/www.tgrthaber.com\/mavikadin\/wp-content\/uploads\/Ekran-goruntusu-2025-01-06-132018-300x205.png 300w, https:\/\/www.tgrthaber.com\/mavikadin\/wp-content\/uploads\/Ekran-goruntusu-2025-01-06-132018-1024x701.png 1024w, https:\/\/www.tgrthaber.com\/mavikadin\/wp-content\/uploads\/Ekran-goruntusu-2025-01-06-132018-768x526.png 768w\" sizes=\"(max-width: 1076px) 100vw, 1076px\" \/><\/p>\n<hr \/>\n<p>Ferdi Tayfur\u2019un cenazesi ba\u015f\u0131nda a\u011flayan k\u0131z\u0131 Tu\u011f\u00e7e Tayfur&#8217;u kuzeni \u015eirin G\u00f6zal\u0131c\u0131 g\u00f6r\u00fcnce &#8216;Onun burada ne i\u015fi var?&#8217; diyerek kavga etmeye ba\u015flad\u0131. Babas\u0131n\u0131n cenazesi ba\u015f\u0131nda kuzeniyle tart\u0131\u015fmaya ba\u015flayan Tu\u011f\u00e7e Tayfur herkesin tepkisini \u00e7ekti. Cenazeye sayg\u0131s\u0131zl\u0131k olarak nitelendirilen davran\u0131\u015f sonras\u0131 herkes Tu\u011f\u00e7e Tayfur ve kuzeni aras\u0131nda ne oldu\u011funu merak etti. Herkes neden tart\u0131\u015ft\u0131\u011f\u0131n\u0131 merak etti.<\/p>\n<p><img loading=\"lazy\" decoding=\"async\" class=\"alignnone size-full wp-image-117672\" src=\"https:\/\/www.tgrthaber.com\/mavikadin\/wp-content\/uploads\/Ekran-goruntusu-2025-01-06-132040.png\" alt=\"\" width=\"922\" height=\"515\" title=\"\" srcset=\"https:\/\/www.tgrthaber.com\/mavikadin\/wp-content\/uploads\/Ekran-goruntusu-2025-01-06-132040.png 922w, https:\/\/www.tgrthaber.com\/mavikadin\/wp-content\/uploads\/Ekran-goruntusu-2025-01-06-132040-300x168.png 300w, https:\/\/www.tgrthaber.com\/mavikadin\/wp-content\/uploads\/Ekran-goruntusu-2025-01-06-132040-768x429.png 768w\" sizes=\"(max-width: 922px) 100vw, 922px\" \/><\/p>\n<hr \/>\n<p>Tart\u0131\u015fma sonras\u0131 Necla Naz\u0131r da sosyal medyas\u0131ndan payla\u015f\u0131m yapt\u0131. Payla\u015f\u0131m\u0131nda ise \u015fu ifadelere yer verdi: Ferdi Tayfur hayranlar\u0131na \u015funu s\u00f6ylemek istiyorum. Biri ba\u011f\u0131rd\u0131, &#8216;Hastaneye niye gelmediniz?&#8217; dedi. Niye gelmedi\u011fimiz a\u00e7\u0131k olarak g\u00f6r\u00fcld\u00fc. \u0130\u00e7i \u00e7\u00fcr\u00fcm\u00fc\u015f insanlarla nas\u0131l u\u011fra\u015fay\u0131m. Cenazede bunu yapt\u0131lar, hastaneye nas\u0131l gidelim? Hastanede de olay \u00e7\u0131karacaklard\u0131. \u0130nsanlar ya\u015fad\u0131\u011f\u0131m\u0131z \u015feyin i\u00e7 y\u00fcz\u00fcn\u00fc bilmiyor, ezbere konu\u015fuluyor. Ne yay\u0131nl\u0131yorsa ona kar\u015f\u0131l\u0131k cevap oluyor. Bir s\u00fcrekli suskun kald\u0131k. Bizim kimseyle al\u0131p veremedi\u011fimiz yok. Baba-k\u0131z\u0131 d\u00fc\u015fman hale getirdiler&#8221; dedi. Tu\u011f\u00e7e Tayfur&#8217;un cenaze ba\u015f\u0131nda tart\u0131\u015ft\u0131\u011f\u0131 kuzeni \u015eirin G\u00f6zal\u0131c\u0131 ise cevap olarak ba\u015fka bir payla\u015f\u0131m yapt\u0131. G\u00f6zal\u0131c\u0131 payla\u015f\u0131m\u0131nda: &#8220;Necla Naz\u0131r sen art\u0131k\u00a0Ferdi Tayfur hayranlar\u0131na hi\u00e7bir \u015fey diyemezsin. O sayfa art\u0131k kapand\u0131. Sen Ferdi Baba ya\u015farken \u00e7ekip sosyal medyaya sundu\u011fun video ile o defteri kapatt\u0131n.&#8221; dedi.<\/p>\n<p><img loading=\"lazy\" decoding=\"async\" class=\"alignnone size-full wp-image-117673\" src=\"https:\/\/www.tgrthaber.com\/mavikadin\/wp-content\/uploads\/Ekran-goruntusu-2025-01-06-132051.png\" alt=\"\" width=\"1114\" height=\"739\" title=\"\" srcset=\"https:\/\/www.tgrthaber.com\/mavikadin\/wp-content\/uploads\/Ekran-goruntusu-2025-01-06-132051.png 1114w, https:\/\/www.tgrthaber.com\/mavikadin\/wp-content\/uploads\/Ekran-goruntusu-2025-01-06-132051-300x199.png 300w, https:\/\/www.tgrthaber.com\/mavikadin\/wp-content\/uploads\/Ekran-goruntusu-2025-01-06-132051-1024x679.png 1024w, https:\/\/www.tgrthaber.com\/mavikadin\/wp-content\/uploads\/Ekran-goruntusu-2025-01-06-132051-768x509.png 768w\" sizes=\"(max-width: 1114px) 100vw, 1114px\" \/><\/p>\n<hr \/>\n<p>Ferdi Tayfur k\u0131z\u0131yla baz\u0131 sorunlar ya\u015fam\u0131\u015f ve mahkemelik olmu\u015ftu. Soyad\u0131 konusunda kriz ya\u015fayan baba k\u0131z sorunlar\u0131 \u00e7\u00f6zememi\u015f ve Ferdi Tayfur k\u0131z\u0131n\u0131n d\u00fc\u011f\u00fcn\u00fcne kat\u0131lmam\u0131\u015f ve ilk torununu bile g\u00f6rmeye gitmemi\u015fti. Tu\u011f\u00e7e Tayfur babas\u0131 Ferdi Tayfur ile aras\u0131ndaki sorunlar\u0131 kuzeni \u015eirin G\u00f6zal\u0131c\u0131&#8217;ya ba\u011flad\u0131. Babas\u0131yla aras\u0131na girdiklerini s\u00f6yledi ve baba k\u0131z\u0131 d\u00fc\u015fman ettiklerini s\u00f6yledi. Ferdi Tayfur&#8217;un vasiyetinde mal varl\u0131\u011f\u0131n\u0131 kime b\u0131rakt\u0131\u011f\u0131 bilinmiyor. Ancak \u015fark\u0131lar\u0131n\u0131n telif hakk\u0131n\u0131 miras olarak b\u0131rakmayaca\u011f\u0131n\u0131 bir r\u00f6portaj\u0131nda s\u00f6ylemi\u015fti. Bu detay Ferdi Tayfur&#8217;un \u00f6l\u00fcm\u00fcn\u00fcn ard\u0131ndan yeniden g\u00fcndem oldu. Ferdi Tayfur sa\u011fl\u0131\u011f\u0131ndaki konu\u015fmas\u0131nda: &#8220;Hayattayken de \u00f6ld\u00fc\u011f\u00fcm zaman da benim \u015fark\u0131lar\u0131m\u0131 herkes \u00f6deme yapmadan dinleyebilsinler diye s\u00f6yleyece\u011fim. \u00c7\u00fcnk\u00fc o \u015fark\u0131lar\u0131 benim \u00e7ocuklar\u0131m ya da miras\u00e7\u0131lar\u0131m yapmad\u0131. Ben yapt\u0131m o \u015fark\u0131lar\u0131 ve halk duysun diye, insanlar faydalans\u0131n diye yapt\u0131m.&#8221; diye konu\u015fmu\u015ftu.<\/p>\n<p><img loading=\"lazy\" decoding=\"async\" class=\"alignnone size-full wp-image-117674\" src=\"https:\/\/www.tgrthaber.com\/mavikadin\/wp-content\/uploads\/Ekran-goruntusu-2025-01-06-132304.png\" alt=\"\" width=\"1213\" height=\"641\" title=\"\" srcset=\"https:\/\/www.tgrthaber.com\/mavikadin\/wp-content\/uploads\/Ekran-goruntusu-2025-01-06-132304.png 1213w, https:\/\/www.tgrthaber.com\/mavikadin\/wp-content\/uploads\/Ekran-goruntusu-2025-01-06-132304-300x159.png 300w, https:\/\/www.tgrthaber.com\/mavikadin\/wp-content\/uploads\/Ekran-goruntusu-2025-01-06-132304-1024x541.png 1024w, https:\/\/www.tgrthaber.com\/mavikadin\/wp-content\/uploads\/Ekran-goruntusu-2025-01-06-132304-768x406.png 768w\" sizes=\"(max-width: 1213px) 100vw, 1213px\" \/><\/p>\n<hr \/>\n<p>Ayr\u0131ca T\u00fcrk m\u00fczi\u011finin usta isimlerinden biri olan Ferdi Tayfur k\u0131z\u0131 Tu\u011f\u00e7e Tayfur ile yaz aylar\u0131nda sorun ya\u015fam\u0131\u015f ve mahkemelik olmu\u015ftu. \u0130kili aras\u0131nda patlak veren soyad\u0131 krizi nedeniyle Tayfur, k\u0131z\u0131n\u0131n d\u00fc\u011f\u00fcn\u00fcne kat\u0131lmam\u0131\u015f, ilk torununu dahi g\u00f6rmeye gitmemi\u015fti.<\/p>\n","protected":false},"excerpt":{"rendered":"<p>Babas\u0131n\u0131n cenazesi ba\u015f\u0131nda kavga etti\u011fi kuzeniyle tepkiye yol a\u00e7an Tu\u011f\u00e7e Tayfur g\u00fcndemden d\u00fc\u015fm\u00fcyor. Ferdi Tayfur&#8217;un cenazesinin ba\u015f\u0131nda k\u0131z\u0131 Tu\u011f\u00e7e Tayfur&#8217;u istemeyen \u015eirin G\u00f6zal\u0131c\u0131 kavga etti. Kuzenler aras\u0131nda neler oldu ve husumeti nereye dayan\u0131yor detaylar haberimizde. <\/p>\n","protected":false},"author":25,"featured_media":117675,"comment_status":"closed","ping_status":"closed","sticky":false,"template":"","format":"standard","meta":{"rank_math_lock_modified_date":false,"footnotes":""},"categories":[101,76],"tags":[4326,7039,2616],"class_list":["post-117632","post","type-post","status-publish","format-standard","has-post-thumbnail","hentry","category-kesfet","category-magazin","tag-ferdi-tayfur","tag-sirin-gozalici","tag-tugce-tayfur"],"_links":{"self":[{"href":"https:\/\/www.tgrthaber.com\/mavikadin\/wp-json\/wp\/v2\/posts\/117632"}],"collection":[{"href":"https:\/\/www.tgrthaber.com\/mavikadin\/wp-json\/wp\/v2\/posts"}],"about":[{"href":"https:\/\/www.tgrthaber.com\/mavikadin\/wp-json\/wp\/v2\/types\/post"}],"author":[{"embeddable":true,"href":"https:\/\/www.tgrthaber.com\/mavikadin\/wp-json\/wp\/v2\/users\/25"}],"replies":[{"embeddable":true,"href":"https:\/\/www.tgrthaber.com\/mavikadin\/wp-json\/wp\/v2\/comments?post=117632"}],"version-history":[{"count":2,"href":"https:\/\/www.tgrthaber.com\/mavikadin\/wp-json\/wp\/v2\/posts\/117632\/revisions"}],"predecessor-version":[{"id":117677,"href":"https:\/\/www.tgrthaber.com\/mavikadin\/wp-json\/wp\/v2\/posts\/117632\/revisions\/117677"}],"wp:featuredmedia":[{"embeddable":true,"href":"https:\/\/www.tgrthaber.com\/mavikadin\/wp-json\/wp\/v2\/media\/117675"}],"wp:attachment":[{"href":"https:\/\/www.tgrthaber.com\/mavikadin\/wp-json\/wp\/v2\/media?parent=117632"}],"wp:term":[{"taxonomy":"category","embeddable":true,"href":"https:\/\/www.tgrthaber.com\/mavikadin\/wp-json\/wp\/v2\/categories?post=117632"},{"taxonomy":"post_tag","embeddable":true,"href":"https:\/\/www.tgrthaber.com\/mavikadin\/wp-json\/wp\/v2\/tags?post=117632"}],"curies":[{"name":"wp","href":"https:\/\/api.w.org\/{rel}","templated":true}]}}