{"id":117633,"date":"2025-01-06T11:25:54","date_gmt":"2025-01-06T08:25:54","guid":{"rendered":"https:\/\/www.tgrthaber.com\/mavikadin\/?p=117633"},"modified":"2025-01-06T11:25:54","modified_gmt":"2025-01-06T08:25:54","slug":"orhan-gencebay-yali-dairesine-veda-ediyor-fiyati-dudak-ucuklatti","status":"publish","type":"post","link":"https:\/\/www.tgrthaber.com\/mavikadin\/orhan-gencebay-yali-dairesine-veda-ediyor-fiyati-dudak-ucuklatti\/","title":{"rendered":"Orhan Gencebay yal\u0131 dairesine veda ediyor! Fiyat\u0131 dudak u\u00e7uklatt\u0131"},"content":{"rendered":"<p>Orhan Gencebay 44 y\u0131ld\u0131r birlikte oldu\u011fu Sevim Emre ile 4+1 160 metrekare b\u00fcy\u00fckl\u00fc\u011f\u00fcndeki yal\u0131 dairesini sat\u0131\u015fa \u00e7\u0131kard\u0131. Hafta sonu kalabal\u0131\u011f\u0131 y\u00fcz\u00fcnden yal\u0131 dairesini sat\u0131p daha sakin bir yere ta\u015f\u0131nmak isteyen Orhan Gencebay\u2019\u0131n yal\u0131s\u0131 i\u00e7in istedi\u011fi fiyatta dudak u\u00e7uklatt\u0131.<\/p>\n<h3>ORHAN GENCEBAY YALI DA\u0130RES\u0130NE VEDA ED\u0130YOR!<\/h3>\n<p>Arabesk m\u00fczi\u011fin usta ismi Orhan Gencebay 44 y\u0131ll\u0131k hayat arkada\u015f\u0131 Sevim Emre ile oturdu\u011fu yal\u0131s\u0131n\u0131 107 milyon TL\u2019ye sat\u0131\u015fa \u00e7\u0131kard\u0131.<br \/>\nBo\u011faz\u2019a s\u0131f\u0131r konumda bulunan yal\u0131 dairesini satmak isteyen ikili daha sakin bir yere ta\u015f\u0131nmak istiyor.<\/p>\n<p>\u00d6zellikle hafta sonlar\u0131 kalabal\u0131kla\u015fan semtten rahats\u0131z olan Sevim Emre, \u201cE\u011fer Orhan daha b\u00fcy\u00fck ve iyi manzaral\u0131 ev bulursa o zaman ta\u015f\u0131n\u0131r\u0131z\u201d demi\u015fti.<\/p>\n<p><img loading=\"lazy\" decoding=\"async\" class=\"alignnone wp-image-117637\" src=\"https:\/\/www.tgrthaber.com\/mavikadin\/wp-content\/uploads\/Orhan-Gencebay-2_restored.jpeg\" alt=\"\" width=\"1208\" height=\"679\" title=\"\" srcset=\"https:\/\/www.tgrthaber.com\/mavikadin\/wp-content\/uploads\/Orhan-Gencebay-2_restored.jpeg 2000w, https:\/\/www.tgrthaber.com\/mavikadin\/wp-content\/uploads\/Orhan-Gencebay-2_restored-300x169.jpeg 300w, https:\/\/www.tgrthaber.com\/mavikadin\/wp-content\/uploads\/Orhan-Gencebay-2_restored-1024x575.jpeg 1024w, https:\/\/www.tgrthaber.com\/mavikadin\/wp-content\/uploads\/Orhan-Gencebay-2_restored-768x432.jpeg 768w, https:\/\/www.tgrthaber.com\/mavikadin\/wp-content\/uploads\/Orhan-Gencebay-2_restored-1536x863.jpeg 1536w\" sizes=\"(max-width: 1208px) 100vw, 1208px\" \/><\/p>\n<hr \/>\n<p>4 odas\u0131 ve bir salonu olan 160 metrekare b\u00fcy\u00fckl\u00fc\u011f\u00fcndeki yal\u0131 daire i\u00e7in 107 milyon TL talep eden \u00e7iftin Baltaliman\u0131\u2019ndan nereye ta\u015f\u0131naca\u011f\u0131 da merak konusu oldu.<\/p>\n<h3>YALI SAH\u0130PLER\u0130 D\u0130KEN \u00dcST\u00dcNDE<\/h3>\n<p>Bo\u011fazdan bir d\u00f6nem konum itibariyle zevk i\u00e7in yal\u0131 alan ki\u015filer \u015fuanda diken \u00fcst\u00fcnde. Malikleri taraf\u0131ndan kullan\u0131lmamas\u0131 nedeniyle sat\u0131\u015fa \u00e7\u0131kar\u0131labilen yal\u0131 dairelerinin bak\u0131m maliyetleri \u00e7ok y\u00fcksek.<\/p>\n<p><img loading=\"lazy\" decoding=\"async\" class=\"alignnone wp-image-117638\" src=\"https:\/\/www.tgrthaber.com\/mavikadin\/wp-content\/uploads\/Orhan-Gencebay-5_restored.jpeg\" alt=\"\" width=\"1208\" height=\"679\" title=\"\" srcset=\"https:\/\/www.tgrthaber.com\/mavikadin\/wp-content\/uploads\/Orhan-Gencebay-5_restored.jpeg 2000w, https:\/\/www.tgrthaber.com\/mavikadin\/wp-content\/uploads\/Orhan-Gencebay-5_restored-300x169.jpeg 300w, https:\/\/www.tgrthaber.com\/mavikadin\/wp-content\/uploads\/Orhan-Gencebay-5_restored-1024x575.jpeg 1024w, https:\/\/www.tgrthaber.com\/mavikadin\/wp-content\/uploads\/Orhan-Gencebay-5_restored-768x432.jpeg 768w, https:\/\/www.tgrthaber.com\/mavikadin\/wp-content\/uploads\/Orhan-Gencebay-5_restored-1536x863.jpeg 1536w\" sizes=\"(max-width: 1208px) 100vw, 1208px\" \/><\/p>\n<hr \/>\n<p>Ayr\u0131ca Bo\u011faz riski baz\u0131 yal\u0131 sahiplerini de \u00fcrk\u00fct\u00fcyor. Kalabal\u0131k ve g\u00fcr\u00fclt\u00fc y\u00fcz\u00fcnden de art\u0131k bo\u011fazdaki yal\u0131lar daha az tercih ediliyor.<\/p>\n<p>Son olarak usta sanat\u00e7\u0131 Ferdi Tayfur&#8217;un cenaze t\u00f6reninde g\u00fcndem olan Orhan Gencebay Tayfur&#8217;un tabutunu \u00f6perek duygusal anlar ya\u015fam\u0131\u015ft\u0131.<\/p>\n<p>39 derece ate\u015fiyle cenaze t\u00f6renine kat\u0131lan Gencebay, &#8220;O benim sevgili karde\u015fimdi&#8221; ifadelerini kulland\u0131.<\/p>\n<p><img loading=\"lazy\" decoding=\"async\" class=\"alignnone wp-image-117639\" src=\"https:\/\/www.tgrthaber.com\/mavikadin\/wp-content\/uploads\/Orhan-Gencebay-4_restored.jpeg\" alt=\"\" width=\"1208\" height=\"679\" title=\"\" srcset=\"https:\/\/www.tgrthaber.com\/mavikadin\/wp-content\/uploads\/Orhan-Gencebay-4_restored.jpeg 2000w, https:\/\/www.tgrthaber.com\/mavikadin\/wp-content\/uploads\/Orhan-Gencebay-4_restored-300x169.jpeg 300w, https:\/\/www.tgrthaber.com\/mavikadin\/wp-content\/uploads\/Orhan-Gencebay-4_restored-1024x575.jpeg 1024w, https:\/\/www.tgrthaber.com\/mavikadin\/wp-content\/uploads\/Orhan-Gencebay-4_restored-768x432.jpeg 768w, https:\/\/www.tgrthaber.com\/mavikadin\/wp-content\/uploads\/Orhan-Gencebay-4_restored-1536x863.jpeg 1536w\" sizes=\"(max-width: 1208px) 100vw, 1208px\" \/><\/p>\n<hr \/>\n<h3>&#8220;T\u00dcRL\u00dc T\u00dcRL\u00dc YALANLAR S\u00d6YLED\u0130LER&#8221;<\/h3>\n<p>Uzun y\u0131llar aram\u0131z\u0131 bozmaya \u00e7al\u0131\u015ft\u0131lar diyen Gencebay, &#8220;Aram\u0131z\u0131 bozmak i\u00e7in t\u00fcrl\u00fc t\u00fcrl\u00fc yalanlar s\u00f6ylediler&#8221; diye konu\u015ftu.<\/p>\n<p>Usta isim Orhan Gencebay a\u00e7\u0131klamalar\u0131nda \u015funlar\u0131 s\u00f6yledi:<\/p>\n<p>Sevgili karde\u015fim \u015fu anda son yolculu\u011funa \u00e7\u0131k\u0131yor. Fakat bu d\u00fcnyada kim ne yapt\u0131ysa iyi yapmal\u0131 diyoruz ya o bu d\u00fcnyada yap\u0131lacak g\u00f6revleri en iyi \u015fekilde yapt\u0131. Ger\u00e7ekten kimseye nasip olmayan bir ilgiyle ve sevgiyle kar\u015f\u0131land\u0131. Benim \u00e7ok eski arkada\u015f\u0131md\u0131, karde\u015fimdi. Bizi 70&#8217;li y\u0131llarda o hale getirdiler ki birbirimize rakipmi\u015fiz gibi, Orhanc\u0131 ve Ferdici diye. Ama biz birbirimizi \u00e7ok seviyorduk. Biz \u00e7ok iyi dosttuk. Bizim aram\u0131z\u0131 bozmak i\u00e7in t\u00fcrl\u00fc t\u00fcrl\u00fc yalanalar s\u00f6ylemi\u015flerdi. O benim sevgili karde\u015fimdi.<\/p>\n","protected":false},"excerpt":{"rendered":"<p>Arabesk m\u00fczi\u011fin usta ismi Orhan Gencebay Sevim Emre ile 44 y\u0131ld\u0131r oturduklar\u0131 Baltaliman\u0131\u2019ndaki yal\u0131 dairesini sat\u0131\u015fa \u00e7\u0131kar\u0131yor. Yal\u0131 dairesi i\u00e7in istenen fiyat ise dudak u\u00e7uklat\u0131yor. <\/p>\n","protected":false},"author":5,"featured_media":117636,"comment_status":"closed","ping_status":"closed","sticky":false,"template":"","format":"standard","meta":{"rank_math_lock_modified_date":false,"footnotes":""},"categories":[76],"tags":[2314,7200],"class_list":["post-117633","post","type-post","status-publish","format-standard","has-post-thumbnail","hentry","category-magazin","tag-orhan-gencebay","tag-sevim-emre"],"_links":{"self":[{"href":"https:\/\/www.tgrthaber.com\/mavikadin\/wp-json\/wp\/v2\/posts\/117633"}],"collection":[{"href":"https:\/\/www.tgrthaber.com\/mavikadin\/wp-json\/wp\/v2\/posts"}],"about":[{"href":"https:\/\/www.tgrthaber.com\/mavikadin\/wp-json\/wp\/v2\/types\/post"}],"author":[{"embeddable":true,"href":"https:\/\/www.tgrthaber.com\/mavikadin\/wp-json\/wp\/v2\/users\/5"}],"replies":[{"embeddable":true,"href":"https:\/\/www.tgrthaber.com\/mavikadin\/wp-json\/wp\/v2\/comments?post=117633"}],"version-history":[{"count":2,"href":"https:\/\/www.tgrthaber.com\/mavikadin\/wp-json\/wp\/v2\/posts\/117633\/revisions"}],"predecessor-version":[{"id":117642,"href":"https:\/\/www.tgrthaber.com\/mavikadin\/wp-json\/wp\/v2\/posts\/117633\/revisions\/117642"}],"wp:featuredmedia":[{"embeddable":true,"href":"https:\/\/www.tgrthaber.com\/mavikadin\/wp-json\/wp\/v2\/media\/117636"}],"wp:attachment":[{"href":"https:\/\/www.tgrthaber.com\/mavikadin\/wp-json\/wp\/v2\/media?parent=117633"}],"wp:term":[{"taxonomy":"category","embeddable":true,"href":"https:\/\/www.tgrthaber.com\/mavikadin\/wp-json\/wp\/v2\/categories?post=117633"},{"taxonomy":"post_tag","embeddable":true,"href":"https:\/\/www.tgrthaber.com\/mavikadin\/wp-json\/wp\/v2\/tags?post=117633"}],"curies":[{"name":"wp","href":"https:\/\/api.w.org\/{rel}","templated":true}]}}