{"id":117656,"date":"2025-01-06T12:46:51","date_gmt":"2025-01-06T09:46:51","guid":{"rendered":"https:\/\/www.tgrthaber.com\/mavikadin\/?p=117656"},"modified":"2025-01-06T12:47:01","modified_gmt":"2025-01-06T09:47:01","slug":"aslihan-dogan-turan-turkiyeye-donecegi-icin-mutsuz-arda-turani-ikna-etmeye-calisiyor","status":"publish","type":"post","link":"https:\/\/www.tgrthaber.com\/mavikadin\/aslihan-dogan-turan-turkiyeye-donecegi-icin-mutsuz-arda-turani-ikna-etmeye-calisiyor\/","title":{"rendered":"Asl\u0131han Do\u011fan Turan T\u00fcrkiye&#8217;ye d\u00f6nece\u011fi i\u00e7in mutsuz! Arda Turan\u2019\u0131 ikna etmeye \u00e7al\u0131\u015f\u0131yor"},"content":{"rendered":"<p>Asl\u0131han Do\u011fan Turan T\u00fcrkiye\u2019ye d\u00f6nece\u011fi i\u00e7in mutsuz oldu\u011funu s\u00f6yledi. YouTube kanal\u0131nda T\u00fcrkiye\u2019ye d\u00f6nece\u011fi i\u00e7in mutsuz oldu\u011funu ve \u0130svi\u00e7re\u2019de kalmak istedi\u011fini ifade etti.<\/p>\n<h3>ASLIHAN DO\u011eAN TURAN T\u00dcRK\u0130YE&#8217;YE D\u00d6NECE\u011e\u0130 \u0130\u00c7\u0130N MUTSUZ!<\/h3>\n<p>Asl\u0131han Do\u011fan Turan annesi G\u00fcler Do\u011fan, o\u011fullar\u0131 Hamza Arda ve Asil Aslan ile \u0130svi\u00e7re Gstaad&#8217;da tatil yap\u0131yor. T\u00fcrkiye\u2019ye d\u00f6nece\u011fi i\u00e7in mutsuz olan Turan burada kalmak istedi\u011finin alt\u0131n\u0131 \u00e7izerek a\u00e7\u0131klama yapt\u0131.<\/p>\n<p><img loading=\"lazy\" decoding=\"async\" class=\"alignnone wp-image-117657\" src=\"https:\/\/www.tgrthaber.com\/mavikadin\/wp-content\/uploads\/Arda-Turan-1.jpg\" alt=\"\" width=\"1208\" height=\"680\" title=\"\" srcset=\"https:\/\/www.tgrthaber.com\/mavikadin\/wp-content\/uploads\/Arda-Turan-1.jpg 1920w, https:\/\/www.tgrthaber.com\/mavikadin\/wp-content\/uploads\/Arda-Turan-1-300x169.jpg 300w, https:\/\/www.tgrthaber.com\/mavikadin\/wp-content\/uploads\/Arda-Turan-1-1024x576.jpg 1024w, https:\/\/www.tgrthaber.com\/mavikadin\/wp-content\/uploads\/Arda-Turan-1-768x432.jpg 768w, https:\/\/www.tgrthaber.com\/mavikadin\/wp-content\/uploads\/Arda-Turan-1-1536x864.jpg 1536w\" sizes=\"(max-width: 1208px) 100vw, 1208px\" \/><\/p>\n<hr \/>\n<p>\u0130svi\u00e7re&#8217;de \u00e7ocuklar\u0131n e\u011fitim hayat\u0131 ve gelece\u011fi i\u00e7in ya\u015famak istedi\u011fini dile getiren Turan, &#8220;\u0130n\u015fallah bu hayalim ger\u00e7ekle\u015fir. Bunun i\u00e7in sevgili e\u015fim Arda&#8217;y\u0131 ikna etmem gerekiyor. Gelece\u011fimi hep burada d\u00fc\u015f\u00fcn\u00fcyorum ve gerekli ad\u0131mlar\u0131 at\u0131yorum&#8221; dedi.<\/p>\n<h3>ASLIHAN DO\u011eAN TURAN K\u0130MD\u0130R?<\/h3>\n<p>Asl\u0131han Do\u011fan \u0130stanbul\u2019 da 4 Aral\u0131k 1985 y\u0131l\u0131nda d\u00fcnyaya geldi. Bir s\u00fcre \u0130ngiltere&#8217;de e\u011fitim alan Turan i\u015f adam\u0131 Sabri Do\u011fan&#8217;\u0131n k\u0131z\u0131d\u0131r.<br \/>\n2018 y\u0131l\u0131nda \u00fcnl\u00fc futbolcu Arda Turan ile d\u00fcnyaevine giren Asl\u0131han Do\u011fan\u2019\u0131n Hamza Arda Turan ve Asil Aslan Turan ad\u0131nda iki o\u011flu var.<\/p>\n<p><img loading=\"lazy\" decoding=\"async\" class=\"alignnone wp-image-117658\" src=\"https:\/\/www.tgrthaber.com\/mavikadin\/wp-content\/uploads\/Arda-Turan-2.jpg\" alt=\"\" width=\"1208\" height=\"680\" title=\"\" srcset=\"https:\/\/www.tgrthaber.com\/mavikadin\/wp-content\/uploads\/Arda-Turan-2.jpg 1920w, https:\/\/www.tgrthaber.com\/mavikadin\/wp-content\/uploads\/Arda-Turan-2-300x169.jpg 300w, https:\/\/www.tgrthaber.com\/mavikadin\/wp-content\/uploads\/Arda-Turan-2-1024x576.jpg 1024w, https:\/\/www.tgrthaber.com\/mavikadin\/wp-content\/uploads\/Arda-Turan-2-768x432.jpg 768w, https:\/\/www.tgrthaber.com\/mavikadin\/wp-content\/uploads\/Arda-Turan-2-1536x864.jpg 1536w\" sizes=\"(max-width: 1208px) 100vw, 1208px\" \/><\/p>\n<hr \/>\n<h3>ARDA TURAN VE ASLIHAN DO\u011eAN NE ZAMAN TANI\u015eTI?<\/h3>\n<p>Asl\u0131han Do\u011fan Turan ile Arda Turan 2005 y\u0131l\u0131nda tan\u0131\u015ft\u0131. 2018 y\u0131l\u0131nda Arda Turan\u0131n \u00e7ubukluda ki evinde sade bir nik\u00e2h t\u00f6reni ile evlenen \u00e7ift ili\u015fkilerinin 10 y\u0131ldan sonra ba\u015flad\u0131\u011f\u0131n\u0131 ifade etti.<\/p>\n<p><img loading=\"lazy\" decoding=\"async\" class=\"alignnone size-full wp-image-117659\" src=\"https:\/\/www.tgrthaber.com\/mavikadin\/wp-content\/uploads\/Arda-Turan-4.jpg\" alt=\"\" width=\"1920\" height=\"1080\" title=\"\" srcset=\"https:\/\/www.tgrthaber.com\/mavikadin\/wp-content\/uploads\/Arda-Turan-4.jpg 1920w, https:\/\/www.tgrthaber.com\/mavikadin\/wp-content\/uploads\/Arda-Turan-4-300x169.jpg 300w, https:\/\/www.tgrthaber.com\/mavikadin\/wp-content\/uploads\/Arda-Turan-4-1024x576.jpg 1024w, https:\/\/www.tgrthaber.com\/mavikadin\/wp-content\/uploads\/Arda-Turan-4-768x432.jpg 768w, https:\/\/www.tgrthaber.com\/mavikadin\/wp-content\/uploads\/Arda-Turan-4-1536x864.jpg 1536w\" sizes=\"(max-width: 1920px) 100vw, 1920px\" \/><\/p>\n<hr \/>\n<p>Evlilikleri olduk\u00e7a ses getiren ikilinin bu birliktelikten Hamza Arda ve Asil Aslan ad\u0131nda iki o\u011flu bulunuyor. Evliliklerini sosyal medya d\u0131\u015f\u0131nda g\u00f6zlerden uzakta ya\u015fayan \u00e7ift mutlu beraberliklerini s\u0131k s\u0131k dile getiriyor.<\/p>\n","protected":false},"excerpt":{"rendered":"<p>Asl\u0131han Do\u011fan Turan sosyal medyada g\u00fcndem oldu. YouTube kanal\u0131nda T\u00fcrkiye\u2019ye d\u00f6nece\u011fi i\u00e7in mutsuz oldu\u011funu s\u00f6yleyen Turan, bu konu i\u00e7in e\u015fini ikna etmesi gerekti\u011fini ifade etti.<\/p>\n","protected":false},"author":5,"featured_media":117660,"comment_status":"closed","ping_status":"closed","sticky":false,"template":"","format":"standard","meta":{"rank_math_lock_modified_date":false,"footnotes":""},"categories":[76],"tags":[5771,5772],"class_list":["post-117656","post","type-post","status-publish","format-standard","has-post-thumbnail","hentry","category-magazin","tag-arda-turan","tag-aslihan-dogan-turan"],"_links":{"self":[{"href":"https:\/\/www.tgrthaber.com\/mavikadin\/wp-json\/wp\/v2\/posts\/117656"}],"collection":[{"href":"https:\/\/www.tgrthaber.com\/mavikadin\/wp-json\/wp\/v2\/posts"}],"about":[{"href":"https:\/\/www.tgrthaber.com\/mavikadin\/wp-json\/wp\/v2\/types\/post"}],"author":[{"embeddable":true,"href":"https:\/\/www.tgrthaber.com\/mavikadin\/wp-json\/wp\/v2\/users\/5"}],"replies":[{"embeddable":true,"href":"https:\/\/www.tgrthaber.com\/mavikadin\/wp-json\/wp\/v2\/comments?post=117656"}],"version-history":[{"count":1,"href":"https:\/\/www.tgrthaber.com\/mavikadin\/wp-json\/wp\/v2\/posts\/117656\/revisions"}],"predecessor-version":[{"id":117661,"href":"https:\/\/www.tgrthaber.com\/mavikadin\/wp-json\/wp\/v2\/posts\/117656\/revisions\/117661"}],"wp:featuredmedia":[{"embeddable":true,"href":"https:\/\/www.tgrthaber.com\/mavikadin\/wp-json\/wp\/v2\/media\/117660"}],"wp:attachment":[{"href":"https:\/\/www.tgrthaber.com\/mavikadin\/wp-json\/wp\/v2\/media?parent=117656"}],"wp:term":[{"taxonomy":"category","embeddable":true,"href":"https:\/\/www.tgrthaber.com\/mavikadin\/wp-json\/wp\/v2\/categories?post=117656"},{"taxonomy":"post_tag","embeddable":true,"href":"https:\/\/www.tgrthaber.com\/mavikadin\/wp-json\/wp\/v2\/tags?post=117656"}],"curies":[{"name":"wp","href":"https:\/\/api.w.org\/{rel}","templated":true}]}}