{"id":117678,"date":"2025-01-06T14:12:27","date_gmt":"2025-01-06T11:12:27","guid":{"rendered":"https:\/\/www.tgrthaber.com\/mavikadin\/?p=117678"},"modified":"2025-01-06T14:13:58","modified_gmt":"2025-01-06T11:13:58","slug":"gel-konusalim-sunucusu-ece-erken-kimdir-kac-yasinda-ve-kac-cocugu-var","status":"publish","type":"post","link":"https:\/\/www.tgrthaber.com\/mavikadin\/gel-konusalim-sunucusu-ece-erken-kimdir-kac-yasinda-ve-kac-cocugu-var\/","title":{"rendered":"Gel Konu\u015fal\u0131m sunucusu Ece Erken kimdir? Ka\u00e7 ya\u015f\u0131nda ve ka\u00e7 \u00e7ocu\u011fu var?"},"content":{"rendered":"<p>Gel Konu\u015fal\u0131m sunucusu Ece Erken kimdir \u00e7ok merak edilen bir konu oldu. Herkesin merak etti\u011fi Ece Erken ka\u00e7 ya\u015f\u0131nda ve ka\u00e7 \u00e7ocu\u011fu var sizler i\u00e7in \u00fcnl\u00fc sunucunun hayat\u0131na dair detaylar\u0131 haberimizde verdik. Ece Erken yeniden ekranlara sunucu olarak d\u00f6nd\u00fc.<\/p>\n<h3>ECE ERKEN K\u0130MD\u0130R? KA\u00c7 YA\u015eINDA, KA\u00c7 \u00c7OCU\u011eU VAR?<\/h3>\n<p>Ece Erken Gel Konu\u015fal\u0131m program\u0131 ile ekranlara yeniden d\u00f6nd\u00fc. Herkesin ilgisini \u00e7eken isim Ece Erken kimdir merak ediliyor. TV8 ekranlar\u0131nda yay\u0131nlanacak olan programda Nur Tu\u011fba Naml\u0131 ile beraber Ece Erken sunucu olarak yer alacak. Ece Erken bu y\u00fczden merak edilen isimlerden biri oldu. Uzun y\u0131llard\u0131r televizyonlarda sunuculuk yapan Ece Erken 46 ya\u015f\u0131nda. G\u00fczel sunucu y\u0131llara meydan okuyan g\u00f6r\u00fcn\u00fcm\u00fcyle ekranlarda sunuculuk yapmaya devam ediyor. G\u00fczel sunucunun bir \u00e7ocu\u011fu bulunuyor. 2007 ile 2009 y\u0131llar\u0131 aras\u0131nda Tuncer \u00d6ztarhan ile evli olan Ece Erken daha sonra 2014 ile 2015 y\u0131llar\u0131 aras\u0131nda Serkan U\u00e7ar ile evliydi. 2021 ile 2022 y\u0131llar\u0131 aras\u0131nda ise \u015eafak Mahmut Yaz\u0131c\u0131o\u011flu ile evli oldu. Ece Erken 46 ya\u015f\u0131nda duru g\u00fczelli\u011fi ve samimi tav\u0131rlar\u0131yla herkesin sevgisini kazanmaya devam ediyor.<\/p>\n<p><img loading=\"lazy\" decoding=\"async\" class=\"alignnone size-full wp-image-117681\" src=\"https:\/\/www.tgrthaber.com\/mavikadin\/wp-content\/uploads\/Ekran-goruntusu-2025-01-06-140658.png\" alt=\"\" width=\"548\" height=\"761\" title=\"\" srcset=\"https:\/\/www.tgrthaber.com\/mavikadin\/wp-content\/uploads\/Ekran-goruntusu-2025-01-06-140658.png 548w, https:\/\/www.tgrthaber.com\/mavikadin\/wp-content\/uploads\/Ekran-goruntusu-2025-01-06-140658-216x300.png 216w\" sizes=\"(max-width: 548px) 100vw, 548px\" \/><\/p>\n<hr \/>\n<p>\u00c7orlu&#8217;da d\u00fcnyaya gelen Ece Erken aslen Samsunlu. Babas\u0131 subay oldu\u011fundan tayinlerden dolay\u0131 A\u011fr\u0131, Ankara, K\u0131br\u0131s gibi \u00e7e\u015fitli yerlerde ya\u015fad\u0131. Liseyi \u0130stanbul Be\u015fikta\u015f Atat\u00fcrk Anadolu Lisesi&#8217;nde bitirdi. Babas\u0131yla annesi ayr\u0131ld\u0131; Ece Erken, annesiyle Be\u015fikta\u015f&#8217;ta ya\u015f\u0131yor. Bir abisi vard\u0131r. 12 ya\u015f\u0131nda K\u0131br\u0131s&#8217;ta Bayrak Radyo Televizyonu&#8217;nda kariyer ya\u015fam\u0131na ba\u015flad\u0131. Ard\u0131ndan \u0130stanbul&#8217;a geldi ve Kral Tv&#8217;de i\u015fe ba\u015flad\u0131. Kral Tv\u2019den sonra ise Metropol FM, Alem FM, Show Radyo ve son olarak Radyo Viva&#8217;da \u00e7al\u0131\u015ft\u0131.<\/p>\n<p><img loading=\"lazy\" decoding=\"async\" class=\"alignnone size-full wp-image-117682\" src=\"https:\/\/www.tgrthaber.com\/mavikadin\/wp-content\/uploads\/Ekran-goruntusu-2025-01-06-140705.png\" alt=\"\" width=\"544\" height=\"737\" title=\"\" srcset=\"https:\/\/www.tgrthaber.com\/mavikadin\/wp-content\/uploads\/Ekran-goruntusu-2025-01-06-140705.png 544w, https:\/\/www.tgrthaber.com\/mavikadin\/wp-content\/uploads\/Ekran-goruntusu-2025-01-06-140705-221x300.png 221w\" sizes=\"(max-width: 544px) 100vw, 544px\" \/><\/p>\n<hr \/>\n<p>Televizyonculuk kariyerine ilk Star Tv&#8217;de ba\u015flad\u0131. Daha sonra, Kanal 6, Number One TV, Gen\u00e7 TV&#8217;de \u00e7al\u0131\u015ft\u0131. 4 y\u0131l Show TV&#8217;de program yapt\u0131. Kanal 1&#8217;de sunuculuk yapt\u0131. ATV&#8217;de &#8220;Mavi \u015eeker&#8221; adl\u0131 program\u0131n sunuculu\u011funu yapt\u0131. ATV&#8217;de Enbe Orkestras\u0131 ile &#8220;Enbeyaz Geceler&#8221; adl\u0131 program\u0131n sunuculu\u011funu yapt\u0131. FOX TV&#8217;de &#8220;A\u00e7 A\u00e7 Kazan&#8221; adl\u0131 program\u0131 sundu. 2011 y\u0131l\u0131nda ise Kanalt\u00fcrk &#8216;te Davut G\u00fclo\u011flu ile &#8220;Hayata G\u00fclerken&#8221; adl\u0131 e\u011flence program\u0131n\u0131 sundu. Beyaz TV&#8217;de yay\u0131nlanan &#8220;Tatl\u0131m Benim&#8221; adl\u0131 program\u0131 sundu.<\/p>\n<p><img loading=\"lazy\" decoding=\"async\" class=\"alignnone size-full wp-image-117683\" src=\"https:\/\/www.tgrthaber.com\/mavikadin\/wp-content\/uploads\/Ekran-goruntusu-2025-01-06-140712.png\" alt=\"\" width=\"544\" height=\"750\" title=\"\" srcset=\"https:\/\/www.tgrthaber.com\/mavikadin\/wp-content\/uploads\/Ekran-goruntusu-2025-01-06-140712.png 544w, https:\/\/www.tgrthaber.com\/mavikadin\/wp-content\/uploads\/Ekran-goruntusu-2025-01-06-140712-218x300.png 218w\" sizes=\"(max-width: 544px) 100vw, 544px\" \/><\/p>\n<hr \/>\n<p>Ece Erken oyunculuk kariyerinde de ba\u015far\u0131l\u0131 i\u015flere imza atan bir isim oldu. 2000 y\u0131l\u0131nda Nilg\u00fcn dizisinde ba\u015frolde oynad\u0131. Lise Defteri dizisinde de yer ald\u0131. Unutulmaz dizi olan Lise Defteri uzun y\u0131llar konu\u015fuldu. Herkesin ilgisini \u00e7eken diziden sonra kariyeri de daha fazla parlamaya ba\u015flad\u0131.<\/p>\n<p>Gel Konu\u015fal\u0131m program\u0131nda Nur Tuba Naml\u0131 ile beraber sunuculuk yapan Ece Erken 6 Ocak g\u00fcn\u00fc TV8 ekranlar\u0131nda yeniden yer almaya ba\u015flad\u0131. Herkesin merak etti\u011fi g\u00fczel sunucu ilk g\u00fcn\u00fc sosyal medyas\u0131ndan da payla\u015fmay\u0131 ihmal etmedi.<\/p>\n<p><img loading=\"lazy\" decoding=\"async\" class=\"alignnone size-full wp-image-117684\" src=\"https:\/\/www.tgrthaber.com\/mavikadin\/wp-content\/uploads\/Ekran-goruntusu-2025-01-06-140940.png\" alt=\"\" width=\"629\" height=\"769\" title=\"\" srcset=\"https:\/\/www.tgrthaber.com\/mavikadin\/wp-content\/uploads\/Ekran-goruntusu-2025-01-06-140940.png 629w, https:\/\/www.tgrthaber.com\/mavikadin\/wp-content\/uploads\/Ekran-goruntusu-2025-01-06-140940-245x300.png 245w\" sizes=\"(max-width: 629px) 100vw, 629px\" \/><\/p>\n<hr \/>\n<p>Payla\u015f\u0131m\u0131nda: Bug\u00fcn ilk yay\u0131n\u0131m\u0131zd\u0131, yan\u0131m\u0131zda olan herkese te\u015fekk\u00fcr ederiz, yap\u0131c\u0131 her ele\u015ftiri mutlaka bizi geli\u015ftirecektir, daha iyiye ilerlememizi sa\u011flayacakt\u0131r. \u0130yi ki vars\u0131n\u0131z, heyecan\u0131 att\u0131k, as\u0131l yar\u0131n ba\u015fl\u0131yoruz.&#8217; dedi. Ece Erken&#8217;in payla\u015f\u0131m\u0131 alt\u0131nda ise herkes di\u011fer sunucu Nur Tuba Naml\u0131 ile olan uyumundan bahsetti. Zaman zaman uyumsuzluklar\u0131 g\u00f6r\u00fclen sunucular her ge\u00e7en g\u00fcn daha iyi olacak gibi g\u00f6r\u00fcnse de izleyicinin g\u00f6z\u00fcnden hi\u00e7bir detay ka\u00e7mad\u0131.<\/p>\n","protected":false},"excerpt":{"rendered":"<p>Gel Konu\u015fal\u0131m program\u0131 TV8 ekranlar\u0131nda yay\u0131nlanmaya ba\u015flad\u0131. Sunuculardan Ece Erken ise herkesin merak etti\u011fi isim oldu. Ece Erken kimdir, ka\u00e7 ya\u015f\u0131nda t\u00fcm detaylar haberimizde yer al\u0131yor. <\/p>\n","protected":false},"author":25,"featured_media":117685,"comment_status":"closed","ping_status":"closed","sticky":false,"template":"","format":"standard","meta":{"rank_math_lock_modified_date":false,"footnotes":""},"categories":[491,76],"tags":[7203,131,494],"class_list":["post-117678","post","type-post","status-publish","format-standard","has-post-thumbnail","hentry","category-biyografi","category-magazin","tag-ece-erken","tag-gel-konusalim","tag-kimdir"],"_links":{"self":[{"href":"https:\/\/www.tgrthaber.com\/mavikadin\/wp-json\/wp\/v2\/posts\/117678"}],"collection":[{"href":"https:\/\/www.tgrthaber.com\/mavikadin\/wp-json\/wp\/v2\/posts"}],"about":[{"href":"https:\/\/www.tgrthaber.com\/mavikadin\/wp-json\/wp\/v2\/types\/post"}],"author":[{"embeddable":true,"href":"https:\/\/www.tgrthaber.com\/mavikadin\/wp-json\/wp\/v2\/users\/25"}],"replies":[{"embeddable":true,"href":"https:\/\/www.tgrthaber.com\/mavikadin\/wp-json\/wp\/v2\/comments?post=117678"}],"version-history":[{"count":1,"href":"https:\/\/www.tgrthaber.com\/mavikadin\/wp-json\/wp\/v2\/posts\/117678\/revisions"}],"predecessor-version":[{"id":117686,"href":"https:\/\/www.tgrthaber.com\/mavikadin\/wp-json\/wp\/v2\/posts\/117678\/revisions\/117686"}],"wp:featuredmedia":[{"embeddable":true,"href":"https:\/\/www.tgrthaber.com\/mavikadin\/wp-json\/wp\/v2\/media\/117685"}],"wp:attachment":[{"href":"https:\/\/www.tgrthaber.com\/mavikadin\/wp-json\/wp\/v2\/media?parent=117678"}],"wp:term":[{"taxonomy":"category","embeddable":true,"href":"https:\/\/www.tgrthaber.com\/mavikadin\/wp-json\/wp\/v2\/categories?post=117678"},{"taxonomy":"post_tag","embeddable":true,"href":"https:\/\/www.tgrthaber.com\/mavikadin\/wp-json\/wp\/v2\/tags?post=117678"}],"curies":[{"name":"wp","href":"https:\/\/api.w.org\/{rel}","templated":true}]}}