{"id":117744,"date":"2025-01-06T16:58:36","date_gmt":"2025-01-06T13:58:36","guid":{"rendered":"https:\/\/www.tgrthaber.com\/mavikadin\/?p=117744"},"modified":"2025-01-06T17:33:32","modified_gmt":"2025-01-06T14:33:32","slug":"survivor-2025-meryem-kasap-kimdir-kac-yasinda-ve-nereli-iste-meryem-kasapin-hayat-hikayesi","status":"publish","type":"post","link":"https:\/\/www.tgrthaber.com\/mavikadin\/survivor-2025-meryem-kasap-kimdir-kac-yasinda-ve-nereli-iste-meryem-kasapin-hayat-hikayesi\/","title":{"rendered":"Survivor 2025 Meryem Kasap kimdir? Ka\u00e7 ya\u015f\u0131nda ve nereli? \u0130\u015fte Meryem Kasap&#8217;\u0131n hayat hikayesi"},"content":{"rendered":"<p>Survivor 2021 \u00dcnl\u00fcler Tak\u0131m\u0131 yar\u0131\u015fmac\u0131lar\u0131ndan biri olan Meryem Kasap, azmi, disiplini ve h\u0131rsl\u0131 yap\u0131s\u0131yla izleyicilerin dikkatini \u00e7eken isimlerden biri. Daha \u00f6nce Survivor 2020\u2019de ya\u015fad\u0131\u011f\u0131 sakatl\u0131k sebebiyle yar\u0131\u015fmaya erken veda eden Kasap, bu y\u0131l &#8220;Yar\u0131m kalan hesab\u0131m\u0131 kapatmaya geldim&#8221; slogan\u0131yla tekrar adaya d\u00f6nd\u00fc. Peki, milli sporcu Survivor 2025 Meryem Kasap kimdir? Ka\u00e7 ya\u015f\u0131nda ve nereli? \u0130\u015fte ba\u015far\u0131l\u0131 atletin hayat\u0131na dair merak edilenler&#8230;<\/p>\n<h3>SURV\u0130VOR MERYEM KASAP K\u0130MD\u0130R?<\/h3>\n<p>1 May\u0131s 1992 tarihinde Trabzon\u2019da d\u00fcnyaya gelen Meryem Kasap, \u00e7ocukluk y\u0131llar\u0131n\u0131 burada ge\u00e7irdi. Ailesinin en k\u00fc\u00e7\u00fck \u00e7ocu\u011fu olan Kasap, ilkokul y\u0131llar\u0131nda tiyatroyla ilgilenirken, lise d\u00f6neminde spora y\u00f6nelerek hentbol oynad\u0131. Ancak bireysel sporlara duydu\u011fu ilgi, onu atletizmle bulu\u015fturdu.<\/p>\n<p><img loading=\"lazy\" decoding=\"async\" class=\"alignnone size-full wp-image-117756\" src=\"https:\/\/www.tgrthaber.com\/mavikadin\/wp-content\/uploads\/Yeni-Proje-66.jpg\" alt=\"\" width=\"1208\" height=\"680\" title=\"\" srcset=\"https:\/\/www.tgrthaber.com\/mavikadin\/wp-content\/uploads\/Yeni-Proje-66.jpg 1208w, https:\/\/www.tgrthaber.com\/mavikadin\/wp-content\/uploads\/Yeni-Proje-66-300x169.jpg 300w, https:\/\/www.tgrthaber.com\/mavikadin\/wp-content\/uploads\/Yeni-Proje-66-1024x576.jpg 1024w, https:\/\/www.tgrthaber.com\/mavikadin\/wp-content\/uploads\/Yeni-Proje-66-768x432.jpg 768w\" sizes=\"(max-width: 1208px) 100vw, 1208px\" \/><\/p>\n<hr \/>\n<p>Spor kariyerine s\u0131r\u0131kla y\u00fcksek atlama bran\u015f\u0131yla ba\u015flayan Meryem Kasap, ge\u00e7irdi\u011fi sakatl\u0131k sonras\u0131 400 metre bran\u015f\u0131na y\u00f6neldi. Karadeniz Teknik \u00dcniversitesi Beden E\u011fitimi ve Spor Y\u00fcksekokulu\u2019ndan mezun olan ba\u015far\u0131l\u0131 sporcu, \u00fcniversite y\u0131llar\u0131nda T\u00fcrkiye \u015eampiyonu olmay\u0131 ba\u015fard\u0131. Milli tak\u0131ma se\u00e7ilerek Avrupa, Balkan ve Akdeniz \u015eampiyonalar\u0131\u2019nda T\u00fcrkiye\u2019yi temsil eden Kasap, bu organizasyonlarda bir\u00e7ok madalya kazanarak dikkat \u00e7ekti.<\/p>\n<p><img loading=\"lazy\" decoding=\"async\" class=\"alignnone size-full wp-image-117757\" src=\"https:\/\/www.tgrthaber.com\/mavikadin\/wp-content\/uploads\/Yeni-Proje-2-16.jpg\" alt=\"\" width=\"1208\" height=\"680\" title=\"\" srcset=\"https:\/\/www.tgrthaber.com\/mavikadin\/wp-content\/uploads\/Yeni-Proje-2-16.jpg 1208w, https:\/\/www.tgrthaber.com\/mavikadin\/wp-content\/uploads\/Yeni-Proje-2-16-300x169.jpg 300w, https:\/\/www.tgrthaber.com\/mavikadin\/wp-content\/uploads\/Yeni-Proje-2-16-1024x576.jpg 1024w, https:\/\/www.tgrthaber.com\/mavikadin\/wp-content\/uploads\/Yeni-Proje-2-16-768x432.jpg 768w\" sizes=\"(max-width: 1208px) 100vw, 1208px\" \/><\/p>\n<hr \/>\n<h3>MERYEM KASAP NELER\u0130?<\/h3>\n<p>Survivor 2025 yar\u0131\u015fmac\u0131lar\u0131ndan Meryem Kasap, Trabzon do\u011fumludur. 1 May\u0131s 1992 tarihinde Trabzon\u2019da d\u00fcnyaya gelen milli sporcu, \u00e7ocukluk y\u0131llar\u0131n\u0131 bu \u015fehirde ge\u00e7irmi\u015ftir.<\/p>\n<p>Trabzon\u2019un do\u011fas\u0131 ve spor k\u00fclt\u00fcr\u00fc i\u00e7inde b\u00fcy\u00fcyen Kasap, gen\u00e7 ya\u015fta spora olan ilgisini ke\u015ffetmi\u015f, lise y\u0131llar\u0131nda hentbol oynayarak spor kariyerine ad\u0131m atm\u0131\u015ft\u0131r. Daha sonra bireysel sporlara y\u00f6nelen Kasap, atletizmde g\u00f6sterdi\u011fi ba\u015far\u0131larla ad\u0131n\u0131 duyurmu\u015ftur.<\/p>\n<p><img loading=\"lazy\" decoding=\"async\" class=\"alignnone size-full wp-image-117758\" src=\"https:\/\/www.tgrthaber.com\/mavikadin\/wp-content\/uploads\/Yeni-Proje-3-12.jpg\" alt=\"\" width=\"1208\" height=\"680\" title=\"\" srcset=\"https:\/\/www.tgrthaber.com\/mavikadin\/wp-content\/uploads\/Yeni-Proje-3-12.jpg 1208w, https:\/\/www.tgrthaber.com\/mavikadin\/wp-content\/uploads\/Yeni-Proje-3-12-300x169.jpg 300w, https:\/\/www.tgrthaber.com\/mavikadin\/wp-content\/uploads\/Yeni-Proje-3-12-1024x576.jpg 1024w, https:\/\/www.tgrthaber.com\/mavikadin\/wp-content\/uploads\/Yeni-Proje-3-12-768x432.jpg 768w\" sizes=\"(max-width: 1208px) 100vw, 1208px\" \/><\/p>\n<hr \/>\n<h3>MERYEM KASAP KA\u00c7 YA\u015eINDA?<\/h3>\n<p>Survivor 2025&#8217;in yar\u0131\u015fmac\u0131lar\u0131ndan Meryem Kasap, 1 May\u0131s 1992 do\u011fumlu olup 32 ya\u015f\u0131ndad\u0131r.<\/p>\n<h3>MERYEM KASAP SURV\u0130VOR&#8217;DAN NEDEN AYRILDI?<\/h3>\n<p>Survivor 2020\u2019de \u00dcnl\u00fcler Tak\u0131m\u0131\u2019nda yar\u0131\u015fan Meryem Kasap, dizindeki k\u0131k\u0131rdak \u00e7atla\u011f\u0131 sebebiyle yar\u0131\u015fmadan erken ayr\u0131lmak zorunda kald\u0131. Performans anlam\u0131nda iyi bir ba\u015flang\u0131\u00e7 yapt\u0131\u011f\u0131n\u0131 ifade eden Kasap, sakatl\u0131k s\u00fcrecinde ya\u015fad\u0131\u011f\u0131 zorluklar\u0131n kendisi i\u00e7in b\u00fcy\u00fck bir s\u0131nav oldu\u011funu belirtti.<\/p>\n<p><img loading=\"lazy\" decoding=\"async\" class=\"alignnone size-full wp-image-117759\" src=\"https:\/\/www.tgrthaber.com\/mavikadin\/wp-content\/uploads\/Yeni-Proje-1-16.jpg\" alt=\"\" width=\"1208\" height=\"680\" title=\"\" srcset=\"https:\/\/www.tgrthaber.com\/mavikadin\/wp-content\/uploads\/Yeni-Proje-1-16.jpg 1208w, https:\/\/www.tgrthaber.com\/mavikadin\/wp-content\/uploads\/Yeni-Proje-1-16-300x169.jpg 300w, https:\/\/www.tgrthaber.com\/mavikadin\/wp-content\/uploads\/Yeni-Proje-1-16-1024x576.jpg 1024w, https:\/\/www.tgrthaber.com\/mavikadin\/wp-content\/uploads\/Yeni-Proje-1-16-768x432.jpg 768w\" sizes=\"(max-width: 1208px) 100vw, 1208px\" \/><\/p>\n","protected":false},"excerpt":{"rendered":"<p>Survivor 2021 \u00dcnl\u00fcler Tak\u0131m\u0131 yar\u0131\u015fmac\u0131s\u0131 Meryem Kasap, Survivor 2025 ile yeniden adaya d\u00f6nd\u00fc. Milli sporcu kimli\u011fi ve azmiyle izleyicilerin ilgisini \u00e7ekiyor. Survivor 2025&#8217;in en merak edilen isimlerinden olan Meryem Kasap kimdir? Survivor 2025 Meryem&#8217;in ya\u015f\u0131, memleketi ve hayat hikayesi!<\/p>\n","protected":false},"author":4,"featured_media":117755,"comment_status":"closed","ping_status":"closed","sticky":false,"template":"","format":"standard","meta":{"rank_math_lock_modified_date":false,"footnotes":""},"categories":[491],"tags":[7219,2728,7218],"class_list":["post-117744","post","type-post","status-publish","format-standard","has-post-thumbnail","hentry","category-biyografi","tag-meryem-kasap","tag-survivor-2025","tag-survivor-meryem"],"_links":{"self":[{"href":"https:\/\/www.tgrthaber.com\/mavikadin\/wp-json\/wp\/v2\/posts\/117744"}],"collection":[{"href":"https:\/\/www.tgrthaber.com\/mavikadin\/wp-json\/wp\/v2\/posts"}],"about":[{"href":"https:\/\/www.tgrthaber.com\/mavikadin\/wp-json\/wp\/v2\/types\/post"}],"author":[{"embeddable":true,"href":"https:\/\/www.tgrthaber.com\/mavikadin\/wp-json\/wp\/v2\/users\/4"}],"replies":[{"embeddable":true,"href":"https:\/\/www.tgrthaber.com\/mavikadin\/wp-json\/wp\/v2\/comments?post=117744"}],"version-history":[{"count":5,"href":"https:\/\/www.tgrthaber.com\/mavikadin\/wp-json\/wp\/v2\/posts\/117744\/revisions"}],"predecessor-version":[{"id":117764,"href":"https:\/\/www.tgrthaber.com\/mavikadin\/wp-json\/wp\/v2\/posts\/117744\/revisions\/117764"}],"wp:featuredmedia":[{"embeddable":true,"href":"https:\/\/www.tgrthaber.com\/mavikadin\/wp-json\/wp\/v2\/media\/117755"}],"wp:attachment":[{"href":"https:\/\/www.tgrthaber.com\/mavikadin\/wp-json\/wp\/v2\/media?parent=117744"}],"wp:term":[{"taxonomy":"category","embeddable":true,"href":"https:\/\/www.tgrthaber.com\/mavikadin\/wp-json\/wp\/v2\/categories?post=117744"},{"taxonomy":"post_tag","embeddable":true,"href":"https:\/\/www.tgrthaber.com\/mavikadin\/wp-json\/wp\/v2\/tags?post=117744"}],"curies":[{"name":"wp","href":"https:\/\/api.w.org\/{rel}","templated":true}]}}