{"id":117769,"date":"2025-01-06T17:32:48","date_gmt":"2025-01-06T14:32:48","guid":{"rendered":"https:\/\/www.tgrthaber.com\/mavikadin\/?p=117769"},"modified":"2025-01-06T17:32:49","modified_gmt":"2025-01-06T14:32:49","slug":"kizil-goncalar-yeni-bolum-ne-zaman-iste-yilbasi-tatili-sonrasi-yayin-tarihi","status":"publish","type":"post","link":"https:\/\/www.tgrthaber.com\/mavikadin\/kizil-goncalar-yeni-bolum-ne-zaman-iste-yilbasi-tatili-sonrasi-yayin-tarihi\/","title":{"rendered":"K\u0131z\u0131l Goncalar yeni b\u00f6l\u00fcm ne zaman? \u0130\u015fte y\u0131lba\u015f\u0131 tatili sonras\u0131 yay\u0131n tarihi"},"content":{"rendered":"<p>Sevilen dizi K\u0131z\u0131l Goncalar, hikayesi ve ba\u015far\u0131l\u0131 oyuncu kadrosuyla pazartesi ak\u015famlar\u0131 ekranlara damgas\u0131n\u0131 vuruyor. \u0130zleyiciler K\u0131z\u0131l Goncalar yeni b\u00f6l\u00fcm\u00fc merakla beklerken 6 Ocak 2025 tarihli Now TV yay\u0131n ak\u0131\u015f\u0131nda K\u0131z\u0131l Goncalar yeni b\u00f6l\u00fcm yer almad\u0131. Bu ak\u015fam K\u0131z\u0131l Goncalar yeni b\u00f6l\u00fcm\u00fcyle de\u011fil, tekrar b\u00f6l\u00fcm\u00fcyle ekrana gelecek. Peki, K\u0131z\u0131l Goncalar yeni b\u00f6l\u00fcm\u00fc ne zaman yay\u0131nlanacak? \u0130\u015fte detaylar&#8230;<\/p>\n<h3>KIZIL GONCALAR YEN\u0130 B\u00d6L\u00dcM BU AK\u015eAM VAR MI?<\/h3>\n<p>Her pazartesi ak\u015fam\u0131 izleyiciyi ekran ba\u015f\u0131na kilitleyen K\u0131z\u0131l Goncalar, y\u0131lba\u015f\u0131 haftas\u0131 nedeniyle 6 Ocak yay\u0131n ak\u0131\u015f\u0131nda yer almad\u0131. K\u0131z\u0131l Goncalar&#8217;\u0131n bu ak\u015fam 34. b\u00f6l\u00fcm yerine tekrar b\u00f6l\u00fcm\u00fc yay\u0131nlanacak.<\/p>\n<p><img loading=\"lazy\" decoding=\"async\" class=\"alignnone size-full wp-image-117771\" src=\"https:\/\/www.tgrthaber.com\/mavikadin\/wp-content\/uploads\/Yeni-Proje-4-12.jpg\" alt=\"\" width=\"1208\" height=\"680\" title=\"\" srcset=\"https:\/\/www.tgrthaber.com\/mavikadin\/wp-content\/uploads\/Yeni-Proje-4-12.jpg 1208w, https:\/\/www.tgrthaber.com\/mavikadin\/wp-content\/uploads\/Yeni-Proje-4-12-300x169.jpg 300w, https:\/\/www.tgrthaber.com\/mavikadin\/wp-content\/uploads\/Yeni-Proje-4-12-1024x576.jpg 1024w, https:\/\/www.tgrthaber.com\/mavikadin\/wp-content\/uploads\/Yeni-Proje-4-12-768x432.jpg 768w\" sizes=\"(max-width: 1208px) 100vw, 1208px\" \/><\/p>\n<hr \/>\n<h3>KIZIL GONCALAR YEN\u0130 B\u00d6L\u00dcM NE ZAMAN YAYINLANACAK?<\/h3>\n<p>Her hafta izleyiciyi ekran ba\u015f\u0131na kilitleyen K\u0131z\u0131l Goncalar, y\u0131lba\u015f\u0131 haftas\u0131 nedeniyle yay\u0131n takviminde de\u011fi\u015fikli\u011fe gitti. Bu ak\u015fam dizinin tekrar b\u00f6l\u00fcm\u00fc yay\u0131nlanacak. K\u0131z\u0131l Goncalar yeni b\u00f6l\u00fcm\u00fc ile 13 Ocak 2025 Pazartesi ak\u015fam\u0131 izleyiciyle bulu\u015facak.<\/p>\n<p><img loading=\"lazy\" decoding=\"async\" class=\"alignnone size-full wp-image-117772\" src=\"https:\/\/www.tgrthaber.com\/mavikadin\/wp-content\/uploads\/Yeni-Proje-5-6.jpg\" alt=\"\" width=\"1208\" height=\"680\" title=\"\" srcset=\"https:\/\/www.tgrthaber.com\/mavikadin\/wp-content\/uploads\/Yeni-Proje-5-6.jpg 1208w, https:\/\/www.tgrthaber.com\/mavikadin\/wp-content\/uploads\/Yeni-Proje-5-6-300x169.jpg 300w, https:\/\/www.tgrthaber.com\/mavikadin\/wp-content\/uploads\/Yeni-Proje-5-6-1024x576.jpg 1024w, https:\/\/www.tgrthaber.com\/mavikadin\/wp-content\/uploads\/Yeni-Proje-5-6-768x432.jpg 768w\" sizes=\"(max-width: 1208px) 100vw, 1208px\" \/><\/p>\n<hr \/>\n<h3>KIZIL GONCALAR SON B\u00d6L\u00dcMDE NELER OLDU?<\/h3>\n<p>K\u0131z\u0131l Goncalar&#8217;\u0131n 34. yeni b\u00f6l\u00fcm tarihi merak edilirken son b\u00f6l\u00fcmde ya\u015fananlar\u0131n etkisi de devam ediyor. K\u0131z\u0131l Goncalar 33. b\u00f6l\u00fcmde, Zeynep\u2019in k\u0131zlar\u0131 burs s\u0131nav\u0131na haz\u0131rlamas\u0131 ve Sadi\u2019nin bu giri\u015fimi engelleme \u00e7abalar\u0131 aras\u0131nda ge\u00e7en m\u00fccadele izleyicilere heyecan dolu anlar ya\u015fatt\u0131. Vahid\u2019in \u015f\u00fcpheli \u00f6l\u00fcm\u00fc, Sadi ve Levent\u2019in cinayet ihtimaline y\u00f6nelik ara\u015ft\u0131rmalar\u0131n\u0131 h\u0131zland\u0131rd\u0131. Zeynep, Naim\u2019le kalma karar\u0131yla Levent ve Meryem\u2019in aras\u0131n\u0131 a\u00e7arken, Mira\u2019n\u0131n yard\u0131m etmek i\u00e7in su\u00e7 i\u015flemeyi g\u00f6ze almas\u0131, olaylar\u0131 karma\u015f\u0131k bir noktaya ta\u015f\u0131d\u0131.<\/p>\n<p><img loading=\"lazy\" decoding=\"async\" class=\"alignnone size-full wp-image-117773\" src=\"https:\/\/www.tgrthaber.com\/mavikadin\/wp-content\/uploads\/Yeni-Proje-7-7.jpg\" alt=\"\" width=\"1208\" height=\"680\" title=\"\" srcset=\"https:\/\/www.tgrthaber.com\/mavikadin\/wp-content\/uploads\/Yeni-Proje-7-7.jpg 1208w, https:\/\/www.tgrthaber.com\/mavikadin\/wp-content\/uploads\/Yeni-Proje-7-7-300x169.jpg 300w, https:\/\/www.tgrthaber.com\/mavikadin\/wp-content\/uploads\/Yeni-Proje-7-7-1024x576.jpg 1024w, https:\/\/www.tgrthaber.com\/mavikadin\/wp-content\/uploads\/Yeni-Proje-7-7-768x432.jpg 768w\" sizes=\"(max-width: 1208px) 100vw, 1208px\" \/><\/p>\n<hr \/>\n<p>Ba\u015frollerinde \u00d6zcan Deniz, \u00d6zg\u00fc Namal ve Mert Yaz\u0131c\u0131o\u011flu\u2019nun yer ald\u0131\u011f\u0131 K\u0131z\u0131l Goncalar, aile ba\u011flar\u0131, g\u00fc\u00e7 m\u00fccadelesi ve s\u0131rlarla dolu olay \u00f6rg\u00fcs\u00fcyle dikkat \u00e7ekiyor. Y\u00f6netmenli\u011fini \u00d6m\u00fcr Atay ve \u00d6zg\u00fcr Sevimli\u2019nin \u00fcstlendi\u011fi dizi, senarist \u015e\u00fckr\u00fc Necati \u015eahin\u2019in kaleminden \u00e7\u0131kan etkileyici bir hikaye sunuyor.<\/p>\n<p><strong>6 Ocak 2025 Now TV yay\u0131n ak\u0131\u015f\u0131:<\/strong><\/p>\n<p>07.30 \u0130lk Bak\u0131\u015f<\/p>\n<p>08.00 \u0130lker Karag\u00f6z ile \u00c7alar Saat<\/p>\n<p>10.45 \u00c7a\u011fla ile Yeni Bir G\u00fcn<\/p>\n<p>12.30 K\u0131z\u0131l Goncalar (Tekrar)<\/p>\n<p>16.30 Fatih \u00dcrek ile Gelin G\u00f6r\u00fcmce<\/p>\n<p>20.00 K\u0131z\u0131l Goncalar (Tekrar)<\/p>\n<p>23.45 \u015eakir Pa\u015fa Ailesi: Mucizeler ve Skandallar<\/p>\n<p><img loading=\"lazy\" decoding=\"async\" class=\"alignnone size-full wp-image-117774\" src=\"https:\/\/www.tgrthaber.com\/mavikadin\/wp-content\/uploads\/Yeni-Proje-8-9.jpg\" alt=\"\" width=\"1208\" height=\"680\" title=\"\" srcset=\"https:\/\/www.tgrthaber.com\/mavikadin\/wp-content\/uploads\/Yeni-Proje-8-9.jpg 1208w, https:\/\/www.tgrthaber.com\/mavikadin\/wp-content\/uploads\/Yeni-Proje-8-9-300x169.jpg 300w, https:\/\/www.tgrthaber.com\/mavikadin\/wp-content\/uploads\/Yeni-Proje-8-9-1024x576.jpg 1024w, https:\/\/www.tgrthaber.com\/mavikadin\/wp-content\/uploads\/Yeni-Proje-8-9-768x432.jpg 768w\" sizes=\"(max-width: 1208px) 100vw, 1208px\" \/><\/p>\n<hr \/>\n<h3>KIZIL GONCALAR YEN\u0130 B\u00d6L\u00dcM \u0130\u00c7\u0130N HEYECAN DORUKTA<\/h3>\n<p>K\u0131z\u0131l Goncalar yeni b\u00f6l\u00fcm\u00fcyle 13 Ocak 2025 Pazartesi g\u00fcn\u00fc izleyici kar\u015f\u0131s\u0131na \u00e7\u0131kacak. Dizinin yap\u0131m ekibi, y\u0131lba\u015f\u0131 tatili nedeniyle bir haftal\u0131k ara verildi\u011fini duyurdu. Bu aran\u0131n ard\u0131ndan dizi, kald\u0131\u011f\u0131 yerden g\u00fc\u00e7l\u00fc bir \u015fekilde devam edecek.<\/p>\n<p><img loading=\"lazy\" decoding=\"async\" class=\"alignnone size-full wp-image-117775\" src=\"https:\/\/www.tgrthaber.com\/mavikadin\/wp-content\/uploads\/Yeni-Proje-6-9.jpg\" alt=\"\" width=\"1208\" height=\"680\" title=\"\" srcset=\"https:\/\/www.tgrthaber.com\/mavikadin\/wp-content\/uploads\/Yeni-Proje-6-9.jpg 1208w, https:\/\/www.tgrthaber.com\/mavikadin\/wp-content\/uploads\/Yeni-Proje-6-9-300x169.jpg 300w, https:\/\/www.tgrthaber.com\/mavikadin\/wp-content\/uploads\/Yeni-Proje-6-9-1024x576.jpg 1024w, https:\/\/www.tgrthaber.com\/mavikadin\/wp-content\/uploads\/Yeni-Proje-6-9-768x432.jpg 768w\" sizes=\"(max-width: 1208px) 100vw, 1208px\" \/><\/p>\n","protected":false},"excerpt":{"rendered":"<p>K\u0131z\u0131l Goncalar bu ak\u015fam var m\u0131, yeni b\u00f6l\u00fcm ne zaman? sorusunun cevab\u0131 i\u00e7in ara\u015ft\u0131rmalar ba\u015flad\u0131. Y\u0131lba\u015f\u0131 haftas\u0131 nedeniyle dizinin 34. b\u00f6l\u00fcm\u00fc yay\u0131nlanmad\u0131. Bu ak\u015fam tekrar b\u00f6l\u00fcm\u00fcyle ekrana gelecek olan K\u0131z\u0131l Goncalar&#8217;\u0131n yeni b\u00f6l\u00fcm tarihi belli oldu. Peki K\u0131z\u0131l Goncalar yeni b\u00f6l\u00fcm ne zaman?<\/p>\n","protected":false},"author":4,"featured_media":117776,"comment_status":"closed","ping_status":"closed","sticky":false,"template":"","format":"standard","meta":{"rank_math_lock_modified_date":false,"footnotes":""},"categories":[602],"tags":[2306,7217,136],"class_list":["post-117769","post","type-post","status-publish","format-standard","has-post-thumbnail","hentry","category-diziler","tag-kizil-goncalar","tag-kizil-goncalar-yeni-bolum","tag-yeni-bolum"],"_links":{"self":[{"href":"https:\/\/www.tgrthaber.com\/mavikadin\/wp-json\/wp\/v2\/posts\/117769"}],"collection":[{"href":"https:\/\/www.tgrthaber.com\/mavikadin\/wp-json\/wp\/v2\/posts"}],"about":[{"href":"https:\/\/www.tgrthaber.com\/mavikadin\/wp-json\/wp\/v2\/types\/post"}],"author":[{"embeddable":true,"href":"https:\/\/www.tgrthaber.com\/mavikadin\/wp-json\/wp\/v2\/users\/4"}],"replies":[{"embeddable":true,"href":"https:\/\/www.tgrthaber.com\/mavikadin\/wp-json\/wp\/v2\/comments?post=117769"}],"version-history":[{"count":2,"href":"https:\/\/www.tgrthaber.com\/mavikadin\/wp-json\/wp\/v2\/posts\/117769\/revisions"}],"predecessor-version":[{"id":117778,"href":"https:\/\/www.tgrthaber.com\/mavikadin\/wp-json\/wp\/v2\/posts\/117769\/revisions\/117778"}],"wp:featuredmedia":[{"embeddable":true,"href":"https:\/\/www.tgrthaber.com\/mavikadin\/wp-json\/wp\/v2\/media\/117776"}],"wp:attachment":[{"href":"https:\/\/www.tgrthaber.com\/mavikadin\/wp-json\/wp\/v2\/media?parent=117769"}],"wp:term":[{"taxonomy":"category","embeddable":true,"href":"https:\/\/www.tgrthaber.com\/mavikadin\/wp-json\/wp\/v2\/categories?post=117769"},{"taxonomy":"post_tag","embeddable":true,"href":"https:\/\/www.tgrthaber.com\/mavikadin\/wp-json\/wp\/v2\/tags?post=117769"}],"curies":[{"name":"wp","href":"https:\/\/api.w.org\/{rel}","templated":true}]}}