{"id":117815,"date":"2025-01-06T19:25:00","date_gmt":"2025-01-06T16:25:00","guid":{"rendered":"https:\/\/www.tgrthaber.com\/mavikadin\/?p=117815"},"modified":"2025-01-06T20:40:29","modified_gmt":"2025-01-06T17:40:29","slug":"galatasarayli-futbolcu-baris-alper-yilmaz-3-kiz-arkadasiyla-kameralara-yakalandi","status":"publish","type":"post","link":"https:\/\/www.tgrthaber.com\/mavikadin\/galatasarayli-futbolcu-baris-alper-yilmaz-3-kiz-arkadasiyla-kameralara-yakalandi\/","title":{"rendered":"Galatasarayl\u0131 futbolcu Bar\u0131\u015f Alper Y\u0131lmaz 3 k\u0131z arkada\u015f\u0131yla kameralara yakaland\u0131!"},"content":{"rendered":"<p>Galatasaray ve milli tak\u0131m\u0131n y\u0131ld\u0131z futbolcular\u0131 aras\u0131nda yer alan Bar\u0131\u015f Alper Y\u0131lmaz, tak\u0131m arkada\u015f\u0131 Metehan Baltac\u0131 ile bir mekan \u00e7\u0131k\u0131\u015f\u0131 3 k\u0131z arkada\u015f\u0131yla g\u00f6r\u00fcnt\u00fclendi. Y\u0131lmaz\u2019\u0131n arkada\u015flar\u0131 kameralar\u0131n \u00e7ekim yapmamas\u0131 i\u00e7in b\u00fcy\u00fck \u00e7aba sarf etti. Y\u0131lmaz\u2019\u0131n 3 k\u0131zla mekan \u00e7\u0131k\u0131\u015f\u0131 g\u00f6r\u00fcnt\u00fclenmesi ak\u0131llara \u201csevgilisi mi var?\u201d sorular\u0131n\u0131 getirdi. Y\u0131lmaz\u2019\u0131n magazin d\u00fcnyas\u0131nda bomba gibi d\u00fc\u015fen haberi, k\u0131sa s\u00fcrede hayranlar\u0131 taraf\u0131ndan ele\u015ftirildi.<\/p>\n<hr \/>\n<h3>BARI\u015e ALPER YILMAZ 3 KIZ ARKADA\u015eIYLA KAMERALARA YAKALANDI!<\/h3>\n<p>Galatasaray\u2019\u0131n y\u0131ld\u0131z futbolcular\u0131 aras\u0131nda yer alan Bar\u0131\u015f Alper Y\u0131lmaz, tak\u0131m arkada\u015f\u0131 Metehan Baltac\u0131 ile Etiler K\u00fct\u00fcphane\u2019den \u00e7\u0131karken g\u00f6r\u00fcnt\u00fclendi. Muhabironline\u2019n\u0131n haberine g\u00f6re ba\u015far\u0131l\u0131 futbolcu Y\u0131lmaz, mekandan 3 k\u0131z arkada\u015f\u0131yla birlikte \u00e7\u0131kt\u0131. Y\u0131lmaz\u2019\u0131n arkada\u015flar\u0131 ise kameralar\u0131n \u00e7ekim yapmamas\u0131 i\u00e7in b\u00fcy\u00fck \u00e7aba sarf etti.<\/p>\n<p><img loading=\"lazy\" decoding=\"async\" class=\"alignnone wp-image-117822\" src=\"https:\/\/www.tgrthaber.com\/mavikadin\/wp-content\/uploads\/Galatasarayli-futbolcu-Baris-Alper-Yilmaz-3-kiz-arkadasiyla-kameralara-yakalandi-6-1024x576.jpg\" alt=\"Galatasarayl\u0131 futbolcu Bar\u0131\u015f Alper Y\u0131lmaz 3 k\u0131z arkada\u015f\u0131yla kameralara yakaland\u0131! \" width=\"1208\" height=\"680\" title=\"\" srcset=\"https:\/\/www.tgrthaber.com\/mavikadin\/wp-content\/uploads\/Galatasarayli-futbolcu-Baris-Alper-Yilmaz-3-kiz-arkadasiyla-kameralara-yakalandi-6-1024x576.jpg 1024w, https:\/\/www.tgrthaber.com\/mavikadin\/wp-content\/uploads\/Galatasarayli-futbolcu-Baris-Alper-Yilmaz-3-kiz-arkadasiyla-kameralara-yakalandi-6-300x169.jpg 300w, https:\/\/www.tgrthaber.com\/mavikadin\/wp-content\/uploads\/Galatasarayli-futbolcu-Baris-Alper-Yilmaz-3-kiz-arkadasiyla-kameralara-yakalandi-6-768x432.jpg 768w, https:\/\/www.tgrthaber.com\/mavikadin\/wp-content\/uploads\/Galatasarayli-futbolcu-Baris-Alper-Yilmaz-3-kiz-arkadasiyla-kameralara-yakalandi-6-1536x864.jpg 1536w, https:\/\/www.tgrthaber.com\/mavikadin\/wp-content\/uploads\/Galatasarayli-futbolcu-Baris-Alper-Yilmaz-3-kiz-arkadasiyla-kameralara-yakalandi-6.jpg 1600w\" sizes=\"(max-width: 1208px) 100vw, 1208px\" \/><\/p>\n<hr \/>\n<p>Bar\u0131\u015f Alper Y\u0131lmaz, tak\u0131m arkada\u015f\u0131 Metehan Baltac\u0131 ile bir mekan \u00e7\u0131k\u0131\u015f\u0131 3 k\u0131z arkada\u015f\u0131yla g\u00f6r\u00fcnt\u00fclendi. Kameralar kar\u015f\u0131s\u0131nda panik anlar\u0131 ya\u015fayan Y\u0131lmaz, d\u0131\u015far\u0131da kameralar\u0131n oldu\u011funu \u00f6\u011frenince k\u0131z arkada\u015flar\u0131n\u0131 ba\u015fka bir ara\u00e7 ile g\u00f6nderdi. 3 k\u0131z arkada\u015flar\u0131yla b\u00fct\u00fcn gece e\u011flenen Galatasaray\u2019\u0131n ba\u015far\u0131l\u0131 futbolcular\u0131 Bar\u0131\u015f Alper Y\u0131lmaz ve Metehan Baltac\u0131, mekandan k\u0131z arkada\u015flar\u0131yla ayr\u0131 ayr\u0131 \u00e7\u0131kt\u0131.<\/p>\n<div style=\"width: 640px;\" class=\"wp-video\"><!--[if lt IE 9]><script>document.createElement('video');<\/script><![endif]-->\n<video class=\"wp-video-shortcode\" id=\"video-117815-1\" width=\"640\" height=\"640\" preload=\"metadata\" controls=\"controls\"><source type=\"video\/mp4\" src=\"https:\/\/www.tgrthaber.com\/mavikadin\/wp-content\/uploads\/Galatasarayli-futbolcu-Baris-Alper-Yilmaz-3-kiz-arkadasiyla-kameralara-yakalandi-1.mp4?_=1\" \/><a href=\"https:\/\/www.tgrthaber.com\/mavikadin\/wp-content\/uploads\/Galatasarayli-futbolcu-Baris-Alper-Yilmaz-3-kiz-arkadasiyla-kameralara-yakalandi-1.mp4\">https:\/\/www.tgrthaber.com\/mavikadin\/wp-content\/uploads\/Galatasarayli-futbolcu-Baris-Alper-Yilmaz-3-kiz-arkadasiyla-kameralara-yakalandi-1.mp4<\/a><\/video><\/div>\n<hr \/>\n<p>Y\u0131lmaz\u2019\u0131n magazin d\u00fcnyas\u0131nda bomba gibi d\u00fc\u015fen haberi, k\u0131sa s\u00fcrede hayranlar\u0131 taraf\u0131ndan ele\u015ftirildi. Gen\u00e7 k\u0131zlar\u0131n sevgilisi Bar\u0131\u015f Alper Y\u0131lmaz\u2019\u0131n a\u015fk hayat\u0131nda birisinin olup olmad\u0131\u011f\u0131 ise merak edilenler aras\u0131nda yer ald\u0131.<\/p>\n<p><img loading=\"lazy\" decoding=\"async\" class=\"alignnone wp-image-117820\" src=\"https:\/\/www.tgrthaber.com\/mavikadin\/wp-content\/uploads\/Galatasarayli-futbolcu-Baris-Alper-Yilmaz-3-kiz-arkadasiyla-kameralara-yakalandi-4-1024x576.jpg\" alt=\"Galatasarayl\u0131 futbolcu Bar\u0131\u015f Alper Y\u0131lmaz 3 k\u0131z arkada\u015f\u0131yla kameralara yakaland\u0131! \" width=\"1208\" height=\"680\" title=\"\" srcset=\"https:\/\/www.tgrthaber.com\/mavikadin\/wp-content\/uploads\/Galatasarayli-futbolcu-Baris-Alper-Yilmaz-3-kiz-arkadasiyla-kameralara-yakalandi-4-1024x576.jpg 1024w, https:\/\/www.tgrthaber.com\/mavikadin\/wp-content\/uploads\/Galatasarayli-futbolcu-Baris-Alper-Yilmaz-3-kiz-arkadasiyla-kameralara-yakalandi-4-300x169.jpg 300w, https:\/\/www.tgrthaber.com\/mavikadin\/wp-content\/uploads\/Galatasarayli-futbolcu-Baris-Alper-Yilmaz-3-kiz-arkadasiyla-kameralara-yakalandi-4-768x432.jpg 768w, https:\/\/www.tgrthaber.com\/mavikadin\/wp-content\/uploads\/Galatasarayli-futbolcu-Baris-Alper-Yilmaz-3-kiz-arkadasiyla-kameralara-yakalandi-4-1536x864.jpg 1536w, https:\/\/www.tgrthaber.com\/mavikadin\/wp-content\/uploads\/Galatasarayli-futbolcu-Baris-Alper-Yilmaz-3-kiz-arkadasiyla-kameralara-yakalandi-4.jpg 1600w\" sizes=\"(max-width: 1208px) 100vw, 1208px\" \/><\/p>\n<hr \/>\n<h3>BARI\u015e ALPER YILMAZ\u2019IN BABASINDAN TRANSFER A\u00c7IKLAMASI!<\/h3>\n<p>Galatasaray\u2019\u0131n y\u0131ld\u0131z futbolcusu Bar\u0131\u015f Alper Y\u0131lmaz\u2019\u0131n babas\u0131 Y\u00fcksel Y\u0131lmaz dikkat \u00e7eken a\u00e7\u0131klamalarda bulundu. O\u011flunun gelece\u011fine dair a\u00e7\u0131klamalarda bulunan Y\u0131lmaz, Bar\u0131\u015f Alper\u2019in Avrupa\u2019ya gitmek istedi\u011fini dile getirdi.<\/p>\n<p><img loading=\"lazy\" decoding=\"async\" class=\"alignnone wp-image-117817\" src=\"https:\/\/www.tgrthaber.com\/mavikadin\/wp-content\/uploads\/Galatasarayli-futbolcu-Baris-Alper-Yilmaz-3-kiz-arkadasiyla-kameralara-yakalandi-1-1024x576.jpg\" alt=\"Galatasarayl\u0131 futbolcu Bar\u0131\u015f Alper Y\u0131lmaz 3 k\u0131z arkada\u015f\u0131yla kameralara yakaland\u0131! \" width=\"1208\" height=\"680\" title=\"\" srcset=\"https:\/\/www.tgrthaber.com\/mavikadin\/wp-content\/uploads\/Galatasarayli-futbolcu-Baris-Alper-Yilmaz-3-kiz-arkadasiyla-kameralara-yakalandi-1-1024x576.jpg 1024w, https:\/\/www.tgrthaber.com\/mavikadin\/wp-content\/uploads\/Galatasarayli-futbolcu-Baris-Alper-Yilmaz-3-kiz-arkadasiyla-kameralara-yakalandi-1-300x169.jpg 300w, https:\/\/www.tgrthaber.com\/mavikadin\/wp-content\/uploads\/Galatasarayli-futbolcu-Baris-Alper-Yilmaz-3-kiz-arkadasiyla-kameralara-yakalandi-1-768x432.jpg 768w, https:\/\/www.tgrthaber.com\/mavikadin\/wp-content\/uploads\/Galatasarayli-futbolcu-Baris-Alper-Yilmaz-3-kiz-arkadasiyla-kameralara-yakalandi-1-1536x864.jpg 1536w, https:\/\/www.tgrthaber.com\/mavikadin\/wp-content\/uploads\/Galatasarayli-futbolcu-Baris-Alper-Yilmaz-3-kiz-arkadasiyla-kameralara-yakalandi-1.jpg 1600w\" sizes=\"(max-width: 1208px) 100vw, 1208px\" \/><\/p>\n<hr \/>\n<p>Tivibu Spor\u2019a \u00f6nemli a\u00e7\u0131klamalarda bulunan Y\u00fcksel Y\u0131lmaz o\u011flunun gelece\u011fi hakk\u0131ndaki sorulara: \u201cB\u00fct\u00fcn futbolcular\u0131n kafas\u0131nda Avrupa var. Bar\u0131\u015f&#8217;\u0131n da Avrupa&#8217;ya gitmek istedi\u011fini d\u00fc\u015f\u00fcn\u00fcyorum. Bir tak\u0131m s\u00f6yleyemem. Hay\u0131rl\u0131s\u0131 neyse o olsun\u201d \u015feklinde yan\u0131t verdi.<\/p>\n","protected":false},"excerpt":{"rendered":"<p>Galatasaray\u2019\u0131n y\u0131ld\u0131z futbolcusu Bar\u0131\u015f Alper Y\u0131lmaz tak\u0131m arkada\u015f\u0131 Metehan Baltac\u0131 ile bir mekan \u00e7\u0131k\u0131\u015f\u0131 3 k\u0131z arkada\u015f\u0131yla g\u00f6r\u00fcnt\u00fclendi! Bar\u0131\u015f Alper Y\u0131lmaz, kameralar\u0131 g\u00f6r\u00fcnce panik oldu! \u0130\u015fte ayr\u0131nt\u0131lar\u2026 <\/p>\n","protected":false},"author":26,"featured_media":117823,"comment_status":"closed","ping_status":"closed","sticky":false,"template":"","format":"standard","meta":{"rank_math_lock_modified_date":false,"footnotes":""},"categories":[76],"tags":[2476,985,7224],"class_list":["post-117815","post","type-post","status-publish","format-standard","has-post-thumbnail","hentry","category-magazin","tag-baris-alper-yilmaz","tag-galatasaray","tag-metehan-baltaci"],"_links":{"self":[{"href":"https:\/\/www.tgrthaber.com\/mavikadin\/wp-json\/wp\/v2\/posts\/117815"}],"collection":[{"href":"https:\/\/www.tgrthaber.com\/mavikadin\/wp-json\/wp\/v2\/posts"}],"about":[{"href":"https:\/\/www.tgrthaber.com\/mavikadin\/wp-json\/wp\/v2\/types\/post"}],"author":[{"embeddable":true,"href":"https:\/\/www.tgrthaber.com\/mavikadin\/wp-json\/wp\/v2\/users\/26"}],"replies":[{"embeddable":true,"href":"https:\/\/www.tgrthaber.com\/mavikadin\/wp-json\/wp\/v2\/comments?post=117815"}],"version-history":[{"count":1,"href":"https:\/\/www.tgrthaber.com\/mavikadin\/wp-json\/wp\/v2\/posts\/117815\/revisions"}],"predecessor-version":[{"id":117825,"href":"https:\/\/www.tgrthaber.com\/mavikadin\/wp-json\/wp\/v2\/posts\/117815\/revisions\/117825"}],"wp:featuredmedia":[{"embeddable":true,"href":"https:\/\/www.tgrthaber.com\/mavikadin\/wp-json\/wp\/v2\/media\/117823"}],"wp:attachment":[{"href":"https:\/\/www.tgrthaber.com\/mavikadin\/wp-json\/wp\/v2\/media?parent=117815"}],"wp:term":[{"taxonomy":"category","embeddable":true,"href":"https:\/\/www.tgrthaber.com\/mavikadin\/wp-json\/wp\/v2\/categories?post=117815"},{"taxonomy":"post_tag","embeddable":true,"href":"https:\/\/www.tgrthaber.com\/mavikadin\/wp-json\/wp\/v2\/tags?post=117815"}],"curies":[{"name":"wp","href":"https:\/\/api.w.org\/{rel}","templated":true}]}}