{"id":117866,"date":"2025-01-06T21:27:14","date_gmt":"2025-01-06T18:27:14","guid":{"rendered":"https:\/\/www.tgrthaber.com\/mavikadin\/?p=117866"},"modified":"2025-01-06T21:27:14","modified_gmt":"2025-01-06T18:27:14","slug":"orhan-gencebayin-saglik-durumu-kotu-mu-esi-sevim-emreden-ilk-aciklama","status":"publish","type":"post","link":"https:\/\/www.tgrthaber.com\/mavikadin\/orhan-gencebayin-saglik-durumu-kotu-mu-esi-sevim-emreden-ilk-aciklama\/","title":{"rendered":"Orhan Gencebay\u2019\u0131n sa\u011fl\u0131k durumu k\u00f6t\u00fc m\u00fc? E\u015fi Sevim Emre\u2019den ilk a\u00e7\u0131klama"},"content":{"rendered":"<p>\u00dcnl\u00fc usta sanat\u00e7\u0131 Orhan Gencebay\u2019\u0131n, 44 y\u0131ld\u0131r birlikte oldu\u011fu Sevim Emre ile 4+1 160 metrekare b\u00fcy\u00fckl\u00fc\u011f\u00fcndeki yal\u0131 dairesini sat\u0131\u015fa \u00e7\u0131kard\u0131\u011f\u0131 iddia edilmi\u015fti. Gencebay\u2019\u0131n e\u015fi Sevim Emre\u2019den \u00e7\u0131kan haberlere yan\u0131t gecikmedi. Peki, Orhan Gencebay\u2019\u0131n sa\u011fl\u0131k durumu k\u00f6t\u00fc m\u00fc? E\u015fi Sevim Emre\u2019den ilk a\u00e7\u0131klama geldi. \u0130\u015fte Orhan Gencebay\u2019\u0131n sa\u011fl\u0131k durumu hakk\u0131nda bilmeniz gerekenler\u2026<\/p>\n<hr \/>\n<h3>ORHAN GENCEBAY\u2019IN SA\u011eLIK DURUMU K\u00d6T\u00dc M\u00dc?<\/h3>\n<p>Arabesk m\u00fczi\u011fin usta isimleri aras\u0131nda yer alan Orhan Gencebay\u2019\u0131n 44 y\u0131ld\u0131r birlikte oldu\u011fu e\u015fi Sevim Emre, Gencebay hakk\u0131nda ortaya at\u0131lan \u201cSa\u011fl\u0131k durumu k\u00f6t\u00fc\u201d ve \u201cEvini sat\u0131yor\u201d iddialar\u0131na sert tepki g\u00f6sterdi. Usta sanat\u00e7\u0131 Gencebay\u2019\u0131n yal\u0131 dairesini sat\u0131\u015fa \u00e7\u0131kard\u0131\u011f\u0131 y\u00f6n\u00fcnde iddialar ortaya at\u0131lm\u0131\u015ft\u0131. Gencebay\u2019\u0131n e\u015fi Emre\u2019den \u00e7\u0131kan haberlere yan\u0131t gecikmedi.<\/p>\n<p><img loading=\"lazy\" decoding=\"async\" class=\"alignnone wp-image-117873\" src=\"https:\/\/www.tgrthaber.com\/mavikadin\/wp-content\/uploads\/Orhan-Gencebay-ve-Sevim-Emre-1-1024x576.jpg\" alt=\"Orhan Gencebay ve Sevim Emre\" width=\"1208\" height=\"680\" title=\"\" srcset=\"https:\/\/www.tgrthaber.com\/mavikadin\/wp-content\/uploads\/Orhan-Gencebay-ve-Sevim-Emre-1-1024x576.jpg 1024w, https:\/\/www.tgrthaber.com\/mavikadin\/wp-content\/uploads\/Orhan-Gencebay-ve-Sevim-Emre-1-300x169.jpg 300w, https:\/\/www.tgrthaber.com\/mavikadin\/wp-content\/uploads\/Orhan-Gencebay-ve-Sevim-Emre-1-768x432.jpg 768w, https:\/\/www.tgrthaber.com\/mavikadin\/wp-content\/uploads\/Orhan-Gencebay-ve-Sevim-Emre-1-1536x864.jpg 1536w, https:\/\/www.tgrthaber.com\/mavikadin\/wp-content\/uploads\/Orhan-Gencebay-ve-Sevim-Emre-1.jpg 1600w\" sizes=\"(max-width: 1208px) 100vw, 1208px\" \/><\/p>\n<hr \/>\n<p>\u00dcnl\u00fc usta sanat\u00e7\u0131 Orhan Gencebay\u2019\u0131n, 44 y\u0131ld\u0131r birlikte oldu\u011fu Sevim Emre ile 4+1 160 metrekare b\u00fcy\u00fckl\u00fc\u011f\u00fcndeki yal\u0131 dairesini sat\u0131\u015fa \u00e7\u0131kard\u0131\u011f\u0131 iddia edilmi\u015fti. \u0130ddialar \u00fczerine Gencebay, hakk\u0131nda \u00e7e\u015fitli haberler \u00e7\u0131km\u0131\u015f ve sa\u011fl\u0131k sorunlar\u0131 hakk\u0131nda t\u00fcrl\u00fc yorumlarda bulunulmu\u015ftu. Gencebay\u2019\u0131n e\u015fi Emre, \u00e7\u0131kan iddialar kar\u015f\u0131s\u0131nda sessizli\u011fini bozarak sosyal medya hesab\u0131ndan bir a\u00e7\u0131klama yapt\u0131.<\/p>\n<p><img loading=\"lazy\" decoding=\"async\" class=\"alignnone wp-image-117872\" src=\"https:\/\/www.tgrthaber.com\/mavikadin\/wp-content\/uploads\/Orhan-Gencebay-ve-Sevim-Emre-5-1024x576.jpg\" alt=\"Orhan Gencebay ve Sevim Emre\" width=\"1208\" height=\"680\" title=\"\" srcset=\"https:\/\/www.tgrthaber.com\/mavikadin\/wp-content\/uploads\/Orhan-Gencebay-ve-Sevim-Emre-5-1024x576.jpg 1024w, https:\/\/www.tgrthaber.com\/mavikadin\/wp-content\/uploads\/Orhan-Gencebay-ve-Sevim-Emre-5-300x169.jpg 300w, https:\/\/www.tgrthaber.com\/mavikadin\/wp-content\/uploads\/Orhan-Gencebay-ve-Sevim-Emre-5-768x432.jpg 768w, https:\/\/www.tgrthaber.com\/mavikadin\/wp-content\/uploads\/Orhan-Gencebay-ve-Sevim-Emre-5-1536x864.jpg 1536w, https:\/\/www.tgrthaber.com\/mavikadin\/wp-content\/uploads\/Orhan-Gencebay-ve-Sevim-Emre-5.jpg 1600w\" sizes=\"(max-width: 1208px) 100vw, 1208px\" \/><\/p>\n<hr \/>\n<h3>ORHAN GENCEBAY\u2019IN E\u015e\u0130 SEV\u0130M EMRE\u2019DEN \u0130LK A\u00c7IKLAMA GELD\u0130!<\/h3>\n<p>Magazin d\u00fcnyas\u0131 bug\u00fcn Orhan Gencebay\u2019\u0131n yal\u0131 dairesini sat\u0131\u015fa \u00e7\u0131kard\u0131\u011f\u0131 ve rahats\u0131zlanarak Sar\u0131yer Devlet Hastanesi&#8217;ne kald\u0131r\u0131ld\u0131\u011f\u0131 y\u00f6n\u00fcndeki iddialarla sallanm\u0131\u015ft\u0131. \u00c7\u0131kan iddialar kar\u015f\u0131s\u0131nda Gencebay\u2019\u0131n e\u015fi Sevim Emre\u2019den ilk a\u00e7\u0131klama geldi.<\/p>\n<p><img loading=\"lazy\" decoding=\"async\" class=\"alignnone wp-image-117871\" src=\"https:\/\/www.tgrthaber.com\/mavikadin\/wp-content\/uploads\/Orhan-Gencebay-ve-Sevim-Emre-4-1024x576.jpg\" alt=\"Orhan Gencebay ve Sevim Emre\" width=\"1208\" height=\"680\" title=\"\" srcset=\"https:\/\/www.tgrthaber.com\/mavikadin\/wp-content\/uploads\/Orhan-Gencebay-ve-Sevim-Emre-4-1024x576.jpg 1024w, https:\/\/www.tgrthaber.com\/mavikadin\/wp-content\/uploads\/Orhan-Gencebay-ve-Sevim-Emre-4-300x169.jpg 300w, https:\/\/www.tgrthaber.com\/mavikadin\/wp-content\/uploads\/Orhan-Gencebay-ve-Sevim-Emre-4-768x432.jpg 768w, https:\/\/www.tgrthaber.com\/mavikadin\/wp-content\/uploads\/Orhan-Gencebay-ve-Sevim-Emre-4-1536x864.jpg 1536w, https:\/\/www.tgrthaber.com\/mavikadin\/wp-content\/uploads\/Orhan-Gencebay-ve-Sevim-Emre-4.jpg 1600w\" sizes=\"(max-width: 1208px) 100vw, 1208px\" \/><\/p>\n<hr \/>\n<p>Emre, bir haber sitesine verdi\u011fi r\u00f6portajda Gencebay\u2019\u0131n sa\u011fl\u0131k durumu hakk\u0131nda: \u201cOrhan abiniz kale gibi! Hasteneye kald\u0131r\u0131lmad\u0131. Evinde ve yan\u0131mda. Hafif bir grip atlatt\u0131, o kadar. Bu arada, evini sataca\u011f\u0131 da yaz\u0131lm\u0131\u015f, o da k\u00fclliyen yalan! Arsa durumu s\u00f6z konusu.\u201d a\u00e7\u0131klamalar\u0131nda bulundu.<\/p>\n<p><img loading=\"lazy\" decoding=\"async\" class=\"alignnone wp-image-117875\" src=\"https:\/\/www.tgrthaber.com\/mavikadin\/wp-content\/uploads\/Adsiz-tasarim-3-26-1024x576.jpg\" alt=\"Orhan Gencebay ve Sevim Emre\" width=\"1208\" height=\"680\" title=\"\" srcset=\"https:\/\/www.tgrthaber.com\/mavikadin\/wp-content\/uploads\/Adsiz-tasarim-3-26-1024x576.jpg 1024w, https:\/\/www.tgrthaber.com\/mavikadin\/wp-content\/uploads\/Adsiz-tasarim-3-26-300x169.jpg 300w, https:\/\/www.tgrthaber.com\/mavikadin\/wp-content\/uploads\/Adsiz-tasarim-3-26-768x432.jpg 768w, https:\/\/www.tgrthaber.com\/mavikadin\/wp-content\/uploads\/Adsiz-tasarim-3-26-1536x864.jpg 1536w, https:\/\/www.tgrthaber.com\/mavikadin\/wp-content\/uploads\/Adsiz-tasarim-3-26.jpg 1600w\" sizes=\"(max-width: 1208px) 100vw, 1208px\" \/><\/p>\n<hr \/>\n<h3>\u201cEDEP D\u0130YORUM BA\u015eKA B\u0130R \u015eEY DEM\u0130YORUM\u201d<\/h3>\n<p>Bug\u00fcn e\u015fi Orhan Gencebay hakk\u0131nda \u00e7\u0131kan haberler kar\u015f\u0131s\u0131nda sessizli\u011fini bozan Sevim Emre, sosyal medya hesab\u0131ndan bir a\u00e7\u0131klama yapt\u0131. Emre, sosyal medya hesab\u0131ndan yapt\u0131\u011f\u0131 a\u00e7\u0131klamayla herkese ate\u015f p\u00fcsk\u00fcrd\u00fc.<\/p>\n<p><img loading=\"lazy\" decoding=\"async\" class=\"alignnone wp-image-117868\" src=\"https:\/\/www.tgrthaber.com\/mavikadin\/wp-content\/uploads\/Adsiz-tasarim-4-23-1024x576.jpg\" alt=\"Sevim Emre ate\u015f p\u00fcsk\u00fcrd\u00fc!\" width=\"1208\" height=\"680\" title=\"\" srcset=\"https:\/\/www.tgrthaber.com\/mavikadin\/wp-content\/uploads\/Adsiz-tasarim-4-23-1024x576.jpg 1024w, https:\/\/www.tgrthaber.com\/mavikadin\/wp-content\/uploads\/Adsiz-tasarim-4-23-300x169.jpg 300w, https:\/\/www.tgrthaber.com\/mavikadin\/wp-content\/uploads\/Adsiz-tasarim-4-23-768x432.jpg 768w, https:\/\/www.tgrthaber.com\/mavikadin\/wp-content\/uploads\/Adsiz-tasarim-4-23-1536x864.jpg 1536w, https:\/\/www.tgrthaber.com\/mavikadin\/wp-content\/uploads\/Adsiz-tasarim-4-23.jpg 1600w\" sizes=\"(max-width: 1208px) 100vw, 1208px\" \/><\/p>\n<hr \/>\n<p>Instagram hesab\u0131ndan \u00e7\u0131kan haberler hakk\u0131nda \u00e7e\u015fitli a\u00e7\u0131klamalarda bulunan Sevim Emre, \u201cSosyal medyadan art\u0131k midem bulan\u0131yor. Yalan haberlerle mutlu mu oluyorsunuz? Yok Orhan Gencebay hastaneye kald\u0131r\u0131ld\u0131, yok hayat\u0131n\u0131 kaybetti, yok evini sat\u0131yor. B\u0131rak\u0131n bizle u\u011fra\u015fmay\u0131. Allah kahretsin ne d\u00fc\u015f\u00fcn\u00fcyorsan\u0131z ba\u015f\u0131n\u0131za gelsin in\u015fallah. Edep diyorum ba\u015fka bir \u015fey demiyorum.\u201d ifadelerine yer verdi.<\/p>\n","protected":false},"excerpt":{"rendered":"<p>\u00dcnl\u00fc sanat\u00e7\u0131 Orhan Gencebay\u2019\u0131n yal\u0131 dairesini sat\u0131\u015fa \u00e7\u0131kard\u0131\u011f\u0131 iddia edilmi\u015fti. Gencebay\u2019\u0131n e\u015fi Sevim Emre\u2019den \u00e7\u0131kan haberlere yan\u0131t gecikmedi. Peki, Orhan Gencebay\u2019\u0131n sa\u011fl\u0131k durumu k\u00f6t\u00fc m\u00fc? E\u015fi Sevim Emre\u2019den ilk a\u00e7\u0131klama geldi. \u0130\u015fte detaylar\u2026 <\/p>\n","protected":false},"author":26,"featured_media":117874,"comment_status":"closed","ping_status":"closed","sticky":false,"template":"","format":"standard","meta":{"rank_math_lock_modified_date":false,"footnotes":""},"categories":[76],"tags":[2314,7229,7200],"class_list":["post-117866","post","type-post","status-publish","format-standard","has-post-thumbnail","hentry","category-magazin","tag-orhan-gencebay","tag-orhan-gencebay-saglik-durumu","tag-sevim-emre"],"_links":{"self":[{"href":"https:\/\/www.tgrthaber.com\/mavikadin\/wp-json\/wp\/v2\/posts\/117866"}],"collection":[{"href":"https:\/\/www.tgrthaber.com\/mavikadin\/wp-json\/wp\/v2\/posts"}],"about":[{"href":"https:\/\/www.tgrthaber.com\/mavikadin\/wp-json\/wp\/v2\/types\/post"}],"author":[{"embeddable":true,"href":"https:\/\/www.tgrthaber.com\/mavikadin\/wp-json\/wp\/v2\/users\/26"}],"replies":[{"embeddable":true,"href":"https:\/\/www.tgrthaber.com\/mavikadin\/wp-json\/wp\/v2\/comments?post=117866"}],"version-history":[{"count":1,"href":"https:\/\/www.tgrthaber.com\/mavikadin\/wp-json\/wp\/v2\/posts\/117866\/revisions"}],"predecessor-version":[{"id":117876,"href":"https:\/\/www.tgrthaber.com\/mavikadin\/wp-json\/wp\/v2\/posts\/117866\/revisions\/117876"}],"wp:featuredmedia":[{"embeddable":true,"href":"https:\/\/www.tgrthaber.com\/mavikadin\/wp-json\/wp\/v2\/media\/117874"}],"wp:attachment":[{"href":"https:\/\/www.tgrthaber.com\/mavikadin\/wp-json\/wp\/v2\/media?parent=117866"}],"wp:term":[{"taxonomy":"category","embeddable":true,"href":"https:\/\/www.tgrthaber.com\/mavikadin\/wp-json\/wp\/v2\/categories?post=117866"},{"taxonomy":"post_tag","embeddable":true,"href":"https:\/\/www.tgrthaber.com\/mavikadin\/wp-json\/wp\/v2\/tags?post=117866"}],"curies":[{"name":"wp","href":"https:\/\/api.w.org\/{rel}","templated":true}]}}