{"id":117886,"date":"2025-01-06T22:30:36","date_gmt":"2025-01-06T19:30:36","guid":{"rendered":"https:\/\/www.tgrthaber.com\/mavikadin\/?p=117886"},"modified":"2025-01-06T22:30:36","modified_gmt":"2025-01-06T19:30:36","slug":"sosyal-medya-fenomeni-meric-keskin-kemal-varhan-ile-ayrildiklarini-acikladi-3-yillik-ask-sona-erdi","status":"publish","type":"post","link":"https:\/\/www.tgrthaber.com\/mavikadin\/sosyal-medya-fenomeni-meric-keskin-kemal-varhan-ile-ayrildiklarini-acikladi-3-yillik-ask-sona-erdi\/","title":{"rendered":"Sosyal medya fenomeni Meri\u00e7 Keskin Kemal Varhan ile ayr\u0131ld\u0131klar\u0131n\u0131 a\u00e7\u0131klad\u0131! 3 y\u0131ll\u0131k a\u015fk sona erdi"},"content":{"rendered":"<p>Sosyal medya fenomeni Meri\u00e7 Keskin, sevgilisi Kemal Varhan ile ayr\u0131ld\u0131klar\u0131n\u0131 a\u00e7\u0131klad\u0131. 3 y\u0131ll\u0131k ili\u015fkisi sona eren Keskin, sosyal medya hesab\u0131ndan yapt\u0131\u011f\u0131 a\u00e7\u0131klamayla sevgilisinden ayr\u0131ld\u0131\u011f\u0131n\u0131 a\u00e7\u0131klad\u0131. Ayr\u0131l\u0131k sebebi hakk\u0131nda \u00e7e\u015fitli a\u00e7\u0131klamalarda bulunan Keskin, \u201c\u0130kimizin de hakk\u0131nda hay\u0131rl\u0131s\u0131n\u0131 olmas\u0131n\u0131 diliyorum\u201d ifadelerini kulland\u0131. \u0130\u015fte Meri\u00e7 Keskin\u2019in yapt\u0131\u011f\u0131 ayr\u0131l\u0131k a\u00e7\u0131klamas\u0131\u2026<\/p>\n<hr \/>\n<h3>SOSYAL MEDYA FENOMEN\u0130 MER\u0130\u00c7 KESK\u0130N KEMAL VARHAN \u0130LE AYRILDIKLARINI A\u00c7IKLADI!<\/h3>\n<p>\u00dcnl\u00fc sosyal medya fenomeni Meri\u00e7 Keskin, sevgilisi Kemal Varhan ile ayr\u0131ld\u0131klar\u0131n\u0131 a\u00e7\u0131klad\u0131. \u0130zmirli \u00fcnl\u00fc fenomen, sosyal medya hesab\u0131ndan yapt\u0131\u011f\u0131 a\u00e7\u0131klamayla 3 y\u0131ll\u0131k ili\u015fkisini bitirdi\u011fini ve sevgilisinden ayr\u0131ld\u0131\u011f\u0131n\u0131 dile getirdi.<\/p>\n<p><img loading=\"lazy\" decoding=\"async\" class=\"alignnone wp-image-117887\" src=\"https:\/\/www.tgrthaber.com\/mavikadin\/wp-content\/uploads\/Adsiz-tasarim-10-19-1024x576.jpg\" alt=\"Sosyal medya fenomeni Meri\u00e7 Keskin Kemal Varhan ile ayr\u0131ld\u0131klar\u0131n\u0131 a\u00e7\u0131klad\u0131! \" width=\"1208\" height=\"680\" title=\"\" srcset=\"https:\/\/www.tgrthaber.com\/mavikadin\/wp-content\/uploads\/Adsiz-tasarim-10-19-1024x576.jpg 1024w, https:\/\/www.tgrthaber.com\/mavikadin\/wp-content\/uploads\/Adsiz-tasarim-10-19-300x169.jpg 300w, https:\/\/www.tgrthaber.com\/mavikadin\/wp-content\/uploads\/Adsiz-tasarim-10-19-768x432.jpg 768w, https:\/\/www.tgrthaber.com\/mavikadin\/wp-content\/uploads\/Adsiz-tasarim-10-19-1536x864.jpg 1536w, https:\/\/www.tgrthaber.com\/mavikadin\/wp-content\/uploads\/Adsiz-tasarim-10-19.jpg 1600w\" sizes=\"(max-width: 1208px) 100vw, 1208px\" \/><\/p>\n<hr \/>\n<p>Meri\u00e7 Keskin, Instagram hesab\u0131ndan bir video yay\u0131nlayarak sevgilisi Kemal Varhan\u2019dan ayr\u0131ld\u0131\u011f\u0131n\u0131 takip\u00e7ilerine duyurdu. Keskin, payla\u015ft\u0131\u011f\u0131 videoda, \u201cArt\u0131k bu a\u00e7\u0131klamay\u0131 yapman\u0131n zaman\u0131 geldi. Bunu size bor\u00e7lu oldu\u011fumu biliyorum. Bir s\u00fcre \u00f6nce Bay Kemal ile ge\u00e7en muhte\u015fem \u00fc\u00e7 k\u00fcsur y\u0131l\u0131 noktalama karar\u0131 ald\u0131k.\u201d ifadelerini kulland\u0131.<\/p>\n<p><img loading=\"lazy\" decoding=\"async\" class=\"alignnone wp-image-117890\" src=\"https:\/\/www.tgrthaber.com\/mavikadin\/wp-content\/uploads\/Adsiz-tasarim-6-22-1024x576.jpg\" alt=\"Sosyal medya fenomeni Meri\u00e7 Keskin Kemal Varhan ile ayr\u0131ld\u0131klar\u0131n\u0131 a\u00e7\u0131klad\u0131! \" width=\"1208\" height=\"680\" title=\"\" srcset=\"https:\/\/www.tgrthaber.com\/mavikadin\/wp-content\/uploads\/Adsiz-tasarim-6-22-1024x576.jpg 1024w, https:\/\/www.tgrthaber.com\/mavikadin\/wp-content\/uploads\/Adsiz-tasarim-6-22-300x169.jpg 300w, https:\/\/www.tgrthaber.com\/mavikadin\/wp-content\/uploads\/Adsiz-tasarim-6-22-768x432.jpg 768w, https:\/\/www.tgrthaber.com\/mavikadin\/wp-content\/uploads\/Adsiz-tasarim-6-22-1536x864.jpg 1536w, https:\/\/www.tgrthaber.com\/mavikadin\/wp-content\/uploads\/Adsiz-tasarim-6-22.jpg 1600w\" sizes=\"(max-width: 1208px) 100vw, 1208px\" \/><\/p>\n<hr \/>\n<h3>\u201cESK\u0130S\u0130 KADAR MUTLU OLMADI\u011eIMIZI FARK ETT\u0130K\u201d<\/h3>\n<p>Sosyal medya hesab\u0131ndan yapt\u0131\u011f\u0131 a\u00e7\u0131klamayla sevgilisinden ayr\u0131ld\u0131\u011f\u0131n\u0131 takip\u00e7ileriyle payla\u015fan Meri\u00e7 Keskin, \u201cHer ili\u015fki kaoslarla, olaylarla bitmeyebilir. Bizim bitirme nedenimiz \u00e7ok sade, \u00e7ok net, \u00e7ok yal\u0131nd\u0131. Biz eskisi kadar mutlu olmad\u0131\u011f\u0131m\u0131z\u0131 fark ettik ve kendi yollar\u0131m\u0131za gitme karar\u0131 ald\u0131k. B\u00fct\u00fcn bu s\u00fcre\u00e7 i\u00e7erisinde birbirimizi hi\u00e7 k\u0131rmad\u0131k, hi\u00e7 \u00fczmedik. Ortak \u00e7ocuklar\u0131m\u0131z var, ailelerimiz var, dostlar\u0131m\u0131z var. \u0130kimizin de hakk\u0131nda hay\u0131rl\u0131s\u0131 olmas\u0131n\u0131 diliyorum.\u201d ifadelerine yer verdi.<\/p>\n<p><img loading=\"lazy\" decoding=\"async\" class=\"alignnone wp-image-117888\" src=\"https:\/\/www.tgrthaber.com\/mavikadin\/wp-content\/uploads\/Adsiz-tasarim-9-22-1024x576.jpg\" alt=\"Sosyal medya fenomeni Meri\u00e7 Keskin Kemal Varhan ile ayr\u0131ld\u0131klar\u0131n\u0131 a\u00e7\u0131klad\u0131! \" width=\"1208\" height=\"680\" title=\"\" srcset=\"https:\/\/www.tgrthaber.com\/mavikadin\/wp-content\/uploads\/Adsiz-tasarim-9-22-1024x576.jpg 1024w, https:\/\/www.tgrthaber.com\/mavikadin\/wp-content\/uploads\/Adsiz-tasarim-9-22-300x169.jpg 300w, https:\/\/www.tgrthaber.com\/mavikadin\/wp-content\/uploads\/Adsiz-tasarim-9-22-768x432.jpg 768w, https:\/\/www.tgrthaber.com\/mavikadin\/wp-content\/uploads\/Adsiz-tasarim-9-22-1536x864.jpg 1536w, https:\/\/www.tgrthaber.com\/mavikadin\/wp-content\/uploads\/Adsiz-tasarim-9-22.jpg 1600w\" sizes=\"(max-width: 1208px) 100vw, 1208px\" \/><\/p>\n<hr \/>\n<p>Takip\u00e7ilerinin biten ili\u015fkisi i\u00e7in \u00fcz\u00fclmemesi gerekti\u011fini dile getiren \u00fcnl\u00fc fenomen Keskin, a\u00e7\u0131klamalar\u0131na \u201cKimse \u00fcz\u00fclmesin, hepimizin hakk\u0131nda hay\u0131rl\u0131s\u0131 olsun. Herkes \u00e7ok mutlu olsun ve ikimizin de yolu hep a\u00e7\u0131k olsun.\u201d \u015feklinde devam etti.<\/p>\n<p><img loading=\"lazy\" decoding=\"async\" class=\"alignnone wp-image-117889\" src=\"https:\/\/www.tgrthaber.com\/mavikadin\/wp-content\/uploads\/Adsiz-tasarim-7-21-1024x576.jpg\" alt=\"Sosyal medya fenomeni Meri\u00e7 Keskin Kemal Varhan ile ayr\u0131ld\u0131klar\u0131n\u0131 a\u00e7\u0131klad\u0131! \" width=\"1208\" height=\"680\" title=\"\" srcset=\"https:\/\/www.tgrthaber.com\/mavikadin\/wp-content\/uploads\/Adsiz-tasarim-7-21-1024x576.jpg 1024w, https:\/\/www.tgrthaber.com\/mavikadin\/wp-content\/uploads\/Adsiz-tasarim-7-21-300x169.jpg 300w, https:\/\/www.tgrthaber.com\/mavikadin\/wp-content\/uploads\/Adsiz-tasarim-7-21-768x432.jpg 768w, https:\/\/www.tgrthaber.com\/mavikadin\/wp-content\/uploads\/Adsiz-tasarim-7-21-1536x864.jpg 1536w, https:\/\/www.tgrthaber.com\/mavikadin\/wp-content\/uploads\/Adsiz-tasarim-7-21.jpg 1600w\" sizes=\"(max-width: 1208px) 100vw, 1208px\" \/><\/p>\n<hr \/>\n<h3>MER\u0130\u00c7 KESK\u0130N K\u0130MD\u0130R?<\/h3>\n<p>\u00dcnl\u00fc sosyal medya fenomeni Meri\u00e7 Keskin, 24 Ekim 1986 y\u0131l\u0131nda \u0130zmir\u2019in Kar\u015f\u0131yaka il\u00e7esinde d\u00fcnyaya geldi. Macar Dili ve Edebiyat\u0131 B\u00f6l\u00fcm\u00fc\u2019nden mezun oldu. Instagram da 1 milyon 100 binden fazla takip\u00e7i kitlesine sahip olan Keskin, kendimi okur, yazar, gezer olarak tan\u0131ml\u0131yor. \u00dcnl\u00fc sosyal medya fenomeni Keskin, gezi yaz\u0131lar\u0131 yaz\u0131yor sosyal medyada fenomenlik yap\u0131yor.<\/p>\n","protected":false},"excerpt":{"rendered":"<p>\u00dcnl\u00fc sosyal medya fenomeni Meri\u00e7 Keskin, Kemal Varhan ile ayr\u0131ld\u0131klar\u0131n\u0131 a\u00e7\u0131klad\u0131. 3 y\u0131ll\u0131k ili\u015fkisi sona eren Keskin, sosyal medya hesab\u0131ndan yapt\u0131\u011f\u0131 a\u00e7\u0131klamayla sevgilisinden ayr\u0131ld\u0131\u011f\u0131n\u0131 a\u00e7\u0131klad\u0131. <\/p>\n","protected":false},"author":26,"featured_media":117891,"comment_status":"closed","ping_status":"closed","sticky":false,"template":"","format":"standard","meta":{"rank_math_lock_modified_date":false,"footnotes":""},"categories":[76],"tags":[7236,7235],"class_list":["post-117886","post","type-post","status-publish","format-standard","has-post-thumbnail","hentry","category-magazin","tag-kemal-varhan","tag-meric-keskin"],"_links":{"self":[{"href":"https:\/\/www.tgrthaber.com\/mavikadin\/wp-json\/wp\/v2\/posts\/117886"}],"collection":[{"href":"https:\/\/www.tgrthaber.com\/mavikadin\/wp-json\/wp\/v2\/posts"}],"about":[{"href":"https:\/\/www.tgrthaber.com\/mavikadin\/wp-json\/wp\/v2\/types\/post"}],"author":[{"embeddable":true,"href":"https:\/\/www.tgrthaber.com\/mavikadin\/wp-json\/wp\/v2\/users\/26"}],"replies":[{"embeddable":true,"href":"https:\/\/www.tgrthaber.com\/mavikadin\/wp-json\/wp\/v2\/comments?post=117886"}],"version-history":[{"count":1,"href":"https:\/\/www.tgrthaber.com\/mavikadin\/wp-json\/wp\/v2\/posts\/117886\/revisions"}],"predecessor-version":[{"id":117892,"href":"https:\/\/www.tgrthaber.com\/mavikadin\/wp-json\/wp\/v2\/posts\/117886\/revisions\/117892"}],"wp:featuredmedia":[{"embeddable":true,"href":"https:\/\/www.tgrthaber.com\/mavikadin\/wp-json\/wp\/v2\/media\/117891"}],"wp:attachment":[{"href":"https:\/\/www.tgrthaber.com\/mavikadin\/wp-json\/wp\/v2\/media?parent=117886"}],"wp:term":[{"taxonomy":"category","embeddable":true,"href":"https:\/\/www.tgrthaber.com\/mavikadin\/wp-json\/wp\/v2\/categories?post=117886"},{"taxonomy":"post_tag","embeddable":true,"href":"https:\/\/www.tgrthaber.com\/mavikadin\/wp-json\/wp\/v2\/tags?post=117886"}],"curies":[{"name":"wp","href":"https:\/\/api.w.org\/{rel}","templated":true}]}}