{"id":118043,"date":"2025-01-07T09:04:31","date_gmt":"2025-01-07T06:04:31","guid":{"rendered":"https:\/\/www.tgrthaber.com\/mavikadin\/?p=118043"},"modified":"2025-01-07T09:04:31","modified_gmt":"2025-01-07T06:04:31","slug":"husnu-senlendiricinin-kizi-nazdan-muthis-performans-sesiyle-herkesi-hayran-birakti","status":"publish","type":"post","link":"https:\/\/www.tgrthaber.com\/mavikadin\/husnu-senlendiricinin-kizi-nazdan-muthis-performans-sesiyle-herkesi-hayran-birakti\/","title":{"rendered":"H\u00fcsn\u00fc \u015eenlendirici&#8217;nin k\u0131z\u0131 Naz&#8217;dan m\u00fcthi\u015f performans! Sesiyle herkesi hayran b\u0131rakt\u0131"},"content":{"rendered":"<p>H\u00fcsn\u00fc \u015eenlendirici\u2019nin k\u0131z\u0131 Naz&#8217;dan herkesi hayran b\u0131rakacak bir ses performans\u0131 geldi. Begonvil \u015fark\u0131s\u0131n\u0131 seslendiren Naz s\u00f6yledi\u011fi \u015fark\u0131y\u0131 sosyal medyada payla\u015ft\u0131. K\u0131sa s\u00fcrede herkesin be\u011fenisini kazanan Naz m\u00fcthi\u015f bir performans g\u00f6sterdi.<\/p>\n<h3>H\u00dcSN\u00dc \u015eENLEND\u0130R\u0130C\u0130&#8217;N\u0130N KIZI NAZ BEGONV\u0130L S\u00d6YLED\u0130<\/h3>\n<p>H\u00fcsn\u00fc \u015eenlendirici&#8217;nin k\u0131z\u0131 Naz b\u00fcy\u00fcd\u00fc. Sesiyle herkesi kendine hayran b\u0131rakan Naz Begonvil \u015fark\u0131s\u0131n\u0131 s\u00f6yledi. Sosyal medyada payla\u015fan Naz&#8217;a k\u0131sa s\u00fcrede be\u011feni ya\u011fd\u0131. Harika bir performans g\u00f6steren Naz \u00fcnl\u00fc klarnet ustas\u0131 H\u00fcsn\u00fc \u015eenlendirici&#8217;nin k\u0131z\u0131 olman\u0131n hakk\u0131n\u0131 da verdi. Duru sesiyle herkesi hayran b\u0131rakan Naz Begonvil \u015fark\u0131s\u0131n\u0131 s\u00f6yledi. Her zaman farkl\u0131 \u015fark\u0131lar\u0131n yorumunu yapan Naz bu kez de Begonvil \u015fark\u0131s\u0131n\u0131 s\u00f6yledi.<\/p>\n<div style=\"width: 640px;\" class=\"wp-video\"><!--[if lt IE 9]><script>document.createElement('video');<\/script><![endif]-->\n<video class=\"wp-video-shortcode\" id=\"video-118043-1\" width=\"640\" height=\"1138\" preload=\"metadata\" controls=\"controls\"><source type=\"video\/mp4\" src=\"https:\/\/www.tgrthaber.com\/mavikadin\/wp-content\/uploads\/Begonvil.-@bulentozdemirofficial35-@f.sezenaksu-@sibelcan-@nazssenlendirici.mp4?_=1\" \/><a href=\"https:\/\/www.tgrthaber.com\/mavikadin\/wp-content\/uploads\/Begonvil.-@bulentozdemirofficial35-@f.sezenaksu-@sibelcan-@nazssenlendirici.mp4\">https:\/\/www.tgrthaber.com\/mavikadin\/wp-content\/uploads\/Begonvil.-@bulentozdemirofficial35-@f.sezenaksu-@sibelcan-@nazssenlendirici.mp4<\/a><\/video><\/div>\n<hr \/>\n<p>Daha \u00f6nce de \u0130\u00e7im Yanar \u015fark\u0131s\u0131n\u0131 s\u00f6yleyen Naz sesinin g\u00fczelli\u011fini takip\u00e7ileriyle ve herkesle payla\u015fmaktan geri durmuyor. Babas\u0131 gibi m\u00fczisyen olma hayali olan Naz \u015eenlendirici kendini kan\u0131tlamaya niyetli. Hali\u00e7 \u00dcniversitesi&#8217;nde konservatuar okuyan Naz sesiyle herkesi kendine hayran b\u0131rak\u0131yor. H\u00fcsn\u00fc \u015eenlendirici k\u0131z\u0131n\u0131n videosunu sosyal medyas\u0131nda payla\u015farak Sibel Can&#8217;\u0131 ve Sezen Aksu&#8217;yu da etiketledi. K\u0131z\u0131n\u0131 her zaman destekleyen H\u00fcsn\u00fc \u015eenlendirici&#8217;nin payla\u015f\u0131m\u0131na k\u0131sa s\u00fcrede be\u011feni ve yorum ya\u011fd\u0131. B\u00fclent \u00d6zdemir ise yorum yaparak be\u011fendi\u011fini g\u00f6sterdi. Yorumlarda Sibel Can ve Sezen Aksu&#8217;yu g\u00f6zler arad\u0131.<\/p>\n<p><img loading=\"lazy\" decoding=\"async\" class=\"alignnone size-full wp-image-118054\" src=\"https:\/\/www.tgrthaber.com\/mavikadin\/wp-content\/uploads\/mavikadin-44-2.jpg\" alt=\"\" width=\"1920\" height=\"1080\" title=\"\" srcset=\"https:\/\/www.tgrthaber.com\/mavikadin\/wp-content\/uploads\/mavikadin-44-2.jpg 1920w, https:\/\/www.tgrthaber.com\/mavikadin\/wp-content\/uploads\/mavikadin-44-2-300x169.jpg 300w, https:\/\/www.tgrthaber.com\/mavikadin\/wp-content\/uploads\/mavikadin-44-2-1024x576.jpg 1024w, https:\/\/www.tgrthaber.com\/mavikadin\/wp-content\/uploads\/mavikadin-44-2-768x432.jpg 768w, https:\/\/www.tgrthaber.com\/mavikadin\/wp-content\/uploads\/mavikadin-44-2-1536x864.jpg 1536w\" sizes=\"(max-width: 1920px) 100vw, 1920px\" \/><\/p>\n<hr \/>\n<p>Naz \u015eenlendirici babas\u0131 gibi b\u00fcy\u00fck bir m\u00fczik insan\u0131 olacak gibi g\u00f6r\u00fcn\u00fcyor. Sesinin g\u00fczelli\u011fi herkesin taktirini kazan\u0131rken konservatuar okuyarak e\u011fitimini de tam al\u0131yor. Gen\u00e7 ya\u015f\u0131na ra\u011fmen harika bir sese sahip olan ve \u015fark\u0131lar\u0131 g\u00fczel yorumlayan Naz \u015eenlendirici kariyerini m\u00fczik alan\u0131nda yapmaya devam edecek gibi g\u00f6r\u00fcn\u00fcyor.<\/p>\n<p><img loading=\"lazy\" decoding=\"async\" class=\"alignnone size-full wp-image-118057\" src=\"https:\/\/www.tgrthaber.com\/mavikadin\/wp-content\/uploads\/mavikadin-45-1.jpg\" alt=\"\" width=\"1920\" height=\"1080\" title=\"\" srcset=\"https:\/\/www.tgrthaber.com\/mavikadin\/wp-content\/uploads\/mavikadin-45-1.jpg 1920w, https:\/\/www.tgrthaber.com\/mavikadin\/wp-content\/uploads\/mavikadin-45-1-300x169.jpg 300w, https:\/\/www.tgrthaber.com\/mavikadin\/wp-content\/uploads\/mavikadin-45-1-1024x576.jpg 1024w, https:\/\/www.tgrthaber.com\/mavikadin\/wp-content\/uploads\/mavikadin-45-1-768x432.jpg 768w, https:\/\/www.tgrthaber.com\/mavikadin\/wp-content\/uploads\/mavikadin-45-1-1536x864.jpg 1536w\" sizes=\"(max-width: 1920px) 100vw, 1920px\" \/><\/p>\n<hr \/>\n<h3>NAZ \u015eENLEND\u0130R\u0130C\u0130 K\u0130MD\u0130R? YA\u015eI KA\u00c7?<\/h3>\n<p>H\u00fcsn\u00fc \u015eenlendirici&#8217;nin k\u0131z\u0131 olan Naz \u015eenlendirici sosyal medyada en \u00e7ok konu\u015fulan isimlerden biri olmay\u0131 ba\u015fard\u0131. Naz \u015eenlendirici\u2019yi babas\u0131 Begonvili s\u00f6yledi\u011fi bir video ile payla\u015ft\u0131. Herkesin ilgisini \u00e7eken bir sese sahip olan Naz \u015eenlendirici ise sesiyle herkesi kendine hayran b\u0131rakt\u0131. Ge\u00e7en ya\u015f\u0131na ra\u011fmen sesini \u00e7ok iyi kullanarak olgun bir ses ve performans g\u00f6steren Naz \u015eenlendirici\u2019nin ya\u015f\u0131 da merak konusu oldu. Hali\u00e7 \u00dcniversitesi&#8217;nde konservatuar okuyan Naz \u015eenlendirici 22 Kas\u0131m 2024\u2019te 18 ya\u015f g\u00fcn\u00fcn\u00fc kutlad\u0131.<\/p>\n<p><img loading=\"lazy\" decoding=\"async\" class=\"alignnone size-full wp-image-118059\" src=\"https:\/\/www.tgrthaber.com\/mavikadin\/wp-content\/uploads\/mavikadin-46-1.jpg\" alt=\"\" width=\"1920\" height=\"1080\" title=\"\" srcset=\"https:\/\/www.tgrthaber.com\/mavikadin\/wp-content\/uploads\/mavikadin-46-1.jpg 1920w, https:\/\/www.tgrthaber.com\/mavikadin\/wp-content\/uploads\/mavikadin-46-1-300x169.jpg 300w, https:\/\/www.tgrthaber.com\/mavikadin\/wp-content\/uploads\/mavikadin-46-1-1024x576.jpg 1024w, https:\/\/www.tgrthaber.com\/mavikadin\/wp-content\/uploads\/mavikadin-46-1-768x432.jpg 768w, https:\/\/www.tgrthaber.com\/mavikadin\/wp-content\/uploads\/mavikadin-46-1-1536x864.jpg 1536w\" sizes=\"(max-width: 1920px) 100vw, 1920px\" \/><\/p>\n<hr \/>\n<p>Do\u011fum g\u00fcn\u00fcnde kareler payla\u015fan Naz \u015eenlendirici &#8216;En g\u00fczel ya\u015f\u0131mday\u0131m, daha yolun \u00e7ok ba\u015f\u0131nday\u0131m. Eeee izninizle ben prenseslik pembesinden krali\u00e7elik k\u0131rm\u0131z\u0131s\u0131na terfi ediyorum.&#8217; yazd\u0131. K\u0131sa s\u00fcrede be\u011feni ve yorum alan payla\u015f\u0131m\u0131 da b\u00fcy\u00fck ilgi g\u00f6rd\u00fc.<\/p>\n<p>Naz \u015eenlendirici 22 Kas\u0131m 2006 do\u011fumlu. \u00dcnl\u00fc klarnet ustas\u0131 H\u00fcsn\u00fc \u015eenlendirici&#8217;nin k\u0131z\u0131. \u015eimdilerde Hali\u00e7 \u00dcniversitesi&#8217;nde konservatuar okuyan Naz \u015eenlendirici m\u00fczik alan\u0131nda kariyer yapmak istiyor.<\/p>\n","protected":false},"excerpt":{"rendered":"<p>H\u00fcsn\u00fc \u015eenlendirici k\u0131z\u0131 Naz&#8217;\u0131n Begonviller s\u00f6yledi\u011fi \u015fark\u0131 performans\u0131n\u0131 sosyal medyas\u0131nda payla\u015farak Sezen Aksu ve Sibel Can&#8217;\u0131 etiketledi. Herkesin sesine hayran kald\u0131\u011f\u0131 Naz \u015eenlendirici ise babas\u0131n\u0131n deste\u011fi ile m\u00fczik kariyerine \u00fcst\u00fcn ba\u015far\u0131s\u0131yla devam ediyor. <\/p>\n","protected":false},"author":25,"featured_media":118060,"comment_status":"closed","ping_status":"closed","sticky":false,"template":"","format":"standard","meta":{"rank_math_lock_modified_date":false,"footnotes":""},"categories":[76],"tags":[7330,7329],"class_list":["post-118043","post","type-post","status-publish","format-standard","has-post-thumbnail","hentry","category-magazin","tag-husnu-senlendirici","tag-naz-senlendirici"],"_links":{"self":[{"href":"https:\/\/www.tgrthaber.com\/mavikadin\/wp-json\/wp\/v2\/posts\/118043"}],"collection":[{"href":"https:\/\/www.tgrthaber.com\/mavikadin\/wp-json\/wp\/v2\/posts"}],"about":[{"href":"https:\/\/www.tgrthaber.com\/mavikadin\/wp-json\/wp\/v2\/types\/post"}],"author":[{"embeddable":true,"href":"https:\/\/www.tgrthaber.com\/mavikadin\/wp-json\/wp\/v2\/users\/25"}],"replies":[{"embeddable":true,"href":"https:\/\/www.tgrthaber.com\/mavikadin\/wp-json\/wp\/v2\/comments?post=118043"}],"version-history":[{"count":2,"href":"https:\/\/www.tgrthaber.com\/mavikadin\/wp-json\/wp\/v2\/posts\/118043\/revisions"}],"predecessor-version":[{"id":118063,"href":"https:\/\/www.tgrthaber.com\/mavikadin\/wp-json\/wp\/v2\/posts\/118043\/revisions\/118063"}],"wp:featuredmedia":[{"embeddable":true,"href":"https:\/\/www.tgrthaber.com\/mavikadin\/wp-json\/wp\/v2\/media\/118060"}],"wp:attachment":[{"href":"https:\/\/www.tgrthaber.com\/mavikadin\/wp-json\/wp\/v2\/media?parent=118043"}],"wp:term":[{"taxonomy":"category","embeddable":true,"href":"https:\/\/www.tgrthaber.com\/mavikadin\/wp-json\/wp\/v2\/categories?post=118043"},{"taxonomy":"post_tag","embeddable":true,"href":"https:\/\/www.tgrthaber.com\/mavikadin\/wp-json\/wp\/v2\/tags?post=118043"}],"curies":[{"name":"wp","href":"https:\/\/api.w.org\/{rel}","templated":true}]}}