{"id":118064,"date":"2025-01-07T09:33:04","date_gmt":"2025-01-07T06:33:04","guid":{"rendered":"https:\/\/www.tgrthaber.com\/mavikadin\/?p=118064"},"modified":"2025-01-07T09:33:32","modified_gmt":"2025-01-07T06:33:32","slug":"ferdi-tayfurun-adanada-dogdugu-sokakta-komsulari-mevlid-okuttu","status":"publish","type":"post","link":"https:\/\/www.tgrthaber.com\/mavikadin\/ferdi-tayfurun-adanada-dogdugu-sokakta-komsulari-mevlid-okuttu\/","title":{"rendered":"Ferdi Tayfur&#8217;un Adana&#8217;da do\u011fdu\u011fu sokakta kom\u015fular\u0131 mevlid okuttu"},"content":{"rendered":"<p>Ferdi Tayfur&#8217;un Adana&#8217;da d\u00fcnyaya geldi\u011fi sokakta kom\u015fular\u0131 mevlit okuttu. T\u00fcrk m\u00fczi\u011finin ustalar\u0131ndan olan Ferdi Tayfur organ yetmezli\u011fi sebebiyle sevenlerine veda ederek aram\u0131zdan ayr\u0131ld\u0131. Hayranlar\u0131n\u0131 yasa bo\u011fan Ferdi Tayfur i\u00e7in okutulan mevlitler de bitmiyor. Adana&#8217;da do\u011fdu\u011fu sokakta kom\u015fular\u0131 Ferdi Tayfur i\u00e7in mevlit okuttu.<\/p>\n<h3>FERD\u0130 TAYFUR \u0130\u00c7\u0130N MEVL\u0130T OKUTTULAR<\/h3>\n<p>Adana&#8217;da do\u011fan Ferdi Tayfur T\u00fcrk m\u00fczi\u011fine ve T\u00fcrk sinemas\u0131na say\u0131s\u0131z eser b\u0131rakm\u0131\u015f bir isim oldu. Son zamanlarda hastal\u0131klarla m\u00fccadele eden Ferdi Tayfur&#8217;un bedeni daha fazla dayanamad\u0131 ve organ yetmezli\u011finden hayata g\u00f6zlerini yumdu. T\u00fcrk m\u00fczi\u011finin \u00f6nemli isimlerinden birini kaybetmenin ac\u0131s\u0131n\u0131 ya\u015fayan hayranlar\u0131 ise her g\u00fcn farkl\u0131 bir yerde mevlidini okutuyor. Bir haber de Ferdi Tayfur&#8217;un do\u011fup b\u00fcy\u00fcd\u00fc\u011f\u00fc Adana&#8217;dan geldi. Ferdi Tayfur\u2019un do\u011fup b\u00fcy\u00fcd\u00fc\u011f\u00fc sokakta kom\u015fular\u0131 onun i\u00e7in mevlit okutarak dua ettiler. Ferdi Tayfur&#8217;un an\u0131s\u0131n\u0131 ya\u015fatacak olan hayranlar\u0131 her zaman onu sevgi sayg\u0131 ile anacak.<\/p>\n<p><img loading=\"lazy\" decoding=\"async\" class=\"alignnone size-full wp-image-118066\" src=\"https:\/\/www.tgrthaber.com\/mavikadin\/wp-content\/uploads\/Ekran-goruntusu-2025-01-03-101433-1.png\" alt=\"\" width=\"643\" height=\"777\" title=\"\" srcset=\"https:\/\/www.tgrthaber.com\/mavikadin\/wp-content\/uploads\/Ekran-goruntusu-2025-01-03-101433-1.png 643w, https:\/\/www.tgrthaber.com\/mavikadin\/wp-content\/uploads\/Ekran-goruntusu-2025-01-03-101433-1-248x300.png 248w\" sizes=\"(max-width: 643px) 100vw, 643px\" \/><\/p>\n<hr \/>\n<p>Ferdi Tayfur&#8217;un anma t\u00f6reninde de binlerce hayran\u0131 ve seveni Atat\u00fcrk K\u00fclt\u00fcr Merkezi2nde bir araya geldi. T\u00fcrk m\u00fczi\u011finin b\u00fcy\u00fck isimlerinden \u0130brahim Tatl\u0131ses ve Orhan Gencebay da Atat\u00fcrk K\u00fclt\u00fcr Merkezi&#8217;nde Ferdi Tayru2u anan isimlerdendi. Orhan Gencebay 1970&#8217;li y\u0131llarda bilerek iki ismi birbirine d\u00fc\u015f\u00fcrd\u00fcklerini ve hi\u00e7bir zaman Ferdi Tayfur ile aras\u0131nda bir sorun olmad\u0131\u011f\u0131n\u0131 s\u00f6yledi. Konu\u015fmas\u0131nda Ferid Tayfur&#8217;a olan sevgi ve sayg\u0131s\u0131n\u0131 dile getiren Orhan Gencebay T\u00fcrk m\u00fczi\u011finin \u00f6nemli bir ismini kaybetmenin h\u00fczn\u00fcn\u00fc aktard\u0131. \u0130brahim Tatl\u0131ses de Atat\u00fcrk K\u00fclt\u00fcr Merkezi2Nde Ferdi Tayfur\u2019u anmak i\u00e7in gelen isimler aras\u0131ndayd\u0131. Ferdi Tayfur burada sevenleri taraf\u0131ndan an\u0131ld\u0131ktan sonra cenaze t\u00f6reni sonraki g\u00fcn ger\u00e7ekle\u015fti.<\/p>\n<p><img loading=\"lazy\" decoding=\"async\" class=\"alignnone size-full wp-image-118067\" src=\"https:\/\/www.tgrthaber.com\/mavikadin\/wp-content\/uploads\/Ekran-goruntusu-2025-01-03-101450.png\" alt=\"\" width=\"669\" height=\"715\" title=\"\" srcset=\"https:\/\/www.tgrthaber.com\/mavikadin\/wp-content\/uploads\/Ekran-goruntusu-2025-01-03-101450.png 669w, https:\/\/www.tgrthaber.com\/mavikadin\/wp-content\/uploads\/Ekran-goruntusu-2025-01-03-101450-281x300.png 281w\" sizes=\"(max-width: 669px) 100vw, 669px\" \/><\/p>\n<hr \/>\n<p>Son zamanlarda sorun ya\u015fad\u0131\u011f\u0131 k\u0131z\u0131 Tu\u011f\u00e7e Tayfur ve eski e\u015fi Necla Naz\u0131r Atat\u00fcrk K\u00fclt\u00fcr Merkezi2Ndeki bu anma t\u00f6renine kat\u0131lmad\u0131. Daha sonra Ferdi Tayfur\u2019un cenazesi ba\u015f\u0131nda kuzeni \u015eirin G\u00f6zal\u0131c\u0131 ile tart\u0131\u015fmas\u0131 da g\u00fcndem oldu. Tu\u011f\u00e7e Tayfur babas\u0131n\u0131 cenazesi ba\u015f\u0131nda kuzeni \u015eirin G\u00f6zlac\u0131 ile kavga etti. Kameralara yans\u0131yan g\u00f6r\u00fcnt\u00fclerde Ferdi Tayfur hayranlar\u0131 da b\u00fcy\u00fck tepki g\u00f6sterdi.<\/p>\n<p><img loading=\"lazy\" decoding=\"async\" class=\"alignnone size-full wp-image-118070\" src=\"https:\/\/www.tgrthaber.com\/mavikadin\/wp-content\/uploads\/Ekran-goruntusu-2025-01-06-132018-1.png\" alt=\"\" width=\"1076\" height=\"737\" title=\"\" srcset=\"https:\/\/www.tgrthaber.com\/mavikadin\/wp-content\/uploads\/Ekran-goruntusu-2025-01-06-132018-1.png 1076w, https:\/\/www.tgrthaber.com\/mavikadin\/wp-content\/uploads\/Ekran-goruntusu-2025-01-06-132018-1-300x205.png 300w, https:\/\/www.tgrthaber.com\/mavikadin\/wp-content\/uploads\/Ekran-goruntusu-2025-01-06-132018-1-1024x701.png 1024w, https:\/\/www.tgrthaber.com\/mavikadin\/wp-content\/uploads\/Ekran-goruntusu-2025-01-06-132018-1-768x526.png 768w\" sizes=\"(max-width: 1076px) 100vw, 1076px\" \/><\/p>\n<hr \/>\n<p>T\u00fcrk m\u00fczi\u011finin usta ismine yap\u0131lan bir sayg\u0131s\u0131zl\u0131k olarak yorumland\u0131. Tu\u011f\u00e7e Tayfur ise son zamanlarda mirastan menedilmeye ve soy ad\u0131n\u0131 kullanarak para kazanmas\u0131na ili\u015fkin davalara kadar sorun ya\u015fad\u0131\u011f\u0131 babas\u0131n\u0131n cenazesinde kendini tutamad\u0131. Kuzeniyle tart\u0131\u015fan Tu\u011f\u00e7e Tayfur&#8217;u annesi sosyal medyadan yapt\u0131\u011f\u0131 payla\u015f\u0131mla savundu. Necla Naz\u0131r da baba k\u0131z\u0131n aras\u0131nda girdiklerini ve hak yediklerini savundu.<\/p>\n<p>T\u00fcrk m\u00fczi\u011finin usta ismi Ferdi Tayfur i\u00e7in bir arya gelen ve ona sayg\u0131s\u0131n\u0131 g\u00f6steren hayranlar\u0131 ise sanat\u00e7\u0131n\u0131n an\u0131s\u0131n\u0131 ya\u015fatmaya devam ediyor. Adana&#8217;da d\u00fcnyaya geldi\u011fi sokaktaki kom\u015fular\u0131 da Ferdi Tayfur i\u00e7in mevlit okutarak dualar etti.<\/p>\n","protected":false},"excerpt":{"rendered":"<p>Ferdi Tayfur T\u00fcrk m\u00fczi\u011finin usta isimlerinden biriydi. Organ yetmezli\u011fi sebebiyle hayranlar\u0131na ve sevenlerine veda eden Ferdi Tayfur&#8217;u Adana&#8217;da d\u00fcnyaya gelip b\u00fcy\u00fcd\u00fc\u011f\u00fc kom\u015fular\u0131 da unutmad\u0131. Sokakta mevlit okutarak usta sanat\u00e7\u0131 i\u00e7in dualar edildi. <\/p>\n","protected":false},"author":25,"featured_media":118075,"comment_status":"closed","ping_status":"closed","sticky":false,"template":"","format":"standard","meta":{"rank_math_lock_modified_date":false,"footnotes":""},"categories":[76],"tags":[1480,4326,2616],"class_list":["post-118064","post","type-post","status-publish","format-standard","has-post-thumbnail","hentry","category-magazin","tag-adana","tag-ferdi-tayfur","tag-tugce-tayfur"],"_links":{"self":[{"href":"https:\/\/www.tgrthaber.com\/mavikadin\/wp-json\/wp\/v2\/posts\/118064"}],"collection":[{"href":"https:\/\/www.tgrthaber.com\/mavikadin\/wp-json\/wp\/v2\/posts"}],"about":[{"href":"https:\/\/www.tgrthaber.com\/mavikadin\/wp-json\/wp\/v2\/types\/post"}],"author":[{"embeddable":true,"href":"https:\/\/www.tgrthaber.com\/mavikadin\/wp-json\/wp\/v2\/users\/25"}],"replies":[{"embeddable":true,"href":"https:\/\/www.tgrthaber.com\/mavikadin\/wp-json\/wp\/v2\/comments?post=118064"}],"version-history":[{"count":2,"href":"https:\/\/www.tgrthaber.com\/mavikadin\/wp-json\/wp\/v2\/posts\/118064\/revisions"}],"predecessor-version":[{"id":118079,"href":"https:\/\/www.tgrthaber.com\/mavikadin\/wp-json\/wp\/v2\/posts\/118064\/revisions\/118079"}],"wp:featuredmedia":[{"embeddable":true,"href":"https:\/\/www.tgrthaber.com\/mavikadin\/wp-json\/wp\/v2\/media\/118075"}],"wp:attachment":[{"href":"https:\/\/www.tgrthaber.com\/mavikadin\/wp-json\/wp\/v2\/media?parent=118064"}],"wp:term":[{"taxonomy":"category","embeddable":true,"href":"https:\/\/www.tgrthaber.com\/mavikadin\/wp-json\/wp\/v2\/categories?post=118064"},{"taxonomy":"post_tag","embeddable":true,"href":"https:\/\/www.tgrthaber.com\/mavikadin\/wp-json\/wp\/v2\/tags?post=118064"}],"curies":[{"name":"wp","href":"https:\/\/api.w.org\/{rel}","templated":true}]}}