{"id":118116,"date":"2025-01-07T11:12:05","date_gmt":"2025-01-07T08:12:05","guid":{"rendered":"https:\/\/www.tgrthaber.com\/mavikadin\/?p=118116"},"modified":"2025-01-07T11:12:06","modified_gmt":"2025-01-07T08:12:06","slug":"gelin-dizisi-cihan-kac-yasinda-gelin-dizisinin-cihani-cenay-turksever-merak-edildi","status":"publish","type":"post","link":"https:\/\/www.tgrthaber.com\/mavikadin\/gelin-dizisi-cihan-kac-yasinda-gelin-dizisinin-cihani-cenay-turksever-merak-edildi\/","title":{"rendered":"Gelin dizisi Cihan ka\u00e7 ya\u015f\u0131nda? Gelin dizisinin Cihan&#8217;\u0131 Cenay T\u00fcrksever merak edildi"},"content":{"rendered":"<p>Gelin dizisi Cihan ka\u00e7 ya\u015f\u0131nda? Merak konusu oldu. Hafta i\u00e7i her g\u00fcn saat 19:00 itibariyle yay\u0131nlanan Gelin dizisi yeni sezonuyla g\u00fcndemdeki yerini koruyor.<\/p>\n<h3>GEL\u0130N D\u0130Z\u0130S\u0130 C\u0130HAN KA\u00c7 YA\u015eINDA?<\/h3>\n<p>Gelin dizisinde ba\u015frol oyuncular\u0131ndan Cihan Develio\u011flu karakterini \u00fcstlenen Cenay T\u00fcrksever\u2019in kim oldu\u011fu merak konusu oldu.<\/p>\n<h3>CENAY T\u00dcRKSEVER K\u0130MD\u0130R?<\/h3>\n<p>Oyuncu Cenay T\u00fcrksever, Bulgaristan\u2019da 13 May\u0131s 1990 tarihinde d\u00fcnyaya geldi. 1.90 boyunda 88 kilo olan \u00fcnl\u00fc isim kariyerinde \u00f6nemli i\u015flere imza att\u0131.<\/p>\n<p>Gelin dizisinde Cihan karakterini oynayan Cenay T\u00fcrksever Beden E\u011fitimi ve Spor Y\u00fcksekokulu\u2019nu tamamlad\u0131. 2012 y\u0131l\u0131nda Idol of Models yar\u0131\u015fmas\u0131nda 3. Se\u00e7ilen \u00fcnl\u00fc oyuncu geni\u015f kitlelere ad\u0131n\u0131 duyurdu.<\/p>\n<p><img loading=\"lazy\" decoding=\"async\" class=\"alignnone wp-image-118117\" src=\"https:\/\/www.tgrthaber.com\/mavikadin\/wp-content\/uploads\/Cenay-Turksever.webp\" alt=\"\" width=\"1208\" height=\"732\" title=\"\" srcset=\"https:\/\/www.tgrthaber.com\/mavikadin\/wp-content\/uploads\/Cenay-Turksever.webp 1300w, https:\/\/www.tgrthaber.com\/mavikadin\/wp-content\/uploads\/Cenay-Turksever-300x182.webp 300w, https:\/\/www.tgrthaber.com\/mavikadin\/wp-content\/uploads\/Cenay-Turksever-1024x621.webp 1024w, https:\/\/www.tgrthaber.com\/mavikadin\/wp-content\/uploads\/Cenay-Turksever-768x466.webp 768w\" sizes=\"(max-width: 1208px) 100vw, 1208px\" \/><\/p>\n<hr \/>\n<p>\u015eark\u0131c\u0131 Demet Akal\u0131n\u2019\u0131n klibinde oynayan Cenay T\u00fcrksever, Mercedes Benz Fashion Week defilelerinde de yer ald\u0131. Ayn\u0131 zamanda Hakan Akkaya ve \u015eafak Tokur gibi \u00fcnl\u00fc tasar\u0131mc\u0131lar\u0131n imzas\u0131n\u0131 ta\u015f\u0131yan tasar\u0131mlar\u0131n\u0131 ta\u015f\u0131d\u0131.<\/p>\n<p>Dizi ve filmlerde rol almadan \u00f6nce modellik kariyeriyle tan\u0131\u015fan Cenay T\u00fcrksever 3 Nota Oyunculuk At\u00f6lyesi\u2019nde oyunculuk e\u011fitimi ald\u0131. Modelli\u011fi b\u0131rakarak sadece oyunculuk kariyerine devam eden \u00fcnl\u00fc isim 2017-2019 y\u0131llar\u0131nda Elif dizisinde Yunus karakterini \u00fcstlendi.<\/p>\n<p><img loading=\"lazy\" decoding=\"async\" class=\"alignnone wp-image-118118\" src=\"https:\/\/www.tgrthaber.com\/mavikadin\/wp-content\/uploads\/Gelin-dizisi-2.jpg\" alt=\"\" width=\"1208\" height=\"680\" title=\"\" srcset=\"https:\/\/www.tgrthaber.com\/mavikadin\/wp-content\/uploads\/Gelin-dizisi-2.jpg 1600w, https:\/\/www.tgrthaber.com\/mavikadin\/wp-content\/uploads\/Gelin-dizisi-2-300x169.jpg 300w, https:\/\/www.tgrthaber.com\/mavikadin\/wp-content\/uploads\/Gelin-dizisi-2-1024x576.jpg 1024w, https:\/\/www.tgrthaber.com\/mavikadin\/wp-content\/uploads\/Gelin-dizisi-2-768x432.jpg 768w, https:\/\/www.tgrthaber.com\/mavikadin\/wp-content\/uploads\/Gelin-dizisi-2-1536x864.jpg 1536w\" sizes=\"(max-width: 1208px) 100vw, 1208px\" \/><\/p>\n<hr \/>\n<p>2019 y\u0131l\u0131nda Sevdim Seni Bir Kere adl\u0131 dizide rol alarak kariyerini \u00fcst seviyelere ta\u015f\u0131yan oyuncu 2021\u2019de B\u00f6r\u00fc 2039 dizisinde \u00c7aka Yazgan karakteriyle dikkat \u00e7ekti.<\/p>\n<p>11 \u015eubat 2024\u2019te Kanal 7\u2019de Gelin adl\u0131 dizide ba\u015frol oyuncusu olarak ekranlara gelen \u00fcnl\u00fc isim Cihan Develio\u011flu karakterini \u00fcstlendi. Taner Tun\u00e7 y\u00f6netmenli\u011finde \u00e7ekilen Gelin dizisinde Talya \u00c7elebi ve Cenay T\u00fcrksever ba\u015frolleri payla\u015f\u0131yor.<\/p>\n<p><img loading=\"lazy\" decoding=\"async\" class=\"alignnone wp-image-118120\" src=\"https:\/\/www.tgrthaber.com\/mavikadin\/wp-content\/uploads\/Gelin-dizisi-3.jpg\" alt=\"\" width=\"1208\" height=\"680\" title=\"\" srcset=\"https:\/\/www.tgrthaber.com\/mavikadin\/wp-content\/uploads\/Gelin-dizisi-3.jpg 1600w, https:\/\/www.tgrthaber.com\/mavikadin\/wp-content\/uploads\/Gelin-dizisi-3-300x169.jpg 300w, https:\/\/www.tgrthaber.com\/mavikadin\/wp-content\/uploads\/Gelin-dizisi-3-1024x576.jpg 1024w, https:\/\/www.tgrthaber.com\/mavikadin\/wp-content\/uploads\/Gelin-dizisi-3-768x432.jpg 768w, https:\/\/www.tgrthaber.com\/mavikadin\/wp-content\/uploads\/Gelin-dizisi-3-1536x864.jpg 1536w\" sizes=\"(max-width: 1208px) 100vw, 1208px\" \/><\/p>\n<hr \/>\n<h3>CENAY T\u00dcRKSEVER&#8217;\u0130N OYNADI\u011eI D\u0130Z\u0130LER<\/h3>\n<p>Elif (Yunus karakteri, TV Dizisi, 2017 \u2013 2019)<br \/>\nSevdim Seni Bir Kere (TV Dizisi, 2019)<br \/>\nB\u00f6r\u00fc 2039 (\u00c7aka Yazgan karakteri, TV Dizisi, 2021 \u2013 2022)<br \/>\nGelin (Cihan Develio\u011flu karakteri, TV Dizisi, 2024-g\u00fcn\u00fcm\u00fcz)<\/p>\n","protected":false},"excerpt":{"rendered":"<p>Gelin dizisi Cihan merak ediliyor. Kanal 7\u2019nin sevilen dizisi Gelin\u2019de Cihan karakterini oynayan Cenay T\u00fcrksever\u2019in kariyeri ara\u015ft\u0131r\u0131lmaya ba\u015fland\u0131.<\/p>\n","protected":false},"author":5,"featured_media":118119,"comment_status":"closed","ping_status":"closed","sticky":false,"template":"","format":"standard","meta":{"rank_math_lock_modified_date":false,"footnotes":""},"categories":[491],"tags":[7337,7058,7336],"class_list":["post-118116","post","type-post","status-publish","format-standard","has-post-thumbnail","hentry","category-biyografi","tag-cenay-turksever","tag-gelin-dizisi","tag-gelin-dizisi-cihan"],"_links":{"self":[{"href":"https:\/\/www.tgrthaber.com\/mavikadin\/wp-json\/wp\/v2\/posts\/118116"}],"collection":[{"href":"https:\/\/www.tgrthaber.com\/mavikadin\/wp-json\/wp\/v2\/posts"}],"about":[{"href":"https:\/\/www.tgrthaber.com\/mavikadin\/wp-json\/wp\/v2\/types\/post"}],"author":[{"embeddable":true,"href":"https:\/\/www.tgrthaber.com\/mavikadin\/wp-json\/wp\/v2\/users\/5"}],"replies":[{"embeddable":true,"href":"https:\/\/www.tgrthaber.com\/mavikadin\/wp-json\/wp\/v2\/comments?post=118116"}],"version-history":[{"count":2,"href":"https:\/\/www.tgrthaber.com\/mavikadin\/wp-json\/wp\/v2\/posts\/118116\/revisions"}],"predecessor-version":[{"id":118122,"href":"https:\/\/www.tgrthaber.com\/mavikadin\/wp-json\/wp\/v2\/posts\/118116\/revisions\/118122"}],"wp:featuredmedia":[{"embeddable":true,"href":"https:\/\/www.tgrthaber.com\/mavikadin\/wp-json\/wp\/v2\/media\/118119"}],"wp:attachment":[{"href":"https:\/\/www.tgrthaber.com\/mavikadin\/wp-json\/wp\/v2\/media?parent=118116"}],"wp:term":[{"taxonomy":"category","embeddable":true,"href":"https:\/\/www.tgrthaber.com\/mavikadin\/wp-json\/wp\/v2\/categories?post=118116"},{"taxonomy":"post_tag","embeddable":true,"href":"https:\/\/www.tgrthaber.com\/mavikadin\/wp-json\/wp\/v2\/tags?post=118116"}],"curies":[{"name":"wp","href":"https:\/\/api.w.org\/{rel}","templated":true}]}}