{"id":118311,"date":"2025-01-07T14:43:11","date_gmt":"2025-01-07T11:43:11","guid":{"rendered":"https:\/\/www.tgrthaber.com\/mavikadin\/?p=118311"},"modified":"2025-01-07T14:54:20","modified_gmt":"2025-01-07T11:54:20","slug":"gassal-sabunu-ve-pamugu-sosyal-medyayi-yikti-gecirdi","status":"publish","type":"post","link":"https:\/\/www.tgrthaber.com\/mavikadin\/gassal-sabunu-ve-pamugu-sosyal-medyayi-yikti-gecirdi\/","title":{"rendered":"Gassal sabunu ve pamu\u011fu sosyal medyay\u0131 y\u0131kt\u0131 ge\u00e7irdi!"},"content":{"rendered":"<p>Ahmet Kural\u2019\u0131n ba\u015frollerinde yer ald\u0131\u011f\u0131 Gassal dizisinin ilk sezonu geni\u015f kitlere ula\u015farak b\u00fcy\u00fck bir be\u011feni toplad\u0131. Gassal dizisinin 1. Sezonu i\u00e7erisinde yer alan sahneler sosyal medyada defalarca kez hala izlenilmeye ve payla\u015f\u0131lmaya devam ediyor. Gassal dizisinin s\u0131k\u0131 takip\u00e7ileri Gassal 2. Sezon b\u00f6l\u00fcmlerini merakla beklerken sosyal medya da dizinin ismiyle \u00fcretilen Gassal sabunlar\u0131 viral oldu.<\/p>\n<h3>GASSAL D\u0130Z\u0130S\u0130N\u0130N YEN\u0130 SEZONUNDA NELER OLACAK?<\/h3>\n<p>Gassal dizisi hikayesi ve oyuncular\u0131yla ad\u0131ndan s\u00f6z ettirmeye devam ederken Gassal 2 sezon b\u00f6l\u00fcmleri \u015fimdiden merak edilmeye ba\u015fland\u0131. Ahmet Kural&#8217;\u0131n ba\u015frollerinde oynad\u0131\u011f\u0131 yap\u0131mda kimsesiz insanlar\u0131n cenazesini y\u0131kayan Baki rol\u00fcn\u00fc canlad\u0131rmaktad\u0131r. Baki, 30 ya\u015flar\u0131na gelmi\u015f birinin hayata olan bak\u0131\u015f\u0131n\u0131 ve sorgulamas\u0131n\u0131 ele al\u0131r. Ge\u00e7mi\u015fte uzak kald\u0131\u011f\u0131 olaylarla y\u00fczle\u015fmesinin yan\u0131 s\u0131ra g\u00fcn\u00fcm\u00fcz d\u00fcnyas\u0131ndaki sosyal medya payla\u015f\u0131mlar\u0131n\u0131 da garipser. Toplumu objektif \u015fekilde incelemeye ve anlamaya \u00e7al\u0131\u015fan Baki di\u011fer yandan da kendi ge\u00e7mi\u015finin alt\u0131nda yatan sebepleri bularak onlarla y\u00fczle\u015fmeye \u00e7al\u0131\u015f\u0131r.<\/p>\n<p>Gassal 1. sezonunda anlat\u0131lan hikayenin devam\u0131 2 sezonda nas\u0131l devam edecek? Gassal 2 sezon hikayesinde neler olacak? Baki ile gassal kad\u0131n rol\u00fcn\u00fc oynayan Hande Soral aras\u0131nda bir ba\u011f olacak m\u0131? Dizinin takip\u00e7ileri taraf\u0131ndan yeni sezonda hikaye nas\u0131l ilerleyecek merak ediliyor.<\/p>\n<h3>GASSAL SABUNLARI SATI\u015eA \u00c7IKARILDI<\/h3>\n<p>Gassal dizisinin fanlar\u0131 her ge\u00e7en g\u00fcn art\u0131yor. Gassal dizisine olan bu ilginin fark\u0131nda olan bir marka Gassal sabunu \u00fcreterek sat\u0131\u015fa sundu. Gassal dizisinin takip\u00e7ileri taraf\u0131ndan bile \u015fa\u015fk\u0131nl\u0131k olu\u015fturan Gassal sabunlar\u0131 sosyal medyada dakikalar i\u00e7erisinde konu\u015fulan ve esprileri yap\u0131lan bir durum haline geldi.<\/p>\n<div style=\"width: 640px;\" class=\"wp-video\"><!--[if lt IE 9]><script>document.createElement('video');<\/script><![endif]-->\n<video class=\"wp-video-shortcode\" id=\"video-118311-1\" width=\"640\" height=\"640\" preload=\"metadata\" controls=\"controls\"><source type=\"video\/mp4\" src=\"https:\/\/www.tgrthaber.com\/mavikadin\/wp-content\/uploads\/Gassal-sabunu-ve-pamugu-sosyal-medyayi-yikti-gecirdi.mp4?_=1\" \/><a href=\"https:\/\/www.tgrthaber.com\/mavikadin\/wp-content\/uploads\/Gassal-sabunu-ve-pamugu-sosyal-medyayi-yikti-gecirdi.mp4\">https:\/\/www.tgrthaber.com\/mavikadin\/wp-content\/uploads\/Gassal-sabunu-ve-pamugu-sosyal-medyayi-yikti-gecirdi.mp4<\/a><\/video><\/div>\n<hr \/>\n<h3>\u201cAHMET KURAL B\u0130LE BUNA SESL\u0130 G\u00dcLER\u201d<\/h3>\n<p>Gassal sabunu ve pamu\u011fu ile ilgili sosyal medyada yay\u0131lan videonun ard\u0131ndan kullan\u0131c\u0131lar g\u00f6r\u00fc\u015flerini payla\u015ft\u0131. Yap\u0131lan yorumlar\u0131ndan aras\u0131ndan bir yaz\u0131 olduk\u00e7a dikkat \u00e7ekiciydi. Kullan\u0131c\u0131lardan biri \u201cAhmet Kural bile buna sesli g\u00fcler\u201d diyerek esprili bir \u015fekilde cevap verdi. Di\u011fer kullan\u0131c\u0131lardan gelen yorumlardan baz\u0131lar\u0131 ise \u015fu \u015fekildeydi:<\/p>\n<p>\u201cT\u00f6vbe yarabbim daha neler g\u00f6rcez\u201d<\/p>\n<p>\u201cAyy \ud83d\ude02 \u00fcrperdim\u201d<\/p>\n<p>\u201cYa\u015fayan i\u00e7in : g\u00f6z\u00fcm yanar yanar yanar.. (Sabun)\u201d<\/p>\n<p>\u201cKefen ve tas eksik. Hepsi bir paket halinde sat\u0131lmal\u0131 :)\u201d<\/p>\n<p>\u201cbunu bile\u00a0 ticaret yapm\u0131\u015flar ya\u201d<\/p>\n","protected":false},"excerpt":{"rendered":"<p>Yay\u0131n hayat\u0131na ba\u015flamas\u0131yla birlikte bir\u00e7ok kitle taraf\u0131ndan izlenen ve be\u011fenilen Gassal dizisi sabun sat\u0131\u015flara yap\u0131lmaya ba\u015fland\u0131. Bir market reyonunda g\u00f6r\u00fclen Gassal sabun \u00fcr\u00fcnlerine ait olan video dakikalar i\u00e7erisinde sosyal medya da viral oldu. <\/p>\n","protected":false},"author":10,"featured_media":118312,"comment_status":"closed","ping_status":"closed","sticky":false,"template":"","format":"standard","meta":{"rank_math_lock_modified_date":false,"footnotes":""},"categories":[76],"tags":[6216,7352],"class_list":["post-118311","post","type-post","status-publish","format-standard","has-post-thumbnail","hentry","category-magazin","tag-gassal-dizisi","tag-gassal-sabun"],"_links":{"self":[{"href":"https:\/\/www.tgrthaber.com\/mavikadin\/wp-json\/wp\/v2\/posts\/118311"}],"collection":[{"href":"https:\/\/www.tgrthaber.com\/mavikadin\/wp-json\/wp\/v2\/posts"}],"about":[{"href":"https:\/\/www.tgrthaber.com\/mavikadin\/wp-json\/wp\/v2\/types\/post"}],"author":[{"embeddable":true,"href":"https:\/\/www.tgrthaber.com\/mavikadin\/wp-json\/wp\/v2\/users\/10"}],"replies":[{"embeddable":true,"href":"https:\/\/www.tgrthaber.com\/mavikadin\/wp-json\/wp\/v2\/comments?post=118311"}],"version-history":[{"count":5,"href":"https:\/\/www.tgrthaber.com\/mavikadin\/wp-json\/wp\/v2\/posts\/118311\/revisions"}],"predecessor-version":[{"id":118326,"href":"https:\/\/www.tgrthaber.com\/mavikadin\/wp-json\/wp\/v2\/posts\/118311\/revisions\/118326"}],"wp:featuredmedia":[{"embeddable":true,"href":"https:\/\/www.tgrthaber.com\/mavikadin\/wp-json\/wp\/v2\/media\/118312"}],"wp:attachment":[{"href":"https:\/\/www.tgrthaber.com\/mavikadin\/wp-json\/wp\/v2\/media?parent=118311"}],"wp:term":[{"taxonomy":"category","embeddable":true,"href":"https:\/\/www.tgrthaber.com\/mavikadin\/wp-json\/wp\/v2\/categories?post=118311"},{"taxonomy":"post_tag","embeddable":true,"href":"https:\/\/www.tgrthaber.com\/mavikadin\/wp-json\/wp\/v2\/tags?post=118311"}],"curies":[{"name":"wp","href":"https:\/\/api.w.org\/{rel}","templated":true}]}}