{"id":118341,"date":"2025-01-07T15:57:12","date_gmt":"2025-01-07T12:57:12","guid":{"rendered":"https:\/\/www.tgrthaber.com\/mavikadin\/?p=118341"},"modified":"2025-01-07T16:51:58","modified_gmt":"2025-01-07T13:51:58","slug":"tugba-ozay-isyan-etti-bu-rezalete-birilerinin-dur-demesi-zamani-geldi","status":"publish","type":"post","link":"https:\/\/www.tgrthaber.com\/mavikadin\/tugba-ozay-isyan-etti-bu-rezalete-birilerinin-dur-demesi-zamani-geldi\/","title":{"rendered":"Tu\u011fba \u00d6zay isyan etti! \u201cBu rezalete birilerinin dur demesi zaman\u0131 geldi!\u201d"},"content":{"rendered":"<p>\u00dcnl\u00fc manken Tu\u011fba \u00d6zay, Antalya\u2019n\u0131n Manavgat il\u00e7esindeki b\u00f6lgeleri gezerken kar\u015f\u0131la\u015ft\u0131\u011f\u0131 \u00e7evre kirlili\u011fine duyars\u0131z kalmad\u0131. \u00d6zay, y\u0131llard\u0131r ya\u015fad\u0131\u011f\u0131 Manavgat il\u00e7esinde ya\u015fan\u0131lan \u00e7\u00f6p sorununa dikkat \u00e7ekmek ve kirlili\u011fin bir an \u00f6nce giderilmesi i\u00e7in yetkililere seslendi. Tu\u011fba \u00d6zay\u2019\u0131n sergiledi\u011fi bu durum bir\u00e7ok ki\u015fi taraf\u0131ndan payla\u015f\u0131larak destek ya\u011fmuru ya\u011fd\u0131.<\/p>\n<h3>\u201cVATAN HA\u0130N\u0130S\u0130N\u0130Z\u201d<\/h3>\n<p>Tu\u011fba \u00d6zay, Manavgat il\u00e7esindeki Sar\u0131lar K\u0131r mevkii b\u00f6lgesindeki kirlili\u011fi g\u00f6zler \u00f6n\u00fcne sergiledi. \u00d6zay sarf etti\u011fi s\u00f6zlerle medyaya ses getirdi. \u00c7evre sorununa dikkat \u00e7eken \u00fcnl\u00fc manken payla\u015ft\u0131\u011f\u0131 videoda Manavgat\u2019\u0131 o hale getirenlere \u201c hepiniz vatan hainisiniz\u201d diyerek seslendi.<\/p>\n<p>\u00d6zay, \u201c Bu \u00e7\u00f6pleri buraya getirip y\u0131\u011fan herkes vatan hainidir. B\u00f6yle bir rezillik olabilir. Buras\u0131 turistik alan , buras\u0131 can\u0131m Manavgat\u2019\u0131m ..! Y\u0131llard\u0131r burada \u00e7\u00f6p m\u00fccadelesi veriyorum..! Ben yere en k\u00fc\u00e7\u00fck bir jelatini bile atamam , atmammmm ..! Millet evini do\u011faya atm\u0131\u015f..! bu i\u015f art\u0131k sadece belediye i\u015fi de de\u011fil ..! T\u00fcrkiye\u2019nin d\u00f6rt bir yan\u0131 bu korkun\u00e7 manzaralarla dolu..! yurtd\u0131\u015f\u0131nda adamlar \u00e7\u00f6plerden d\u00f6n\u00fc\u015f\u00fcm tesisleri kuruyor ..! \u00c7\u00f6p atma cezas\u0131 kesinlikle bu \u00fclkede hayata ge\u00e7irilmeli ..! Ve uygulanmal\u0131 ..! Buradan t\u00fcm yetkililere , devlet b\u00fcy\u00fcklerimize , bakanl\u0131klar\u0131m\u0131za sesleniyorum..!\u201d diyerek b\u00f6lgede ya\u015fayan halka seslendi.<\/p>\n<div style=\"width: 640px;\" class=\"wp-video\"><!--[if lt IE 9]><script>document.createElement('video');<\/script><![endif]-->\n<video class=\"wp-video-shortcode\" id=\"video-118341-1\" width=\"640\" height=\"1138\" preload=\"metadata\" controls=\"controls\"><source type=\"video\/mp4\" src=\"https:\/\/www.tgrthaber.com\/mavikadin\/wp-content\/uploads\/tugba-ozay-isyan-etti-vatan-hainisiniz.mp4?_=1\" \/><a href=\"https:\/\/www.tgrthaber.com\/mavikadin\/wp-content\/uploads\/tugba-ozay-isyan-etti-vatan-hainisiniz.mp4\">https:\/\/www.tgrthaber.com\/mavikadin\/wp-content\/uploads\/tugba-ozay-isyan-etti-vatan-hainisiniz.mp4<\/a><\/video><\/div>\n<hr \/>\n<h3>\u201c\u00c7\u00d6P ATMA CEZASI UYGULANSIN\u201d<\/h3>\n<p>Tu\u011fba \u00d6zay, \u00e7\u00f6p at\u0131lmas\u0131 durumuna kar\u015f\u0131l\u0131k yetkililere \u00e7\u00f6p atma cezas\u0131 uygulans\u0131n diye seslendi. \u00d6zay, \u201c\u00a0Emin olun ald\u0131\u011f\u0131n\u0131z vergilerden \u00e7ok daha b\u00fcy\u00fck kazan\u00e7 elde edersiniz..! Ben g\u00f6n\u00fcll\u00fc \u00e7evre askeriyim , tabiat\u0131n askeriyim..! \u00fclkeme a\u015f\u0131k , her kar\u0131\u015f topra\u011f\u0131na sevdal\u0131y\u0131m bu \u00fclkeye yaz\u0131k etmeyin t\u00fcm takip\u00e7ilerime de sesleniyorum bu videolar\u0131 duyurun payla\u015f\u0131n kamuoyu yaratmal\u0131y\u0131z canlar\u0131m ..!\u201d diyerek Manavgat il\u00e7esindeki kirlili\u011fin \u00f6n\u00fcne ge\u00e7meye \u00e7al\u0131\u015ft\u0131.<\/p>\n<p><img loading=\"lazy\" decoding=\"async\" class=\"alignnone wp-image-118387\" src=\"https:\/\/www.tgrthaber.com\/mavikadin\/wp-content\/uploads\/tugba-ozay-isyan-etti-300x169.jpg\" alt=\"tu\u011fba \u00f6zay isyan etti\" width=\"1208\" height=\"680\" title=\"\" srcset=\"https:\/\/www.tgrthaber.com\/mavikadin\/wp-content\/uploads\/tugba-ozay-isyan-etti-300x169.jpg 300w, https:\/\/www.tgrthaber.com\/mavikadin\/wp-content\/uploads\/tugba-ozay-isyan-etti-1024x576.jpg 1024w, https:\/\/www.tgrthaber.com\/mavikadin\/wp-content\/uploads\/tugba-ozay-isyan-etti-768x432.jpg 768w, https:\/\/www.tgrthaber.com\/mavikadin\/wp-content\/uploads\/tugba-ozay-isyan-etti-1536x864.jpg 1536w, https:\/\/www.tgrthaber.com\/mavikadin\/wp-content\/uploads\/tugba-ozay-isyan-etti.jpg 1920w\" sizes=\"(max-width: 1208px) 100vw, 1208px\" \/><\/p>\n<hr \/>\n<p>&nbsp;<\/p>\n","protected":false},"excerpt":{"rendered":"<p>Tu\u011fba \u00d6zay, Antalya\u2019n\u0131n Manavgat il\u00e7esinde ya\u015fan\u0131lan \u00e7evre kirlili\u011fine sessiz kalmad\u0131. Tu\u011fba \u00d6zay Manavgat il\u00e7esinin bir\u00e7ok b\u00f6lgesinde ya\u015fan\u0131lan \u00e7\u00f6p art\u0131klar\u0131na dikkat \u00e7ekerek sosyal medya hesab\u0131ndan yetkilere seslendi. <\/p>\n","protected":false},"author":10,"featured_media":118342,"comment_status":"closed","ping_status":"closed","sticky":false,"template":"","format":"standard","meta":{"rank_math_lock_modified_date":false,"footnotes":""},"categories":[76],"tags":[6258,7361,7362],"class_list":["post-118341","post","type-post","status-publish","format-standard","has-post-thumbnail","hentry","category-magazin","tag-tugba-ozay","tag-tugba-ozay-isyan-etti","tag-tugba-ozay-manavgat"],"_links":{"self":[{"href":"https:\/\/www.tgrthaber.com\/mavikadin\/wp-json\/wp\/v2\/posts\/118341"}],"collection":[{"href":"https:\/\/www.tgrthaber.com\/mavikadin\/wp-json\/wp\/v2\/posts"}],"about":[{"href":"https:\/\/www.tgrthaber.com\/mavikadin\/wp-json\/wp\/v2\/types\/post"}],"author":[{"embeddable":true,"href":"https:\/\/www.tgrthaber.com\/mavikadin\/wp-json\/wp\/v2\/users\/10"}],"replies":[{"embeddable":true,"href":"https:\/\/www.tgrthaber.com\/mavikadin\/wp-json\/wp\/v2\/comments?post=118341"}],"version-history":[{"count":4,"href":"https:\/\/www.tgrthaber.com\/mavikadin\/wp-json\/wp\/v2\/posts\/118341\/revisions"}],"predecessor-version":[{"id":118388,"href":"https:\/\/www.tgrthaber.com\/mavikadin\/wp-json\/wp\/v2\/posts\/118341\/revisions\/118388"}],"wp:featuredmedia":[{"embeddable":true,"href":"https:\/\/www.tgrthaber.com\/mavikadin\/wp-json\/wp\/v2\/media\/118342"}],"wp:attachment":[{"href":"https:\/\/www.tgrthaber.com\/mavikadin\/wp-json\/wp\/v2\/media?parent=118341"}],"wp:term":[{"taxonomy":"category","embeddable":true,"href":"https:\/\/www.tgrthaber.com\/mavikadin\/wp-json\/wp\/v2\/categories?post=118341"},{"taxonomy":"post_tag","embeddable":true,"href":"https:\/\/www.tgrthaber.com\/mavikadin\/wp-json\/wp\/v2\/tags?post=118341"}],"curies":[{"name":"wp","href":"https:\/\/api.w.org\/{rel}","templated":true}]}}