{"id":118356,"date":"2025-01-07T17:25:14","date_gmt":"2025-01-07T14:25:14","guid":{"rendered":"https:\/\/www.tgrthaber.com\/mavikadin\/?p=118356"},"modified":"2025-01-07T17:25:14","modified_gmt":"2025-01-07T14:25:14","slug":"merve-dizdar-ile-halit-ergencin-basrollerinde-oldugu-kral-kaybedersenin-oyuncu-kadrosu-belli-oldu","status":"publish","type":"post","link":"https:\/\/www.tgrthaber.com\/mavikadin\/merve-dizdar-ile-halit-ergencin-basrollerinde-oldugu-kral-kaybedersenin-oyuncu-kadrosu-belli-oldu\/","title":{"rendered":"Merve Dizdar ile Halit Ergen\u00e7&#8217;in ba\u015frollerinde oldu\u011fu &#8216;Kral Kaybederse&#8217;nin oyuncu kadrosu belli oldu!"},"content":{"rendered":"<p>Yap\u0131m\u0131 OGM Pictures&#8217;a ait olup y\u00f6netmenli\u011fini Taylan Biraderler&#8217;in \u00fcstlendi\u011fi ve senaryosunun da Ertan Kurtaran&#8217;\u0131n kaleme ald\u0131\u011f\u0131 &#8216;Kral Kaybederse&#8217; dizisi \u00e7ok yak\u0131nda Star TV ekranlar\u0131nda izleyicileriyle bulu\u015facak. Bir s\u00fcredir haz\u0131rl\u0131k a\u015famas\u0131nda olup \u00fczerinde \u00e7al\u0131\u015fmalar\u0131n s\u00fcrd\u00fcr\u00fcld\u00fc\u011f\u00fc bilinen dizi, Psikiyatr ve yazar G\u00fclseren Buday\u0131c\u0131o\u011flu&#8217;nun &#8216;Ayn\u0131&#8217; isimli eserinin izlerini ta\u015f\u0131yacak.<\/p>\n<p>Ba\u015frollerini ba\u015far\u0131l\u0131 oyuncu Halit Ergen\u00e7 ile yetenekli oyuncu Merve Dizdar&#8217;\u0131n payla\u015faca\u011f\u0131 &#8216;Kral Kaybederse&#8217; dizisinin merak edilen di\u011fer oyuncu kadrosunun isimleri de belli oldu. Peki &#8216;Kral Kaybederse&#8217; dizisinin di\u011fer \u00fcnl\u00fc oyuncular\u0131 kimler?<\/p>\n<h3>&#8216;KRAL KAYBEDERSE&#8217; D\u0130Z\u0130S\u0130N\u0130N OYUNCU KADROSUNDA K\u0130MLER VAR?<\/h3>\n<p>Yak\u0131n zamanda Star TV ekranlar\u0131nda yerini alacak olan &#8216;Kral Kaybederse&#8217; dizisinin oyuncu kadrosu merak ediliyordu. Halit Ergen\u00e7 ve Merve Dizdar&#8217;\u0131n ba\u015frollerinde yer ald\u0131\u011f\u0131 dizide oyuncu kadrosu belli oldu.<\/p>\n<p><img loading=\"lazy\" decoding=\"async\" class=\"alignnone wp-image-118400\" src=\"https:\/\/www.tgrthaber.com\/mavikadin\/wp-content\/uploads\/20-1.png\" alt=\"\" width=\"1208\" height=\"665\" title=\"\" srcset=\"https:\/\/www.tgrthaber.com\/mavikadin\/wp-content\/uploads\/20-1.png 767w, https:\/\/www.tgrthaber.com\/mavikadin\/wp-content\/uploads\/20-1-300x165.png 300w\" sizes=\"(max-width: 1208px) 100vw, 1208px\" \/><\/p>\n<hr \/>\n<p>Yay\u0131nlanan haberlere g\u00f6re; konusu itibari ile de izleyicinin son derece dikkatini \u00e7ekip be\u011fenisini kazanaca\u011f\u0131 &#8216;Kral Kaybederse&#8217; dizisinin g\u00fc\u00e7l\u00fc oyuncu kadrosunda yer alan isimler \u015fu \u015fekilde;<\/p>\n<p>Halit Ergen\u00e7, Merve Dizdar, Asl\u0131han G\u00fcrb\u00fcz, Nilperi \u015eahinkaya, Murat Garipa\u011fao\u011flu, Cenan \u00c7amyurdu, Nalan Kuru\u00e7im, Fulden S\u00f6\u011f\u00fct Etik, Ezgi Ulusoy, Ferhan G\u00fcl\u015fah Varl\u0131o\u011flu ve Cihan Talay gibi oyuncular dizide kendini g\u00f6sterecek.<\/p>\n<h3>&#8216;KRAL KAYBEDERSE&#8217; D\u0130Z\u0130S\u0130N\u0130N KONUSU NED\u0130R?<\/h3>\n<p>Strar TV&#8217;de yay\u0131nlanacak ve izleyici g\u00f6z\u00fcnde y\u00fcksek ihtimaller do\u011frultusunda be\u011fenilece\u011fi d\u00fc\u015f\u00fcn\u00fclen &#8216;Kral Kaybederse&#8217; dizisi, annesi taraf\u0131ndan t\u0131pk\u0131 bir kral gibi yeti\u015ftirilerek b\u00fcy\u00fct\u00fclen ve ayn\u0131 zamanda da a\u015fktan sab\u0131kal\u0131 bir karakter olan Kenan\u2019\u0131n gitti\u011fi mekanda garsonluk yapan Fadi\u2019yle birbirlerine a\u015f\u0131k olup ili\u015fkilerinin olmas\u0131 hayat\u0131n\u0131n bertaraf olmas\u0131n\u0131 ve her \u015feyini kaybedince de kendi ger\u00e7ekleriyle ba\u015f ba\u015fa kal\u0131p y\u00fczle\u015fti\u011fi anlar\u0131 ekran \u00f6n\u00fcne ta\u015f\u0131yacak.<\/p>\n<p>Dizide &#8216;Kenan&#8217; karakterine Halit Ergen\u00e7, &#8216;Fadi&#8217; karakterine ise Merve Dizdar; Kenan\u2019\u0131n e\u015fi Handan\u2019a ise Asl\u0131han G\u00fcrb\u00fcz canland\u0131raca\u011f\u0131 biliniyor.<\/p>\n","protected":false},"excerpt":{"rendered":"<p>Yak\u0131nda Star TV ekranlar\u0131nda yerini alacak olan yeni dizi &#8216;Kral Kaybederse&#8217;nin oyuncu kadrosu netle\u015fti. Ba\u015frollerini Halit Ergen\u00e7 ile Merve Dizdar&#8217;\u0131n olaca\u011f\u0131 dizide yer alacak di\u011fer \u00fcnl\u00fc isimler ise \u015f\u00f6yle&#8230;<\/p>\n","protected":false},"author":27,"featured_media":118398,"comment_status":"closed","ping_status":"closed","sticky":false,"template":"","format":"standard","meta":{"rank_math_lock_modified_date":false,"footnotes":""},"categories":[602],"tags":[2193,7367,7368],"class_list":["post-118356","post","type-post","status-publish","format-standard","has-post-thumbnail","hentry","category-diziler","tag-kral-kaybederse","tag-kral-kaybederse-dizisi","tag-kral-kaybederse-dizisi-oyunculari"],"_links":{"self":[{"href":"https:\/\/www.tgrthaber.com\/mavikadin\/wp-json\/wp\/v2\/posts\/118356"}],"collection":[{"href":"https:\/\/www.tgrthaber.com\/mavikadin\/wp-json\/wp\/v2\/posts"}],"about":[{"href":"https:\/\/www.tgrthaber.com\/mavikadin\/wp-json\/wp\/v2\/types\/post"}],"author":[{"embeddable":true,"href":"https:\/\/www.tgrthaber.com\/mavikadin\/wp-json\/wp\/v2\/users\/27"}],"replies":[{"embeddable":true,"href":"https:\/\/www.tgrthaber.com\/mavikadin\/wp-json\/wp\/v2\/comments?post=118356"}],"version-history":[{"count":2,"href":"https:\/\/www.tgrthaber.com\/mavikadin\/wp-json\/wp\/v2\/posts\/118356\/revisions"}],"predecessor-version":[{"id":118403,"href":"https:\/\/www.tgrthaber.com\/mavikadin\/wp-json\/wp\/v2\/posts\/118356\/revisions\/118403"}],"wp:featuredmedia":[{"embeddable":true,"href":"https:\/\/www.tgrthaber.com\/mavikadin\/wp-json\/wp\/v2\/media\/118398"}],"wp:attachment":[{"href":"https:\/\/www.tgrthaber.com\/mavikadin\/wp-json\/wp\/v2\/media?parent=118356"}],"wp:term":[{"taxonomy":"category","embeddable":true,"href":"https:\/\/www.tgrthaber.com\/mavikadin\/wp-json\/wp\/v2\/categories?post=118356"},{"taxonomy":"post_tag","embeddable":true,"href":"https:\/\/www.tgrthaber.com\/mavikadin\/wp-json\/wp\/v2\/tags?post=118356"}],"curies":[{"name":"wp","href":"https:\/\/api.w.org\/{rel}","templated":true}]}}