{"id":118378,"date":"2025-01-07T16:44:47","date_gmt":"2025-01-07T13:44:47","guid":{"rendered":"https:\/\/www.tgrthaber.com\/mavikadin\/?p=118378"},"modified":"2025-01-07T16:44:47","modified_gmt":"2025-01-07T13:44:47","slug":"gonul-daginin-huseyini-erdal-cindoruk-sen-aglama-istanbul-dizisiyle-geliyor","status":"publish","type":"post","link":"https:\/\/www.tgrthaber.com\/mavikadin\/gonul-daginin-huseyini-erdal-cindoruk-sen-aglama-istanbul-dizisiyle-geliyor\/","title":{"rendered":"G\u00f6n\u00fcl Da\u011f\u0131\u2019n\u0131n H\u00fcseyin\u2019i Erdal Cindoruk Sen A\u011flama \u0130stanbul dizisiyle geliyor"},"content":{"rendered":"<p>G\u00f6n\u00fcl Da\u011f\u0131\u2019n\u0131n H\u00fcseyin\u2019i Erdal Cindoruk bu ak\u015fam 4. b\u00f6l\u00fcm\u00fc yay\u0131nlanacak Sen A\u011flama \u0130stanbul dizisiyle anla\u015ft\u0131. B\u00fcy\u00fck Bey\u201din d\u00fc\u015fman\u0131 olarak izleyiciyle bulu\u015facak \u00fcnl\u00fc isim bir\u00e7ok projeden teklif alm\u0131\u015ft\u0131.<\/p>\n<h3>ERDAL C\u0130NDORUK SEN A\u011eLAMA \u0130STANBUL D\u0130Z\u0130S\u0130YLE GEL\u0130YOR<\/h3>\n<p>\u00dcnl\u00fc oyuncu Erdal Cindoruk Sen A\u011flama \u0130stanbul dizisiyle ekranlara geri gelmeye haz\u0131rlan\u0131yor. G\u00f6n\u00fcl Da\u011f\u0131 dizisinin be\u015finci sezonunda A\u011f\u0131t\u00e7\u0131 H\u00fcseyin karakteri ile b\u00fcy\u00fck bir be\u011feni toplayan Erdal Cindoruk diziden ayr\u0131ld\u0131\u011f\u0131n\u0131 sosyal medya hesab\u0131ndan duyurmu\u015ftu.<\/p>\n<p>Y\u0131lba\u015f\u0131 tatil aras\u0131n\u0131n ard\u0131ndan bu ak\u015fam seyirci kar\u015f\u0131s\u0131na \u00e7\u0131kacak Sen A\u011flama \u0130stanbul dizisi OGM Pictures imzas\u0131 ta\u015f\u0131yor. G\u00f6n\u00fcl Da\u011f\u0131 dizisine veda ettikten sonra bir\u00e7ok projeden teklif alan Erdal Cindoruk \u201cSen A\u011flama \u0130stanbul&#8221; dizisiyle el s\u0131k\u0131\u015ft\u0131.<\/p>\n<p>\u0130sfendiyar karakterini \u00fcstlenen Cindoruk usta akt\u00f6r Tamer Levent\u2019in oynad\u0131\u011f\u0131 \u201cB\u00fcy\u00fck Bey\u201din d\u00fc\u015fman\u0131 olarak seyirci kar\u015f\u0131s\u0131na \u00e7\u0131kacak. Cindoruk dizide Ferhat\u2019\u0131n (Ayta\u00e7 \u015ea\u015fmaz) yol g\u00f6stericisi olacak.<\/p>\n<p><img loading=\"lazy\" decoding=\"async\" class=\"alignnone wp-image-118384\" src=\"https:\/\/www.tgrthaber.com\/mavikadin\/wp-content\/uploads\/Erdal-Cindoruk-3.jpg\" alt=\"\" width=\"1208\" height=\"680\" title=\"\" srcset=\"https:\/\/www.tgrthaber.com\/mavikadin\/wp-content\/uploads\/Erdal-Cindoruk-3.jpg 1600w, https:\/\/www.tgrthaber.com\/mavikadin\/wp-content\/uploads\/Erdal-Cindoruk-3-300x169.jpg 300w, https:\/\/www.tgrthaber.com\/mavikadin\/wp-content\/uploads\/Erdal-Cindoruk-3-1024x576.jpg 1024w, https:\/\/www.tgrthaber.com\/mavikadin\/wp-content\/uploads\/Erdal-Cindoruk-3-768x432.jpg 768w, https:\/\/www.tgrthaber.com\/mavikadin\/wp-content\/uploads\/Erdal-Cindoruk-3-1536x864.jpg 1536w\" sizes=\"(max-width: 1208px) 100vw, 1208px\" \/><\/p>\n<hr \/>\n<h3>G\u00d6N\u00dcL DA\u011eI\u2019NA VEDA ETT\u0130!<\/h3>\n<p>G\u00f6n\u00fcl Da\u011f\u0131 dizisinin 5. Sezonunda A\u011f\u0131t\u00e7\u0131 H\u00fcseyin karakteri ile izleyicinin be\u011fenisini toplayan Erdal Cindoruk yapt\u0131\u011f\u0131 a\u00e7\u0131klamada; \u201cSevgili dostlar, G\u00f6n\u00fcl Da\u011f\u0131 dizisinde bu b\u00f6l\u00fcm itibar\u0131yla g\u00f6revim sona ermi\u015ftir\u201d ifadelerini kulland\u0131.<\/p>\n<p><img loading=\"lazy\" decoding=\"async\" class=\"alignnone size-full wp-image-118380\" src=\"https:\/\/www.tgrthaber.com\/mavikadin\/wp-content\/uploads\/Erdal-Cindoruk-veda-mesaji.png\" alt=\"\" width=\"686\" height=\"176\" title=\"\" srcset=\"https:\/\/www.tgrthaber.com\/mavikadin\/wp-content\/uploads\/Erdal-Cindoruk-veda-mesaji.png 686w, https:\/\/www.tgrthaber.com\/mavikadin\/wp-content\/uploads\/Erdal-Cindoruk-veda-mesaji-300x77.png 300w\" sizes=\"(max-width: 686px) 100vw, 686px\" \/><\/p>\n<hr \/>\n<h3>G\u00d6N\u00dcL DA\u011eI OYUNCULARI VEDA MESAJI G\u00d6NDERD\u0130<\/h3>\n<p>G\u00f6n\u00fcl Da\u011f\u0131 dizisinin kadrosundaki bir\u00e7ok oyuncu Erdal Cindoruk\u2019a veda mesaj\u0131 g\u00f6ndermi\u015fti. Semih Ert\u00fcrk, Berk Atan, Melis Sevin\u00e7, Z\u00fcmre Me\u011freli, Hazal \u00c7a\u011flar, Nazl\u0131 P\u0131nar Kaya, Ferdi Sancar, Cihat S\u00fcvario\u011flu, Eser Ey\u00fcbo\u011flu gibi isimlerin e\u015flik etti\u011fi dizinin \u00e7ekimleri Eski\u015fehir\u2019in Sivrihisar il\u00e7esinde ger\u00e7ekle\u015ftiriliyor.<\/p>\n","protected":false},"excerpt":{"rendered":"<p>G\u00f6n\u00fcl Da\u011f\u0131\u2019n\u0131n H\u00fcseyin\u2019i Erdal Cindoruk Sen A\u011flama \u0130stanbul dizisiyle anla\u015ft\u0131. Ba\u015far\u0131l\u0131 akt\u00f6r ge\u00e7ti\u011fimiz g\u00fcnlerde G\u00f6n\u00fcl Da\u011f\u0131 dizisinden ayr\u0131larak veda mesaj\u0131 yay\u0131nlam\u0131\u015ft\u0131.<\/p>\n","protected":false},"author":5,"featured_media":118383,"comment_status":"closed","ping_status":"closed","sticky":false,"template":"","format":"standard","meta":{"rank_math_lock_modified_date":false,"footnotes":""},"categories":[602],"tags":[7116,3687,2722],"class_list":["post-118378","post","type-post","status-publish","format-standard","has-post-thumbnail","hentry","category-diziler","tag-erdal-cindoruk","tag-gonul-dagi","tag-sen-aglama-istanbul"],"_links":{"self":[{"href":"https:\/\/www.tgrthaber.com\/mavikadin\/wp-json\/wp\/v2\/posts\/118378"}],"collection":[{"href":"https:\/\/www.tgrthaber.com\/mavikadin\/wp-json\/wp\/v2\/posts"}],"about":[{"href":"https:\/\/www.tgrthaber.com\/mavikadin\/wp-json\/wp\/v2\/types\/post"}],"author":[{"embeddable":true,"href":"https:\/\/www.tgrthaber.com\/mavikadin\/wp-json\/wp\/v2\/users\/5"}],"replies":[{"embeddable":true,"href":"https:\/\/www.tgrthaber.com\/mavikadin\/wp-json\/wp\/v2\/comments?post=118378"}],"version-history":[{"count":1,"href":"https:\/\/www.tgrthaber.com\/mavikadin\/wp-json\/wp\/v2\/posts\/118378\/revisions"}],"predecessor-version":[{"id":118385,"href":"https:\/\/www.tgrthaber.com\/mavikadin\/wp-json\/wp\/v2\/posts\/118378\/revisions\/118385"}],"wp:featuredmedia":[{"embeddable":true,"href":"https:\/\/www.tgrthaber.com\/mavikadin\/wp-json\/wp\/v2\/media\/118383"}],"wp:attachment":[{"href":"https:\/\/www.tgrthaber.com\/mavikadin\/wp-json\/wp\/v2\/media?parent=118378"}],"wp:term":[{"taxonomy":"category","embeddable":true,"href":"https:\/\/www.tgrthaber.com\/mavikadin\/wp-json\/wp\/v2\/categories?post=118378"},{"taxonomy":"post_tag","embeddable":true,"href":"https:\/\/www.tgrthaber.com\/mavikadin\/wp-json\/wp\/v2\/tags?post=118378"}],"curies":[{"name":"wp","href":"https:\/\/api.w.org\/{rel}","templated":true}]}}