{"id":118404,"date":"2025-01-07T18:37:57","date_gmt":"2025-01-07T15:37:57","guid":{"rendered":"https:\/\/www.tgrthaber.com\/mavikadin\/?p=118404"},"modified":"2025-01-08T08:52:50","modified_gmt":"2025-01-08T05:52:50","slug":"yesilcamin-tecavuzcu-coskunu-coskun-gogenin-vefat-eden-esi-angelika-gogen-kimdir","status":"publish","type":"post","link":"https:\/\/www.tgrthaber.com\/mavikadin\/yesilcamin-tecavuzcu-coskunu-coskun-gogenin-vefat-eden-esi-angelika-gogen-kimdir\/","title":{"rendered":"Ye\u015fil\u00e7am&#8217;\u0131n y\u0131ld\u0131z\u0131 Co\u015fkun G\u00f6\u011fen&#8217;in vefat eden e\u015fi Angelika G\u00f6\u011fen kimdir?"},"content":{"rendered":"<p>Ye\u015fil\u00e7am filmlerinde &#8216;k\u00f6t\u00fc karakter&#8217;li biri olarak ekranlarda izledi\u011fimiz ve \u00f6ylece de haf\u0131zalar\u0131m\u0131za kaz\u0131nan &#8216;Tecav\u00fczc\u00fc Co\u015fkun&#8217; lakapl\u0131 oyuncu Co\u015fkun G\u00f6\u011fen, hayattaki en de\u011ferli varl\u0131\u011f\u0131 olan biricik k\u0131z\u0131 D\u00fcnya G\u00f6\u011fen&#8217;den sonra \u015fimdi de e\u015fi taraf\u0131ndan ald\u0131\u011f\u0131 ac\u0131 haberle y\u0131k\u0131ld\u0131. Kanserle m\u00fccadele edemeyip hayata g\u00f6zlerini yuman k\u0131z\u0131 D\u00fcnya G\u00f6\u011fen&#8217;den sonra Ye\u015fil\u00e7am oyuncusu Co\u015fkun G\u00f6\u011fen&#8217;e bir kanser darbesi de e\u015fi Anjelika G\u00f6\u011fen&#8217;den geldi.<\/p>\n<p>Y\u00fcrek Yaras\u0131, Ortadirek \u015eaban, Gecenin Sonu, \u00d6mer\u00e7ip, Kay\u0131p K\u0131zlar, Vezir Parma\u011f\u0131 gibi \u00f6nemli yap\u0131mlarda rol alarak ad\u0131ndan bahsettiren Ye\u015fil\u00e7am oyuncusu Co\u015fkun G\u00f6\u011fen, Bale \u00f6\u011fretmenli\u011fi yapan e\u015fi Anjelika G\u00f6\u011fen&#8217;i kaybetti.<\/p>\n<p>Rusya&#8217;da son yolculu\u011funa u\u011furlanan Tecav\u00fczc\u00fc Co\u015fkun lakapl\u0131 Co\u015fkun G\u00f6\u011fen&#8217;in e\u015fi Anjelika G\u00f6\u011fen&#8217;in kim oldu\u011fu merak konusu oldu.<\/p>\n<h3>TECAV\u00dcZC\u00dc \u00c7O\u015eKUN&#8217;UN E\u015e\u0130 ANGEL\u0130KA G\u00d6\u011eEN KISACA K\u0130MD\u0130R?<\/h3>\n<p>Rusya&#8217;da do\u011fan Angelika G\u00f6\u011fen, meslek hayat\u0131ndaki kariyerine bale \u00f6\u011fretmenli\u011fi olarak ba\u015flam\u0131\u015ft\u0131r. Dansa olan ilgisi ve ba\u015far\u0131s\u0131, onu bale d\u00fcnyas\u0131nda zirve noktalara ta\u015f\u0131r iken 2004 y\u0131l\u0131nda hayat\u0131n\u0131 ba\u015ftan a\u015fa\u011f\u0131 de\u011fi\u015ftirecek olan T\u00fcrk sinema oyuncusu Co\u015fkun G\u00f6\u011fen ile tan\u0131\u015ft\u0131.<\/p>\n<p><img loading=\"lazy\" decoding=\"async\" class=\"wp-image-118421\" src=\"https:\/\/www.tgrthaber.com\/mavikadin\/wp-content\/uploads\/g-4.png\" alt=\"Angelika G\u00f6\u011fen kimdir\" width=\"1208\" height=\"678\" title=\"\" srcset=\"https:\/\/www.tgrthaber.com\/mavikadin\/wp-content\/uploads\/g-4.png 772w, https:\/\/www.tgrthaber.com\/mavikadin\/wp-content\/uploads\/g-4-300x168.png 300w, https:\/\/www.tgrthaber.com\/mavikadin\/wp-content\/uploads\/g-4-768x431.png 768w\" sizes=\"(max-width: 1208px) 100vw, 1208px\" \/><\/p>\n<hr \/>\n<p>G\u00f6\u011fen, \u00fcnl\u00fc isimle tan\u0131\u015ft\u0131ktan sonra T\u00fcrkiye\u2019ye yerle\u015fmi\u015f ve e\u015fiyle mutlu bir birliktelik s\u00fcrd\u00fcrm\u00fc\u015ft\u00fcr. Aralar\u0131nda 24 ya\u015f fark\u0131 olmas\u0131na ra\u011fmen e\u015fi G\u00f6\u011fen, Angelika&#8217;ya ba\u011fl\u0131l\u0131\u011f\u0131n\u0131 \u015fu ifadelerle dile getirmi\u015fti: &#8220;Aram\u0131zda 24 ya\u015f var, ama ben onu can\u0131m gibi seviyor, \u00fczerine titriyorum.&#8221;<\/p>\n<p>Angelika G\u00f6\u011fen, Rusya vatanda\u015f\u0131 olup evlendikten sonra vatanda\u015fl\u0131\u011f\u0131n\u0131 T\u00fcrk vatanda\u015fl\u0131\u011f\u0131na \u00e7evirmi\u015ftir.<\/p>\n<h3>YE\u015e\u0130L\u00c7AM OYUNCUSU CO\u015eKUN G\u00d6\u011eEN&#8217;DEN VEFAT EDEN E\u015e\u0130 ANJEL\u0130KA G\u00d6\u011eEN A\u00c7IKLAMASI!<\/h3>\n<p>E\u015finin cenazesini \u00fclkemize getiremedi\u011fi i\u00e7in b\u00fcy\u00fck bir \u00fcz\u00fcnt\u00fc i\u00e7erisinde oldu\u011funu belirten Co\u015fkun G\u00f6\u011fen, e\u015finin \u00f6l\u00fcm\u00fcne dair duydu\u011fu ac\u0131y\u0131 \u015fu s\u00f6zlerle tarif etti:<\/p>\n<p><img loading=\"lazy\" decoding=\"async\" class=\"alignnone wp-image-118423\" src=\"https:\/\/www.tgrthaber.com\/mavikadin\/wp-content\/uploads\/te-8.png\" alt=\"\" width=\"1208\" height=\"663\" title=\"\" srcset=\"https:\/\/www.tgrthaber.com\/mavikadin\/wp-content\/uploads\/te-8.png 762w, https:\/\/www.tgrthaber.com\/mavikadin\/wp-content\/uploads\/te-8-300x165.png 300w\" sizes=\"(max-width: 1208px) 100vw, 1208px\" \/><\/p>\n<hr \/>\n<p>&#8220;Ben de art\u0131k uzun ya\u015fayamam. Beni hayata tutunduran e\u015fimdi. K\u0131z\u0131mdan sonra onunla nefes alm\u0131\u015ft\u0131m. Y\u0131k\u0131k durumday\u0131m. Kimsesiz hissediyorum. E\u015fimi kendi vatan\u0131ma bile getiremedim. \u00d6yle h\u0131zl\u0131 geldi ki lanet hastal\u0131k, deli gibi birbirini seven iki a\u015f\u0131\u011f\u0131 kopard\u0131. \u00d6nce k\u0131z\u0131m sonra hayat arkada\u015f\u0131m. Kader bana herhalde senin de s\u0131ran geldi art\u0131k ey Co\u015fkun diyor&#8230;&#8221;<\/p>\n","protected":false},"excerpt":{"rendered":"<p>&#8216;Tecav\u00fczc\u00fc Co\u015fkun&#8217; lakab\u0131yla bilinen Ye\u015fil\u00e7am oyuncusu Co\u015fkun G\u00f6\u011fen, k\u0131z\u0131ndan sonra \u015fimdi de kanser hastas\u0131 e\u015fi Angelika G\u00f6\u011fen&#8217;i kaybetti! Usta oyuncunun e\u015fi Angelika G\u00f6\u011fen kimdir?<\/p>\n","protected":false},"author":27,"featured_media":118422,"comment_status":"closed","ping_status":"closed","sticky":false,"template":"","format":"standard","meta":{"rank_math_lock_modified_date":false,"footnotes":""},"categories":[491],"tags":[7373,7375,3605,7374],"class_list":["post-118404","post","type-post","status-publish","format-standard","has-post-thumbnail","hentry","category-biyografi","tag-angelika-gogen","tag-angelika-gogen-kimdir","tag-coskun-gogen","tag-tecavuzcu-coskun"],"_links":{"self":[{"href":"https:\/\/www.tgrthaber.com\/mavikadin\/wp-json\/wp\/v2\/posts\/118404"}],"collection":[{"href":"https:\/\/www.tgrthaber.com\/mavikadin\/wp-json\/wp\/v2\/posts"}],"about":[{"href":"https:\/\/www.tgrthaber.com\/mavikadin\/wp-json\/wp\/v2\/types\/post"}],"author":[{"embeddable":true,"href":"https:\/\/www.tgrthaber.com\/mavikadin\/wp-json\/wp\/v2\/users\/27"}],"replies":[{"embeddable":true,"href":"https:\/\/www.tgrthaber.com\/mavikadin\/wp-json\/wp\/v2\/comments?post=118404"}],"version-history":[{"count":3,"href":"https:\/\/www.tgrthaber.com\/mavikadin\/wp-json\/wp\/v2\/posts\/118404\/revisions"}],"predecessor-version":[{"id":118620,"href":"https:\/\/www.tgrthaber.com\/mavikadin\/wp-json\/wp\/v2\/posts\/118404\/revisions\/118620"}],"wp:featuredmedia":[{"embeddable":true,"href":"https:\/\/www.tgrthaber.com\/mavikadin\/wp-json\/wp\/v2\/media\/118422"}],"wp:attachment":[{"href":"https:\/\/www.tgrthaber.com\/mavikadin\/wp-json\/wp\/v2\/media?parent=118404"}],"wp:term":[{"taxonomy":"category","embeddable":true,"href":"https:\/\/www.tgrthaber.com\/mavikadin\/wp-json\/wp\/v2\/categories?post=118404"},{"taxonomy":"post_tag","embeddable":true,"href":"https:\/\/www.tgrthaber.com\/mavikadin\/wp-json\/wp\/v2\/tags?post=118404"}],"curies":[{"name":"wp","href":"https:\/\/api.w.org\/{rel}","templated":true}]}}