{"id":118413,"date":"2025-01-07T18:30:10","date_gmt":"2025-01-07T15:30:10","guid":{"rendered":"https:\/\/www.tgrthaber.com\/mavikadin\/?p=118413"},"modified":"2025-01-16T19:13:27","modified_gmt":"2025-01-16T16:13:27","slug":"survivor-2025-dilsah-kurt-kimdir-basarili-yarismaci-hayat-hikayesiyle-herkesi-duygulandirdi","status":"publish","type":"post","link":"https:\/\/www.tgrthaber.com\/mavikadin\/survivor-2025-dilsah-kurt-kimdir-basarili-yarismaci-hayat-hikayesiyle-herkesi-duygulandirdi\/","title":{"rendered":"Survivor 2025 Dil\u015fah Kurt kimdir? Ba\u015far\u0131l\u0131 yar\u0131\u015fmac\u0131 hayat hikayesiyle herkesi duyguland\u0131rd\u0131!"},"content":{"rendered":"<p>Survivor 2025 t\u00fcm heyecan\u0131yla devam ediyor. Survivor 2025\u2019e birbirinden ba\u015far\u0131l\u0131 yar\u0131\u015fmac\u0131lar damga vuruyor. G\u00f6n\u00fcll\u00fcler tak\u0131m\u0131nda yer alan ba\u015far\u0131l\u0131 yar\u0131\u015fmac\u0131 Dil\u015fah Kurt\u2019un da kim oldu\u011fu merak ediliyor. Hem performans\u0131 hem de konu\u015fmalar\u0131yla ad\u0131ndan s\u00f6z ettiren Survivor 2025 G\u00f6n\u00fcll\u00fcler tak\u0131m\u0131 yar\u0131\u015fmac\u0131s\u0131 Dil\u015fah Kurt kimdir? Dil\u015fah Kurt ka\u00e7 ya\u015f\u0131nda, nereli? Dil\u015fah Kurt hakk\u0131nda merak edilenleri sizin i\u00e7in ara\u015ft\u0131rd\u0131k. \u0130\u015fte Dil\u015fah Kurt hakk\u0131nda bilinmeyenler\u2026<\/p>\n<hr \/>\n<h3>D\u0130L\u015eAH KURT K\u0130MD\u0130R?<\/h3>\n<p>Dil\u015fah Kurt, 1992 y\u0131l\u0131nda \u0130stanbul\u2019da d\u00fcnyaya geldi. Aslen \u00c7anakkaleli olan Kurt, zor bir \u00e7ocukluk d\u00f6nemi ge\u00e7irerek yaln\u0131z ba\u015f\u0131na hayat\u0131n\u0131 s\u00fcrd\u00fcrd\u00fc. \u0130lkokul, ortaokul ve lise e\u011fitimini ba\u015far\u0131yla tamamlayan Kurt, y\u00fcksek\u00f6\u011frenimini Ayd\u0131n Adnan Menderes \u00dcniversitesi Spor Bilimleri Fak\u00fcltesi&#8217;nde\u00a0devam ettiriyor.<\/p>\n<p><img loading=\"lazy\" decoding=\"async\" class=\"alignnone wp-image-118414\" src=\"https:\/\/www.tgrthaber.com\/mavikadin\/wp-content\/uploads\/Survivor-2025-Dilsah-Kurt-1-1024x576.jpg\" alt=\"Survivor 2025 Dil\u015fah Kurt\" width=\"1208\" height=\"680\" title=\"\" srcset=\"https:\/\/www.tgrthaber.com\/mavikadin\/wp-content\/uploads\/Survivor-2025-Dilsah-Kurt-1-1024x576.jpg 1024w, https:\/\/www.tgrthaber.com\/mavikadin\/wp-content\/uploads\/Survivor-2025-Dilsah-Kurt-1-300x169.jpg 300w, https:\/\/www.tgrthaber.com\/mavikadin\/wp-content\/uploads\/Survivor-2025-Dilsah-Kurt-1-768x432.jpg 768w, https:\/\/www.tgrthaber.com\/mavikadin\/wp-content\/uploads\/Survivor-2025-Dilsah-Kurt-1-1536x864.jpg 1536w, https:\/\/www.tgrthaber.com\/mavikadin\/wp-content\/uploads\/Survivor-2025-Dilsah-Kurt-1.jpg 1600w\" sizes=\"(max-width: 1208px) 100vw, 1208px\" \/><\/p>\n<hr \/>\n<p>\u00dcnl\u00fc bir boks\u00f6r olarak tan\u0131nan Dil\u015fah Kurt, Fenerbah\u00e7e Spor Kul\u00fcb\u00fc boks\u00f6rleri aras\u0131nda yer almaktad\u0131r. 57 kiloda olan milli boks\u00f6r Kurt, 32. Uluslararas\u0131 Ahmet C\u00f6mert Boks Turnuvas\u0131 birincisi olarak, bronz madalya sahibi olmu\u015ftur.<\/p>\n<p><img loading=\"lazy\" decoding=\"async\" class=\"alignnone wp-image-118418\" src=\"https:\/\/www.tgrthaber.com\/mavikadin\/wp-content\/uploads\/Survivor-2025-Dilsah-Kurt-6-1024x576.jpg\" alt=\"Survivor 2025 Dil\u015fah Kurt\" width=\"1208\" height=\"680\" title=\"\" srcset=\"https:\/\/www.tgrthaber.com\/mavikadin\/wp-content\/uploads\/Survivor-2025-Dilsah-Kurt-6-1024x576.jpg 1024w, https:\/\/www.tgrthaber.com\/mavikadin\/wp-content\/uploads\/Survivor-2025-Dilsah-Kurt-6-300x169.jpg 300w, https:\/\/www.tgrthaber.com\/mavikadin\/wp-content\/uploads\/Survivor-2025-Dilsah-Kurt-6-768x432.jpg 768w, https:\/\/www.tgrthaber.com\/mavikadin\/wp-content\/uploads\/Survivor-2025-Dilsah-Kurt-6-1536x864.jpg 1536w, https:\/\/www.tgrthaber.com\/mavikadin\/wp-content\/uploads\/Survivor-2025-Dilsah-Kurt-6.jpg 1600w\" sizes=\"(max-width: 1208px) 100vw, 1208px\" \/><\/p>\n<hr \/>\n<h3>SURV\u0130VOR 2025\u2019TE D\u0130L\u015eAH KURT R\u00dcZGARI ES\u0130YOR!<\/h3>\n<p>Survivor 2025 yar\u0131\u015fmas\u0131n\u0131n en dikkat \u00e7ekici isimleri aras\u0131nda yer alan Dil\u015fah Kurt, hem performans\u0131 hem de yapt\u0131\u011f\u0131 a\u00e7\u0131klamalarla Survivor 2025\u2019te r\u00fczgar estiriyor. Survivor 2025 G\u00f6n\u00fcll\u00fcler tak\u0131m\u0131nda yar\u0131\u015fan Kurt hem izleyicilerin hem de sosyal medya kullan\u0131c\u0131lar\u0131n\u0131n dikkatini \u00e7ekmeyi ba\u015fard\u0131. Gerek performans\u0131 gerekse hareketleriyle sosyal medyada geni\u015f bir yank\u0131 uyand\u0131ran Kurt, izleyicilerden farkl\u0131 farkl\u0131 tepkiler almaya devam ediyor.<\/p>\n<p><img loading=\"lazy\" decoding=\"async\" class=\"alignnone wp-image-118415\" src=\"https:\/\/www.tgrthaber.com\/mavikadin\/wp-content\/uploads\/Survivor-2025-Dilsah-Kurt-7-1024x576.jpg\" alt=\"Survivor 2025 Dil\u015fah Kurt\" width=\"1208\" height=\"680\" title=\"\" srcset=\"https:\/\/www.tgrthaber.com\/mavikadin\/wp-content\/uploads\/Survivor-2025-Dilsah-Kurt-7-1024x576.jpg 1024w, https:\/\/www.tgrthaber.com\/mavikadin\/wp-content\/uploads\/Survivor-2025-Dilsah-Kurt-7-300x169.jpg 300w, https:\/\/www.tgrthaber.com\/mavikadin\/wp-content\/uploads\/Survivor-2025-Dilsah-Kurt-7-768x432.jpg 768w, https:\/\/www.tgrthaber.com\/mavikadin\/wp-content\/uploads\/Survivor-2025-Dilsah-Kurt-7-1536x864.jpg 1536w, https:\/\/www.tgrthaber.com\/mavikadin\/wp-content\/uploads\/Survivor-2025-Dilsah-Kurt-7.jpg 1600w\" sizes=\"(max-width: 1208px) 100vw, 1208px\" \/><\/p>\n<hr \/>\n<p>Survivor 2025\u2019e h\u0131zl\u0131 bir giri\u015f yapan Dil\u015fah Kurt, kimi izleyiciler taraf\u0131ndan taktir edilirken kimi izleyiciler taraf\u0131ndan da ho\u015f kar\u015f\u0131lanm\u0131yor. Kurt\u2019un Survivor\u2019da sergiledi\u011fi performans ve stratejileri geni\u015f bir takip\u00e7i kitlesine ula\u015fmas\u0131n\u0131 sa\u011flad\u0131. Sosyal medyada da 30 bin takip\u00e7i kitlesine ula\u015fan Kurt, Survivor 2025\u2019in en \u00e7ok konu\u015fulan isimleri aras\u0131nda yer ald\u0131.<\/p>\n<p><img loading=\"lazy\" decoding=\"async\" class=\"alignnone wp-image-118417\" src=\"https:\/\/www.tgrthaber.com\/mavikadin\/wp-content\/uploads\/Survivor-2025-Dilsah-Kurt-5-1024x576.jpg\" alt=\"Survivor 2025 Dil\u015fah Kurt\" width=\"1208\" height=\"680\" title=\"\" srcset=\"https:\/\/www.tgrthaber.com\/mavikadin\/wp-content\/uploads\/Survivor-2025-Dilsah-Kurt-5-1024x576.jpg 1024w, https:\/\/www.tgrthaber.com\/mavikadin\/wp-content\/uploads\/Survivor-2025-Dilsah-Kurt-5-300x169.jpg 300w, https:\/\/www.tgrthaber.com\/mavikadin\/wp-content\/uploads\/Survivor-2025-Dilsah-Kurt-5-768x432.jpg 768w, https:\/\/www.tgrthaber.com\/mavikadin\/wp-content\/uploads\/Survivor-2025-Dilsah-Kurt-5-1536x864.jpg 1536w, https:\/\/www.tgrthaber.com\/mavikadin\/wp-content\/uploads\/Survivor-2025-Dilsah-Kurt-5.jpg 1600w\" sizes=\"(max-width: 1208px) 100vw, 1208px\" \/><\/p>\n<hr \/>\n<h3>D\u0130L\u015eAH KURT\u2019UN HAYAT H\u0130KAYES\u0130 DUYGULANDIRDI!<\/h3>\n<p>Survivor 2025 yar\u0131\u015fmas\u0131n\u0131n G\u00f6n\u00fcll\u00fcler tak\u0131m\u0131nda yer alan ba\u015far\u0131l\u0131 yar\u0131\u015fmac\u0131s\u0131 Dil\u015fah Kurt, girdi\u011fi polemiklerle ve yapt\u0131\u011f\u0131 a\u00e7\u0131klamalarla sosyal medyan\u0131n g\u00fcndemine bomba gibi d\u00fc\u015fm\u00fc\u015ft\u00fc. Ba\u015far\u0131l\u0131 yar\u0131\u015fmac\u0131n\u0131n hayat hikayesi herkesi duyguland\u0131rd\u0131. Zorluklarla b\u00fcy\u00fcd\u00fc\u011f\u00fcn\u00fc dile getiren milli boks\u00f6r Kurt, sosyal medyan\u0131n g\u00fcndeminden d\u00fc\u015fm\u00fcyor. Zorluklarla ge\u00e7en hayat hikayesini anlatan Dil\u015fah Kurt, duygusal anlar ya\u015fam\u0131\u015f ve g\u00f6zya\u015flar\u0131n\u0131 tutamam\u0131\u015ft\u0131.<\/p>\n<p><img loading=\"lazy\" decoding=\"async\" class=\"alignnone wp-image-118416\" src=\"https:\/\/www.tgrthaber.com\/mavikadin\/wp-content\/uploads\/Survivor-2025-Dilsah-Kurt-3-1024x576.jpg\" alt=\"Survivor 2025 Dil\u015fah Kurt\" width=\"1208\" height=\"680\" title=\"\" srcset=\"https:\/\/www.tgrthaber.com\/mavikadin\/wp-content\/uploads\/Survivor-2025-Dilsah-Kurt-3-1024x576.jpg 1024w, https:\/\/www.tgrthaber.com\/mavikadin\/wp-content\/uploads\/Survivor-2025-Dilsah-Kurt-3-300x169.jpg 300w, https:\/\/www.tgrthaber.com\/mavikadin\/wp-content\/uploads\/Survivor-2025-Dilsah-Kurt-3-768x432.jpg 768w, https:\/\/www.tgrthaber.com\/mavikadin\/wp-content\/uploads\/Survivor-2025-Dilsah-Kurt-3-1536x864.jpg 1536w, https:\/\/www.tgrthaber.com\/mavikadin\/wp-content\/uploads\/Survivor-2025-Dilsah-Kurt-3.jpg 1600w\" sizes=\"(max-width: 1208px) 100vw, 1208px\" \/><\/p>\n<hr \/>\n<p>Anlatt\u0131\u011f\u0131 hayat hikayesiyle hem kendini hem de izleyicileri h\u00fcz\u00fcnlendiren Kurt, \u00e7ocuklu\u011fundan beri tek ba\u015f\u0131na b\u00fcy\u00fcd\u00fc\u011f\u00fcn\u00fc dile getirmi\u015f ve g\u00f6zya\u015flar\u0131na bo\u011fulmu\u015ftu. Dil\u015fah Kurt a\u00e7\u0131klamalar\u0131nda, \u201cBeni kimse y\u0131kamaz, ben \u00e7ok zor bir \u00e7ocukluk ge\u00e7irdim. Ben yenilmezdim hep \u00f6yle kendimi g\u00f6rd\u00fcm. Kimse bana destek \u00e7\u0131kmad\u0131 \u015fimdiye kadar. Burada tek ba\u015f\u0131may\u0131m. Ben kendimle sava\u015f\u0131yorum. Bu y\u00fczden Survivor&#8217;day\u0131m. Kimse de beni hi\u00e7bir \u015fekilde y\u0131kamaz.\u201d ifadelerini kullanm\u0131\u015ft\u0131.<\/p>\n","protected":false},"excerpt":{"rendered":"<p>Survivor 2025\u2019e yapt\u0131\u011f\u0131 konu\u015fmalarla damga vuran Dil\u015fah Kurt\u2019un kim oldu\u011fu merak ediliyor. Peki, Survivor 2025 G\u00f6n\u00fcll\u00fcler tak\u0131m\u0131 yar\u0131\u015fmac\u0131s\u0131 Dil\u015fah Kurt kimdir? Dil\u015fah Kurt ka\u00e7 ya\u015f\u0131nda, nereli? \u0130\u015fte detaylar\u2026 <\/p>\n","protected":false},"author":26,"featured_media":118419,"comment_status":"closed","ping_status":"closed","sticky":false,"template":"","format":"standard","meta":{"rank_math_lock_modified_date":false,"footnotes":""},"categories":[491],"tags":[7372,2366,2728],"class_list":["post-118413","post","type-post","status-publish","format-standard","has-post-thumbnail","hentry","category-biyografi","tag-dilsah-kurt","tag-survivor","tag-survivor-2025"],"_links":{"self":[{"href":"https:\/\/www.tgrthaber.com\/mavikadin\/wp-json\/wp\/v2\/posts\/118413"}],"collection":[{"href":"https:\/\/www.tgrthaber.com\/mavikadin\/wp-json\/wp\/v2\/posts"}],"about":[{"href":"https:\/\/www.tgrthaber.com\/mavikadin\/wp-json\/wp\/v2\/types\/post"}],"author":[{"embeddable":true,"href":"https:\/\/www.tgrthaber.com\/mavikadin\/wp-json\/wp\/v2\/users\/26"}],"replies":[{"embeddable":true,"href":"https:\/\/www.tgrthaber.com\/mavikadin\/wp-json\/wp\/v2\/comments?post=118413"}],"version-history":[{"count":2,"href":"https:\/\/www.tgrthaber.com\/mavikadin\/wp-json\/wp\/v2\/posts\/118413\/revisions"}],"predecessor-version":[{"id":122391,"href":"https:\/\/www.tgrthaber.com\/mavikadin\/wp-json\/wp\/v2\/posts\/118413\/revisions\/122391"}],"wp:featuredmedia":[{"embeddable":true,"href":"https:\/\/www.tgrthaber.com\/mavikadin\/wp-json\/wp\/v2\/media\/118419"}],"wp:attachment":[{"href":"https:\/\/www.tgrthaber.com\/mavikadin\/wp-json\/wp\/v2\/media?parent=118413"}],"wp:term":[{"taxonomy":"category","embeddable":true,"href":"https:\/\/www.tgrthaber.com\/mavikadin\/wp-json\/wp\/v2\/categories?post=118413"},{"taxonomy":"post_tag","embeddable":true,"href":"https:\/\/www.tgrthaber.com\/mavikadin\/wp-json\/wp\/v2\/tags?post=118413"}],"curies":[{"name":"wp","href":"https:\/\/api.w.org\/{rel}","templated":true}]}}