{"id":118470,"date":"2025-01-07T21:44:02","date_gmt":"2025-01-07T18:44:02","guid":{"rendered":"https:\/\/www.tgrthaber.com\/mavikadin\/?p=118470"},"modified":"2025-01-17T12:41:24","modified_gmt":"2025-01-17T09:41:24","slug":"teskilat-dizisine-ejder-roluyle-dahil-olan-erkan-petekkayadan-ilk-kareler","status":"publish","type":"post","link":"https:\/\/www.tgrthaber.com\/mavikadin\/teskilat-dizisine-ejder-roluyle-dahil-olan-erkan-petekkayadan-ilk-kareler\/","title":{"rendered":"Te\u015fkilat dizisine \u2018Ejder\u2019 rol\u00fcyle dahil olan Erkan Petekkaya\u2019dan ilk kareler!"},"content":{"rendered":"<p>Ge\u00e7ti\u011fimiz aylarda Te\u015fkilat dizisine bomba bir transfer ger\u00e7ekle\u015fmi\u015f ve ba\u015far\u0131l\u0131 oyuncu Erkan Petekkaya, \u201cEjder\u201d karakteriyle diziye dahil olmu\u015ftu. Ba\u015frol oynayaca\u011f\u0131 dizinin \u00e7ekimleri ertelenen Petekkaya, Te\u015fkilat dizisinde \u201cEjder\u201d karakterini oynayacak. Ejder karakteri ise Te\u015fkilat izleyicileri taraf\u0131ndan merakla bekleniyor. Ba\u015far\u0131l\u0131 oyunculu\u011fuyla ad\u0131ndan s\u00f6z ettiren Petekkaya\u2019n\u0131n nas\u0131l bir performans sergileyece\u011fi ise merak edilenler aras\u0131nda yerini al\u0131yor.<\/p>\n<hr \/>\n<h3>ERKAN PETEKKAYA \u201cEJDER\u201d KARAKTER\u0130YLE TE\u015eK\u0130LAT D\u0130Z\u0130S\u0130NDE!<\/h3>\n<p>Ge\u00e7ti\u011fimiz ay TRT 1 ekranlar\u0131n\u0131n sevilen dizisi Te\u015fkilat\u2019a yeni bir oyuncu gelece\u011fi s\u00f6ylenmi\u015f ve o isim Erkan Petekkaya olmu\u015ftu. \u00a0Pazar ak\u015famlar\u0131n\u0131n yo\u011fun bir ilgiyle takip edilen dizisi Te\u015fkilat, t\u00fcm h\u0131z\u0131yla yay\u0131nlanmaya devam ediyor. Yay\u0131nland\u0131\u011f\u0131 her b\u00f6l\u00fcmle izleyiciyi ekran ba\u015f\u0131na kitleyen dizinin ba\u015frol\u00fcnde Tolga Sar\u0131ta\u015f ve Ayb\u00fcke Pusat yer al\u0131yor. Hem konusuyla hem de g\u00fc\u00e7l\u00fc oyuncu kadrosuyla seyircinin dikkatini \u00e7eken dizi, reytinglerde de zirvede yer al\u0131yor.<\/p>\n<p><img loading=\"lazy\" decoding=\"async\" class=\"alignnone wp-image-118473\" src=\"https:\/\/www.tgrthaber.com\/mavikadin\/wp-content\/uploads\/Teskilat-Erkan-Petekkaya-1-1024x576.jpg\" alt=\"Te\u015fkilat Erkan Petekkaya \" width=\"1208\" height=\"680\" title=\"\" srcset=\"https:\/\/www.tgrthaber.com\/mavikadin\/wp-content\/uploads\/Teskilat-Erkan-Petekkaya-1-1024x576.jpg 1024w, https:\/\/www.tgrthaber.com\/mavikadin\/wp-content\/uploads\/Teskilat-Erkan-Petekkaya-1-300x169.jpg 300w, https:\/\/www.tgrthaber.com\/mavikadin\/wp-content\/uploads\/Teskilat-Erkan-Petekkaya-1-768x432.jpg 768w, https:\/\/www.tgrthaber.com\/mavikadin\/wp-content\/uploads\/Teskilat-Erkan-Petekkaya-1-1536x864.jpg 1536w, https:\/\/www.tgrthaber.com\/mavikadin\/wp-content\/uploads\/Teskilat-Erkan-Petekkaya-1.jpg 1600w\" sizes=\"(max-width: 1208px) 100vw, 1208px\" \/><\/p>\n<p>&nbsp;<\/p>\n<hr \/>\n<p>Ba\u015far\u0131l\u0131 oyunculu\u011fuyla ad\u0131ndan s\u0131k\u00e7a s\u00f6z ettiren Erkan Petekkaya, Te\u015fkilat dizisinde \u201cEjder\u201d karakterini canland\u0131r\u0131yor. Uzun zamand\u0131r ekranlardan uzak olan ba\u015far\u0131l\u0131 oyuncu Petekkaya, son olarak \u201cO K\u0131z\u201d adl\u0131 dizide yer alm\u0131\u015ft\u0131. Son zamanlarda ad\u0131 \u201cYasak A\u015fk\u201d dizisiyle an\u0131lan Petekkaya, dizinin \u00e7ekimlerinin ertelenmesiyle birlikte ba\u015fka projelere y\u00f6nelmi\u015f ve Te\u015fkilat\u2019\u0131 tercih etmi\u015fti. Ba\u015far\u0131l\u0131 oyuncu Petekkaya, Yasak A\u015fk dizisi \u00f6ncesinde Pazar ak\u015famlar\u0131na damga vuran \u201cTe\u015fkilat\u201d dizisinde \u201cEjder\u201d karakteriyle izleyici kar\u015f\u0131s\u0131na \u00e7\u0131k\u0131yor.<\/p>\n<p><img loading=\"lazy\" decoding=\"async\" class=\"alignnone wp-image-118476\" src=\"https:\/\/www.tgrthaber.com\/mavikadin\/wp-content\/uploads\/Teskilat-Erkan-Petekkaya-3-1024x576.jpg\" alt=\"Te\u015fkilat Erkan Petekkaya \" width=\"1208\" height=\"680\" title=\"\" srcset=\"https:\/\/www.tgrthaber.com\/mavikadin\/wp-content\/uploads\/Teskilat-Erkan-Petekkaya-3-1024x576.jpg 1024w, https:\/\/www.tgrthaber.com\/mavikadin\/wp-content\/uploads\/Teskilat-Erkan-Petekkaya-3-300x169.jpg 300w, https:\/\/www.tgrthaber.com\/mavikadin\/wp-content\/uploads\/Teskilat-Erkan-Petekkaya-3-768x432.jpg 768w, https:\/\/www.tgrthaber.com\/mavikadin\/wp-content\/uploads\/Teskilat-Erkan-Petekkaya-3-1536x864.jpg 1536w, https:\/\/www.tgrthaber.com\/mavikadin\/wp-content\/uploads\/Teskilat-Erkan-Petekkaya-3.jpg 1600w\" sizes=\"(max-width: 1208px) 100vw, 1208px\" \/><\/p>\n<hr \/>\n<h3>ERKAN PETEKKAYA\u2019DAN \u0130LK KARELER!<\/h3>\n<p>TRT 1 ekranlar\u0131n\u0131n Tims&amp;B imzal\u0131 pop\u00fcler dizisi Te\u015fkilat\u2019a ba\u015far\u0131l\u0131 oyunculu\u011fuyla ad\u0131ndan s\u00f6z ettiren Erkan Petekkaya konuk oluyor. Oynad\u0131\u011f\u0131 her rolle ad\u0131ndan s\u00f6z ettiren Petekkaya, yine \u00e7ok konu\u015fulacak bir karakterle izleyici kar\u015f\u0131s\u0131na \u00e7\u0131k\u0131yor. Pazar ak\u015famlar\u0131n\u0131n reyting rekortmeni dizisi Te\u015fkilat\u2019ta \u201cEjder\u201d karakterine can veren Petekkaya, izleyiciden tam not almaya geliyor.<\/p>\n<p><img loading=\"lazy\" decoding=\"async\" class=\"alignnone wp-image-118474\" src=\"https:\/\/www.tgrthaber.com\/mavikadin\/wp-content\/uploads\/Teskilat-Erkan-Petekkaya-5-1024x576.jpg\" alt=\"Te\u015fkilat Erkan Petekkaya \" width=\"1208\" height=\"680\" title=\"\" srcset=\"https:\/\/www.tgrthaber.com\/mavikadin\/wp-content\/uploads\/Teskilat-Erkan-Petekkaya-5-1024x576.jpg 1024w, https:\/\/www.tgrthaber.com\/mavikadin\/wp-content\/uploads\/Teskilat-Erkan-Petekkaya-5-300x169.jpg 300w, https:\/\/www.tgrthaber.com\/mavikadin\/wp-content\/uploads\/Teskilat-Erkan-Petekkaya-5-768x432.jpg 768w, https:\/\/www.tgrthaber.com\/mavikadin\/wp-content\/uploads\/Teskilat-Erkan-Petekkaya-5-1536x864.jpg 1536w, https:\/\/www.tgrthaber.com\/mavikadin\/wp-content\/uploads\/Teskilat-Erkan-Petekkaya-5.jpg 1600w\" sizes=\"(max-width: 1208px) 100vw, 1208px\" \/><\/p>\n<hr \/>\n<p>Ejder karakteriyle Te\u015fkilat dizisine dahil olan Erkan Petekkaya\u2019dan ilk kareler geldi! \u0130\u015fte Petekkaya\u2019n\u0131n Ejder karakterinden ilk kareleri\u2026<\/p>\n<div style=\"width: 640px;\" class=\"wp-video\"><!--[if lt IE 9]><script>document.createElement('video');<\/script><![endif]-->\n<video class=\"wp-video-shortcode\" id=\"video-118470-1\" width=\"640\" height=\"640\" preload=\"metadata\" controls=\"controls\"><source type=\"video\/mp4\" src=\"https:\/\/www.tgrthaber.com\/mavikadin\/wp-content\/uploads\/Teskilat-Erkan-Petekkaya.mp4?_=1\" \/><a href=\"https:\/\/www.tgrthaber.com\/mavikadin\/wp-content\/uploads\/Teskilat-Erkan-Petekkaya.mp4\">https:\/\/www.tgrthaber.com\/mavikadin\/wp-content\/uploads\/Teskilat-Erkan-Petekkaya.mp4<\/a><\/video><\/div>\n<hr \/>\n<p>Ge\u00e7ti\u011fimiz g\u00fcnlerde sete \u00e7\u0131kan Erkan Petekkaya, mafya d\u00fcnyas\u0131n\u0131n kudretli isimlerinden biri olan \u00e7ok konu\u015fulacak \u201cEjder\u201d karakteriyle kamera kar\u015f\u0131s\u0131na ge\u00e7ti. Karanl\u0131\u011f\u0131n simgesini temsil eden Ejder, abisiyle girdi\u011fi g\u00fc\u00e7 sava\u015f\u0131n\u0131n ard\u0131ndan s\u00fcrg\u00fcn edilmi\u015f ve y\u0131llar sonra intikam i\u00e7in d\u00f6n\u00fc\u015f yapm\u0131\u015ft\u0131r. Korku ve kaostan beslenen Ejder\u2019in bu d\u00f6n\u00fc\u015f\u00fcn\u00fcn masay\u0131 da\u011f\u0131taca\u011f\u0131 konu\u015fuluyor.<\/p>\n","protected":false},"excerpt":{"rendered":"<p>TRT 1 ekranlar\u0131n\u0131n reyting rekortmeni dizisi Te\u015fkilat\u2019a ba\u015far\u0131l\u0131 oyuncu Erkan Petekkaya dahil olmu\u015ftu. Ejder karakteriyle diziye dahil olan Petekkaya\u2019dan ilk kareler geldi! \u0130\u015fte Erkan Petekkaya\u2019n\u0131n Ejder karakterinden ilk kareleri\u2026 <\/p>\n","protected":false},"author":26,"featured_media":118475,"comment_status":"closed","ping_status":"closed","sticky":false,"template":"","format":"standard","meta":{"rank_math_lock_modified_date":false,"footnotes":""},"categories":[602],"tags":[4091,840,5608],"class_list":["post-118470","post","type-post","status-publish","format-standard","has-post-thumbnail","hentry","category-diziler","tag-erkan-petekkaya","tag-teskilat","tag-teskilat-dizisi"],"_links":{"self":[{"href":"https:\/\/www.tgrthaber.com\/mavikadin\/wp-json\/wp\/v2\/posts\/118470"}],"collection":[{"href":"https:\/\/www.tgrthaber.com\/mavikadin\/wp-json\/wp\/v2\/posts"}],"about":[{"href":"https:\/\/www.tgrthaber.com\/mavikadin\/wp-json\/wp\/v2\/types\/post"}],"author":[{"embeddable":true,"href":"https:\/\/www.tgrthaber.com\/mavikadin\/wp-json\/wp\/v2\/users\/26"}],"replies":[{"embeddable":true,"href":"https:\/\/www.tgrthaber.com\/mavikadin\/wp-json\/wp\/v2\/comments?post=118470"}],"version-history":[{"count":3,"href":"https:\/\/www.tgrthaber.com\/mavikadin\/wp-json\/wp\/v2\/posts\/118470\/revisions"}],"predecessor-version":[{"id":122639,"href":"https:\/\/www.tgrthaber.com\/mavikadin\/wp-json\/wp\/v2\/posts\/118470\/revisions\/122639"}],"wp:featuredmedia":[{"embeddable":true,"href":"https:\/\/www.tgrthaber.com\/mavikadin\/wp-json\/wp\/v2\/media\/118475"}],"wp:attachment":[{"href":"https:\/\/www.tgrthaber.com\/mavikadin\/wp-json\/wp\/v2\/media?parent=118470"}],"wp:term":[{"taxonomy":"category","embeddable":true,"href":"https:\/\/www.tgrthaber.com\/mavikadin\/wp-json\/wp\/v2\/categories?post=118470"},{"taxonomy":"post_tag","embeddable":true,"href":"https:\/\/www.tgrthaber.com\/mavikadin\/wp-json\/wp\/v2\/tags?post=118470"}],"curies":[{"name":"wp","href":"https:\/\/api.w.org\/{rel}","templated":true}]}}