{"id":118492,"date":"2025-01-07T23:13:23","date_gmt":"2025-01-07T20:13:23","guid":{"rendered":"https:\/\/www.tgrthaber.com\/mavikadin\/?p=118492"},"modified":"2025-01-08T02:40:06","modified_gmt":"2025-01-07T23:40:06","slug":"ibrahim-tatlisese-nasip-olmamisti-herkesten-gizledigi-torunu-berfin-karakecili-oxford-yolcusu-oldu","status":"publish","type":"post","link":"https:\/\/www.tgrthaber.com\/mavikadin\/ibrahim-tatlisese-nasip-olmamisti-herkesten-gizledigi-torunu-berfin-karakecili-oxford-yolcusu-oldu\/","title":{"rendered":"\u0130brahim Tatl\u0131ses&#8217;e nasip olmam\u0131\u015ft\u0131: Herkesten gizledi\u011fi torunu Berfin Karake\u00e7ili Oxford yolcusu!"},"content":{"rendered":"<p>&#8216;\u0130mparator&#8217; lakapl\u0131 73 ya\u015f\u0131ndaki usta t\u00fcrk\u00fcc\u00fc ve oyuncu \u0130brahim Tatl\u0131ses&#8217;in t\u0131pk\u0131 kendisi kadar \u00f6zel hayat\u0131 da magazin g\u00fcndeminden eksik olmuyor. Ge\u00e7ti\u011fimiz g\u00fcnlerde usta sanat\u00e7\u0131 Ferdi Tayfur&#8217;un cenaze t\u00f6reninde d\u00f6kt\u00fc\u011f\u00fc g\u00f6zya\u015flar\u0131 ile konu\u015fulan t\u00fcrk\u00fcc\u00fc \u0130brahim Tatl\u0131ses&#8217;in \u015fimdi de en k\u0131ymet verdi\u011fi evlatlar\u0131ndan olan k\u0131z\u0131 G\u00fcl\u015fen&#8217;in \u00e7ocu\u011fu olan Berfin g\u00fcndem oldu.<\/p>\n<p>7 \u00e7ocu\u011fu oldu\u011fu bilinen \u0130brahim Tatl\u0131ses, daha \u00f6nceden k\u0131z\u0131 G\u00fcl\u015fen&#8217;in foto\u011fraf\u0131n \u00fczerine &#8220;Bu Benim G\u00fcl\u015fen&#8217;im kimseyle kavga etmez&#8221; yazarak, k\u0131z\u0131n\u0131n kendisi \u00fczerindeki yerini ve de\u011ferini belli etmi\u015fti.<\/p>\n<h3>\u0130BRAH\u0130M TATLISES&#8217;\u0130N TORUNU BERF\u0130N \u0130LG\u0130 ODA\u011eI OLDU!<\/h3>\n<p>\u00dcnl\u00fc t\u00fcrk\u00fcc\u00fc \u0130brahim Tatl\u0131ses&#8217;in herkesten gizleyip s\u0131r gibi saklad\u0131\u011f\u0131 torunu Berfin \u015fu s\u0131ralar magazin g\u00fcndeminde en \u00e7ok ad\u0131ndan bahsettirenlerden biri oldu.<\/p>\n<p><img loading=\"lazy\" decoding=\"async\" class=\"wp-image-118522\" src=\"https:\/\/www.tgrthaber.com\/mavikadin\/wp-content\/uploads\/hgh.png\" alt=\"\u0130brahim Tatl\u0131sesin torunu Oxford&#039;a gidecek\" width=\"1208\" height=\"665\" title=\"\" srcset=\"https:\/\/www.tgrthaber.com\/mavikadin\/wp-content\/uploads\/hgh.png 781w, https:\/\/www.tgrthaber.com\/mavikadin\/wp-content\/uploads\/hgh-300x165.png 300w, https:\/\/www.tgrthaber.com\/mavikadin\/wp-content\/uploads\/hgh-768x423.png 768w\" sizes=\"(max-width: 1208px) 100vw, 1208px\" \/><\/p>\n<hr \/>\n<p>D\u00fcnyan\u0131n ilk \u00fcniversitesi olma \u00f6zelli\u011fini ta\u015f\u0131yan Harran \u00dcniversitesi reklamc\u0131l\u0131k b\u00f6l\u00fcm\u00fcn\u00fc ba\u015far\u0131l\u0131 bir \u015fekilde bitirip mezun olan \u0130brahim Tatl\u0131ses&#8217;in torunu Berfin Karake\u00e7ili e\u011fitimine yurt d\u0131\u015f\u0131nda tamamlayacak.<\/p>\n<h3>OXFORD YOLCUSU TORUNUNDAN SONRA TATLISES&#8217;\u0130N O S\u00d6ZLER\u0130 YEN\u0130DEN G\u00dcNDEM OLDU<\/h3>\n<p>Aradan y\u0131llar ge\u00e7mesine ra\u011fmen Tatl\u0131ses&#8217;in kat\u0131ld\u0131\u011f\u0131 bir televizyon program\u0131nda verdi\u011fi bir rop\u00f6rtaj ifadesindeki &#8220;\u015eanl\u0131urfa&#8217;da Oxford vard\u0131 da biz mi gitmedik&#8221; c\u00fcmleleri torunu Berfin&#8217;in Oxford&#8217;a gidecek olmas\u0131yla yeniden g\u00fcn y\u00fcz\u00fcne \u00e7\u0131kt\u0131.<\/p>\n<p>E\u011fitimini s\u00fcrd\u00fcrmek i\u00e7in T\u00fcrkiye&#8217;de kalmay\u0131 de\u011fil de Oxford&#8217;u tercih eden \u0130brahim Tatl\u0131ses&#8217;in torunu Berfin Karake\u00e7ili i\u00e7in &#8221; Dedesi Oxford&#8217;a gidemedi torunu gidecek &#8221; \u015feklinde yorumlar yap\u0131ld\u0131.<\/p>\n<p><img loading=\"lazy\" decoding=\"async\" class=\"alignnone wp-image-118523\" src=\"https:\/\/www.tgrthaber.com\/mavikadin\/wp-content\/uploads\/ghh.png\" alt=\"\" width=\"1208\" height=\"693\" title=\"\" srcset=\"https:\/\/www.tgrthaber.com\/mavikadin\/wp-content\/uploads\/ghh.png 772w, https:\/\/www.tgrthaber.com\/mavikadin\/wp-content\/uploads\/ghh-300x172.png 300w, https:\/\/www.tgrthaber.com\/mavikadin\/wp-content\/uploads\/ghh-768x441.png 768w\" sizes=\"(max-width: 1208px) 100vw, 1208px\" \/><\/p>\n<hr \/>\n<h3>\u0130BRAH\u0130M TATLISES&#8217;\u0130N ALB\u00dcMLER\u0130:<\/h3>\n<p>Kara K\u0131z (1970), Ben \u0130nsan De\u011fil Miyim (1975), Bir Yol G\u00f6ster (1975), \u015ea\u015fk\u0131n (1975), Doldur Karde\u015f \u0130\u00e7elim (1978), Ceylan (1980), G\u00fclmemiz Gerek (1981), Ya\u015famak Bu De\u011fil (1982), Yalan (1983), Benim Hayat\u0131m (1984), Mavi Mavi (1985), G\u00fcl\u00fcm Benim (1986), Allah Allah\/ H\u00fclya (1987), Kara Zindan (1988), Fosforlu Cevriyem (1988), \u0130nsanlar (1989), S\u00f6ylim mi (1990), Vur Gitsin Beni\/ Yemin Ettim (1991), Ah Ke\u015fkem (1992), Ben De \u0130sterem (1996), At Gitsin (1998), Yetmez mi (2001), Tek Tek (2003), Aramam (2004), Sizler \u0130\u00e7in (2005), Bulamad\u0131m (2007), Neden (2008), Ya\u011fmurla Gelen Kad\u0131n (2009).<\/p>\n<hr \/>\n<h3>\u0130BRAH\u0130M TATLISES&#8217;\u0130N OYNADI\u011eI F\u0130LMLER:<\/h3>\n<p>Aya\u011f\u0131nda Kundura (1978), Kara \u00c7ad\u0131r\u0131n K\u0131z\u0131 (1979), Ya\u015famak Bu De\u011fil (1981), T\u00f6vbe (1981), Seni Yakacaklar (1981), Ali\u015fan (1982), Yalan (1982), Yorgun (1983), G\u00fcnah (1983), Ay\u015fem (1984), Sevdaland\u0131m (1984), Yaln\u0131z\u0131m (1985), Mavi Mavi (1985), Sarho\u015f (1986), G\u00fcl\u00fcm Benim (1987), Allah Allah (1987), Ben \u0130nsan De\u011fil miyim (1988), A\u015f\u0131ks\u0131n (1988), H\u00fclya(1988), Fosforlu (1989).<\/p>\n","protected":false},"excerpt":{"rendered":"<p>73 ya\u015f\u0131ndaki \u00fcnl\u00fc t\u00fcrk\u00fcc\u00fc \u0130brahim Tatl\u0131ses&#8217;in torunu Berfin Karake\u00e7ili, e\u011fitimine Oxford&#8217;da devam edecek. Kendi hayalini torununun ya\u015fad\u0131\u011f\u0131 \u0130brahim Tatl\u0131ses&#8217;in ge\u00e7ti\u011fimiz y\u0131llarda kurdu\u011fu bir c\u00fcmle yeniden g\u00fcndeme geldi.<\/p>\n","protected":false},"author":27,"featured_media":118520,"comment_status":"closed","ping_status":"closed","sticky":false,"template":"","format":"standard","meta":{"rank_math_lock_modified_date":false,"footnotes":""},"categories":[76],"tags":[7409,1701,2640,7410,7411],"class_list":["post-118492","post","type-post","status-publish","format-standard","has-post-thumbnail","hentry","category-magazin","tag-berfin-karakecili","tag-egitim","tag-ibrahim-tatlises","tag-ibrahim-tatlisesin-torunu","tag-oxford"],"_links":{"self":[{"href":"https:\/\/www.tgrthaber.com\/mavikadin\/wp-json\/wp\/v2\/posts\/118492"}],"collection":[{"href":"https:\/\/www.tgrthaber.com\/mavikadin\/wp-json\/wp\/v2\/posts"}],"about":[{"href":"https:\/\/www.tgrthaber.com\/mavikadin\/wp-json\/wp\/v2\/types\/post"}],"author":[{"embeddable":true,"href":"https:\/\/www.tgrthaber.com\/mavikadin\/wp-json\/wp\/v2\/users\/27"}],"replies":[{"embeddable":true,"href":"https:\/\/www.tgrthaber.com\/mavikadin\/wp-json\/wp\/v2\/comments?post=118492"}],"version-history":[{"count":6,"href":"https:\/\/www.tgrthaber.com\/mavikadin\/wp-json\/wp\/v2\/posts\/118492\/revisions"}],"predecessor-version":[{"id":118618,"href":"https:\/\/www.tgrthaber.com\/mavikadin\/wp-json\/wp\/v2\/posts\/118492\/revisions\/118618"}],"wp:featuredmedia":[{"embeddable":true,"href":"https:\/\/www.tgrthaber.com\/mavikadin\/wp-json\/wp\/v2\/media\/118520"}],"wp:attachment":[{"href":"https:\/\/www.tgrthaber.com\/mavikadin\/wp-json\/wp\/v2\/media?parent=118492"}],"wp:term":[{"taxonomy":"category","embeddable":true,"href":"https:\/\/www.tgrthaber.com\/mavikadin\/wp-json\/wp\/v2\/categories?post=118492"},{"taxonomy":"post_tag","embeddable":true,"href":"https:\/\/www.tgrthaber.com\/mavikadin\/wp-json\/wp\/v2\/tags?post=118492"}],"curies":[{"name":"wp","href":"https:\/\/api.w.org\/{rel}","templated":true}]}}