{"id":118531,"date":"2025-01-07T23:37:15","date_gmt":"2025-01-07T20:37:15","guid":{"rendered":"https:\/\/www.tgrthaber.com\/mavikadin\/?p=118531"},"modified":"2025-01-07T23:37:15","modified_gmt":"2025-01-07T20:37:15","slug":"nesrin-cavadzade-rol-arkadasi-pamir-pekin-ile-kahkaha-attiran-fotografini-paylasti","status":"publish","type":"post","link":"https:\/\/www.tgrthaber.com\/mavikadin\/nesrin-cavadzade-rol-arkadasi-pamir-pekin-ile-kahkaha-attiran-fotografini-paylasti\/","title":{"rendered":"Nesrin Cavadzade rol arkada\u015f\u0131 Pamir Pekin ile kahkaha att\u0131ran foto\u011fraf\u0131n\u0131 payla\u015ft\u0131"},"content":{"rendered":"<p>Nesrin Cavadzade rol arkada\u015f\u0131 Pamir Pekin ile foto\u011fraf\u0131n\u0131 payla\u015ft\u0131. Sonra da o foto\u011frafa \u00e7ok g\u00fcld\u00fc\u011f\u00fcn\u00fc itiraf etti. \u00dcnl\u00fc ismin Sand\u0131k Kokusu&#8217;ndaki rol arkada\u015f\u0131 ile samimi halleri dikkat \u00e7ekti.<\/p>\n<h3>NESR\u0130N CAVADZADE ROL ARKADA\u015eI PAM\u0130R PEK\u0130N \u0130LE KAHKAHA ATTIRAN FOTO\u011eRAFINI PAYLA\u015eTI<\/h3>\n<p>Ba\u015far\u0131l\u0131 yap\u0131m Sand\u0131k Kokusu&#8217;na ikinci sezonda dahil olarak izleyicinin be\u011fenisini kazanan ve kuzen rol\u00fcyle ekranlara gelen Nesrin Cavadzade, dizi \u00e7ekimlerinin devam etti\u011fi bu g\u00fcnlerde hasta yata\u011f\u0131ndan rol arkada\u015f\u0131 ile bir foto\u011fraf\u0131n\u0131 payla\u015ft\u0131. Diziye ge\u00e7ti\u011fimiz b\u00f6l\u00fcmlerde dahil olan Yak\u0131\u015f\u0131kl\u0131 oyuncu Pamir Pekin ile bir foto\u011fraf\u0131n\u0131 payla\u015fan Cavadzade, g\u00f6nderisine \u015fu notu d\u00fc\u015ft\u00fc;<\/p>\n<hr \/>\n<p>&#8220;\u0130nfluenza keyfi ya\u015fad\u0131\u011f\u0131m hasta yata\u011f\u0131mda bu foto\u011frafa bak\u0131p bak\u0131p g\u00fcl\u00fcyorum, siz de g\u00fclmek isterseniz yar\u0131n ak\u015fam diziyi ka\u00e7\u0131rmay\u0131n&#8221; dedi.<\/p>\n<p><img loading=\"lazy\" decoding=\"async\" class=\"alignnone size-full wp-image-118550\" src=\"https:\/\/www.tgrthaber.com\/mavikadin\/wp-content\/uploads\/eraa.jpg\" alt=\"\" width=\"1208\" height=\"680\" title=\"\" srcset=\"https:\/\/www.tgrthaber.com\/mavikadin\/wp-content\/uploads\/eraa.jpg 1208w, https:\/\/www.tgrthaber.com\/mavikadin\/wp-content\/uploads\/eraa-300x169.jpg 300w, https:\/\/www.tgrthaber.com\/mavikadin\/wp-content\/uploads\/eraa-1024x576.jpg 1024w, https:\/\/www.tgrthaber.com\/mavikadin\/wp-content\/uploads\/eraa-768x432.jpg 768w\" sizes=\"(max-width: 1208px) 100vw, 1208px\" \/><\/p>\n<h3>NESR\u0130N CAVADZADE K\u0130MD\u0130R?<\/h3>\n<p>30 Temmuz 1982&#8217;de Azerbaycan&#8217;\u0131n ba\u015fkenti Bak\u00fc&#8217;de d\u00fcnyaya gelmi\u015f, 1993 y\u0131l\u0131nda 11 ya\u015f\u0131nda T\u00fcrkiye&#8217;ye g\u00f6\u00e7 etmi\u015ftir. Marmara \u00dcniversitesi \u0130leti\u015fim Fak\u00fcltesi Sinema ve Televizyon B\u00f6l\u00fcm\u00fc&#8217;nden mezun olduktan sonra, 2 y\u0131l s\u00fcreyle Tekand Studio Oyuncular\u0131&#8217;nda oyunculuk e\u011fitimi alm\u0131\u015ft\u0131r. T\u00fcrk\u00e7enin yan\u0131 s\u0131ra \u0130ngilizce, Frans\u0131zca, Rus\u00e7a ve \u0130spanyolca dillerine hakimdir. Ayn\u0131 zamanda, bilim insan\u0131 Mirmemmed Cavadzade&#8217;nin torunudur.<\/p>\n<p><img loading=\"lazy\" decoding=\"async\" class=\"alignnone size-full wp-image-118551\" src=\"https:\/\/www.tgrthaber.com\/mavikadin\/wp-content\/uploads\/rt.jpg\" alt=\"\" width=\"1208\" height=\"680\" title=\"\" srcset=\"https:\/\/www.tgrthaber.com\/mavikadin\/wp-content\/uploads\/rt.jpg 1208w, https:\/\/www.tgrthaber.com\/mavikadin\/wp-content\/uploads\/rt-300x169.jpg 300w, https:\/\/www.tgrthaber.com\/mavikadin\/wp-content\/uploads\/rt-1024x576.jpg 1024w, https:\/\/www.tgrthaber.com\/mavikadin\/wp-content\/uploads\/rt-768x432.jpg 768w\" sizes=\"(max-width: 1208px) 100vw, 1208px\" \/><\/p>\n<hr \/>\n<p>\u00dcniversite e\u011fitimini tamamlad\u0131ktan sonra Yersiz Yurtsuz dizisinde ba\u015frol oynayarak televizyon d\u00fcnyas\u0131na ad\u0131m att\u0131 ve ard\u0131ndan ayn\u0131 zamanda dizinin y\u00f6netmeni olan Cemal \u015ean&#8217;\u0131n A\u015fk \u00dc\u00e7lemesi&#8217;nin ikinci filmi olan &#8220;Dilber&#8217;in Sekiz G\u00fcn\u00fc&#8221;nde ba\u015frol\u00fc \u00fcstlendi. Bu rol\u00fcyle Erzurum, Bursa ve Ankara Film Festivallerinde &#8220;En \u0130yi Kad\u0131n Oyuncu&#8221; \u00f6d\u00fcllerini kazand\u0131. Bu ba\u015far\u0131n\u0131n ard\u0131ndan yine Cemal \u015ean&#8217;\u0131n y\u00f6netmenli\u011fini \u00fcstlendi\u011fi Ac\u0131 filminde rol alarak performans\u0131yla ele\u015ftirmenlerden b\u00fcy\u00fck \u00f6vg\u00fc ald\u0131.<\/p>\n<hr \/>\n<p>Sinema d\u0131\u015f\u0131nda Samanyolu ve Al Yazmal\u0131m gibi televizyon projelerinde de boy g\u00f6steren oyuncu, 2011 y\u0131l\u0131nda Hasan Tolga Pulat&#8217;\u0131n y\u00f6netti\u011fi G\u00fczel G\u00fcnler G\u00f6rece\u011fiz filminde &#8220;Anna&#8221; karakteriyle yer ald\u0131 ve 48. Antalya Alt\u0131n Portakal Film Festivali&#8217;nde &#8220;En \u0130yi Yard\u0131mc\u0131 Kad\u0131n Oyuncu&#8221; ve 23. Ankara Uluslararas\u0131 Film Festivali&#8217;nde &#8220;En \u0130yi Kad\u0131n Oyuncu&#8221; \u00f6d\u00fcllerine lay\u0131k g\u00f6r\u00fcld\u00fc. 2014&#8217;te Kutlu\u011f Ataman&#8217;\u0131n Kuzu filmi ile ve Erol Minta\u015f&#8217;\u0131n Annemin \u015eark\u0131s\u0131 adl\u0131 ilk uzun metraj filminde rol ald\u0131. Kuzu ile 51. Alt\u0131n Portakal Film Festivali&#8217;nde &#8220;En \u0130yi Kad\u0131n Oyuncu&#8221; \u00f6d\u00fcl\u00fcn\u00fc kazand\u0131. 2015 y\u0131l\u0131nda ise \u00c7anakkale Harbi&#8217;ni konu alan Son Mektup filminde yer ald\u0131.<\/p>\n<hr \/>\n<p>2012 y\u0131l\u0131nda &#8220;A\u011f\u0131r Roman&#8221;\u0131n televizyon uyarlamas\u0131 olan A\u011f\u0131r Roman Yeni D\u00fcnya dizisinde &#8220;Kara Leyla&#8221; karakterini oynad\u0131. 2019-2021 y\u0131llar\u0131 aras\u0131nda FOX&#8217;ta yay\u0131mlanan Yasak Elma dizisinde &#8220;\u015eahika Ekinci&#8221; karakterini oynad\u0131. 6 May\u0131s 2019 tarihinde diziye kat\u0131lan oyuncu, dizinin 4. sezonunun finaline iki b\u00f6l\u00fcm kala, 26 Nisan 2021&#8217;de yay\u0131mlanan 108. b\u00f6l\u00fcmde diziden ayr\u0131ld\u0131. 8 Kas\u0131m 2021 ile 9 May\u0131s 2022 tarihleri aras\u0131nda, 2. ile 25. b\u00f6l\u00fcmleri aras\u0131nda, \u00dc\u00e7 Kuru\u015f dizisinde &#8220;Bahar Y\u00f6ndel \u00c7aka&#8221; karakterini oynad\u0131.<\/p>\n","protected":false},"excerpt":{"rendered":"<p>Sand\u0131k Kokusu&#8217;ndaki ba\u015far\u0131l\u0131 performans\u0131 ile t\u00fcm dikkatleri \u00fczerine \u00e7eken Nesrin Cavadzade, dizideki rol arkada\u015f\u0131 Pamir Pekin ile setten bir foto\u011fraf\u0131n\u0131 payla\u015ft\u0131.<\/p>\n","protected":false},"author":2,"featured_media":118553,"comment_status":"closed","ping_status":"closed","sticky":false,"template":"","format":"standard","meta":{"rank_math_lock_modified_date":false,"footnotes":""},"categories":[76],"tags":[133,2494,2495,135],"class_list":["post-118531","post","type-post","status-publish","format-standard","has-post-thumbnail","hentry","category-magazin","tag-magazin","tag-nesrin-cavadzade","tag-pamir-pekin","tag-sandik-kokusu"],"_links":{"self":[{"href":"https:\/\/www.tgrthaber.com\/mavikadin\/wp-json\/wp\/v2\/posts\/118531"}],"collection":[{"href":"https:\/\/www.tgrthaber.com\/mavikadin\/wp-json\/wp\/v2\/posts"}],"about":[{"href":"https:\/\/www.tgrthaber.com\/mavikadin\/wp-json\/wp\/v2\/types\/post"}],"author":[{"embeddable":true,"href":"https:\/\/www.tgrthaber.com\/mavikadin\/wp-json\/wp\/v2\/users\/2"}],"replies":[{"embeddable":true,"href":"https:\/\/www.tgrthaber.com\/mavikadin\/wp-json\/wp\/v2\/comments?post=118531"}],"version-history":[{"count":1,"href":"https:\/\/www.tgrthaber.com\/mavikadin\/wp-json\/wp\/v2\/posts\/118531\/revisions"}],"predecessor-version":[{"id":118555,"href":"https:\/\/www.tgrthaber.com\/mavikadin\/wp-json\/wp\/v2\/posts\/118531\/revisions\/118555"}],"wp:featuredmedia":[{"embeddable":true,"href":"https:\/\/www.tgrthaber.com\/mavikadin\/wp-json\/wp\/v2\/media\/118553"}],"wp:attachment":[{"href":"https:\/\/www.tgrthaber.com\/mavikadin\/wp-json\/wp\/v2\/media?parent=118531"}],"wp:term":[{"taxonomy":"category","embeddable":true,"href":"https:\/\/www.tgrthaber.com\/mavikadin\/wp-json\/wp\/v2\/categories?post=118531"},{"taxonomy":"post_tag","embeddable":true,"href":"https:\/\/www.tgrthaber.com\/mavikadin\/wp-json\/wp\/v2\/tags?post=118531"}],"curies":[{"name":"wp","href":"https:\/\/api.w.org\/{rel}","templated":true}]}}