{"id":118602,"date":"2025-01-08T01:49:28","date_gmt":"2025-01-07T22:49:28","guid":{"rendered":"https:\/\/www.tgrthaber.com\/mavikadin\/?p=118602"},"modified":"2025-01-08T01:51:39","modified_gmt":"2025-01-07T22:51:39","slug":"tugce-tayfur-babasinin-tabutu-basinda-kufurler-etmisti-tayfurun-yegeni-sirin-gozalici-olayla-ilgili-konustu","status":"publish","type":"post","link":"https:\/\/www.tgrthaber.com\/mavikadin\/tugce-tayfur-babasinin-tabutu-basinda-kufurler-etmisti-tayfurun-yegeni-sirin-gozalici-olayla-ilgili-konustu\/","title":{"rendered":"Tu\u011f\u00e7e Tayfur babas\u0131n\u0131n tabutu ba\u015f\u0131nda k\u00fcf\u00fcrler etmi\u015fti! Tayfur&#8217;un ye\u011feni \u015eirin G\u00f6zal\u0131c\u0131 olayla ilgili konu\u015ftu"},"content":{"rendered":"<p>Vefat haberi ile binlerce sevenini derin bir yasa bo\u011fan ve 79 ya\u015f\u0131nda hayata g\u00f6zlerini yuman usta sanat\u00e7\u0131 Ferdi Tayfur&#8217;un \u00f6l\u00fcm\u00fcnden sonra geli\u015fen olaylar\u0131n bir t\u00fcrl\u00fc ard\u0131 arkas\u0131 kesilmemi\u015fti. Binlerce seveninin ak\u0131n etti\u011fi cenaze t\u00f6reninde merhum sanat\u00e7\u0131 Ferdi Tayfur&#8217;un tabutunun ba\u015f\u0131nda \u00e7\u0131kan k\u00fcf\u00fcrl\u00fc kavga ise hem ay\u0131planm\u0131\u015ft\u0131 hem de magazin g\u00fcndemine konu olmu\u015ftu.<\/p>\n<p>Usta sanat\u00e7\u0131 Ferdi Tayfur Hakk&#8217;a u\u011furlan\u0131rken k\u00fcs oldu\u011fu hamile k\u0131z\u0131 Tu\u011f\u00e7e Tayfur&#8217;un tabut ba\u015f\u0131nda birisi ile k\u00fcf\u00fcrl\u00fc tart\u0131\u015fmas\u0131 herkesin dikkatini \u00e7ekmi\u015fti.<\/p>\n<h3>CENAZEDE NELER OLMU\u015eTU?<\/h3>\n<p>Babas\u0131n\u0131n tabutuna sar\u0131lan Tu\u011f\u00e7e Tayfur, g\u00f6zya\u015flar\u0131na engel olamaz iken orada bulunanlardan birisi Tu\u011f\u00e7e Tayfur&#8217;un k\u00fcs olarak gitti\u011fi babas\u0131n\u0131n cenazeye kat\u0131lmas\u0131na tepki g\u00f6stermi\u015fti.<\/p>\n<p><img loading=\"lazy\" decoding=\"async\" class=\"wp-image-117161\" src=\"https:\/\/www.tgrthaber.com\/mavikadin\/wp-content\/uploads\/Adsiz-tasarim-40-17.jpg\" alt=\"Ferdi Tayfur\u2019un ye\u011feni \u015eirin G\u00f6zal\u0131c\u0131\u2019dan Necla Naz\u0131r\u2019a yan\u0131t!\" width=\"1208\" height=\"680\" title=\"\" srcset=\"https:\/\/www.tgrthaber.com\/mavikadin\/wp-content\/uploads\/Adsiz-tasarim-40-17.jpg 1600w, https:\/\/www.tgrthaber.com\/mavikadin\/wp-content\/uploads\/Adsiz-tasarim-40-17-300x169.jpg 300w, https:\/\/www.tgrthaber.com\/mavikadin\/wp-content\/uploads\/Adsiz-tasarim-40-17-1024x576.jpg 1024w, https:\/\/www.tgrthaber.com\/mavikadin\/wp-content\/uploads\/Adsiz-tasarim-40-17-768x432.jpg 768w, https:\/\/www.tgrthaber.com\/mavikadin\/wp-content\/uploads\/Adsiz-tasarim-40-17-1536x864.jpg 1536w\" sizes=\"(max-width: 1208px) 100vw, 1208px\" \/><\/p>\n<hr \/>\n<p>Tayfur&#8217;a &#8220;O buraya gelmeyecek&#8221; diyerek sata\u015fan ki\u015fiye, k\u00fcf\u00fcr ederek kar\u015f\u0131l\u0131k vermi\u015f ve annesi Necla Naz\u0131r zor sakinle\u015ftirmi\u015fti.<\/p>\n<h3>TU\u011e\u00c7E TAYFUR&#8217;UN BABASININ TABUTU BA\u015eINDA KAVGA ETT\u0130\u011e\u0130 K\u0130\u015e\u0130 FERD\u0130\u00a0 TAYFUR&#8217;UN YE\u011eEN\u0130 DE\u011e\u0130LM\u0130\u015e!<\/h3>\n<p>Cenaze t\u00f6reninde tabutunun ba\u015f\u0131nda Ferdi Tayfur&#8217;un k\u0131z\u0131 Tu\u011f\u00e7e Tayfur&#8217;un tart\u0131\u015ft\u0131\u011f\u0131 ki\u015fi; Ferdi Tayfur&#8217;un \u00f6z ye\u011feni ve menajeri olan \u015eirin G\u00f6zal\u0131c\u0131 oldu\u011fu \u00f6ne s\u00fcr\u00fclm\u00fc\u015ft\u00fc.<\/p>\n<p>Ferdi Tayfur&#8217;un ye\u011feni G\u00f6zal\u0131c\u0131, konuyla ilgili sosyal medya hesab\u0131ndan a\u00e7\u0131klama yaparak durumu a\u00e7\u0131kl\u0131\u011fa kavu\u015fturdu:<\/p>\n<p><img loading=\"lazy\" decoding=\"async\" class=\"alignnone wp-image-116976 size-full\" src=\"https:\/\/www.tgrthaber.com\/mavikadin\/wp-content\/uploads\/Yeni-Proje-1-14.jpg\" alt=\"\" width=\"1208\" height=\"680\" title=\"\" srcset=\"https:\/\/www.tgrthaber.com\/mavikadin\/wp-content\/uploads\/Yeni-Proje-1-14.jpg 1208w, https:\/\/www.tgrthaber.com\/mavikadin\/wp-content\/uploads\/Yeni-Proje-1-14-300x169.jpg 300w, https:\/\/www.tgrthaber.com\/mavikadin\/wp-content\/uploads\/Yeni-Proje-1-14-1024x576.jpg 1024w, https:\/\/www.tgrthaber.com\/mavikadin\/wp-content\/uploads\/Yeni-Proje-1-14-768x432.jpg 768w\" sizes=\"(max-width: 1208px) 100vw, 1208px\" \/><\/p>\n<hr \/>\n<p>&#8220;\u00d6ncelikle belirtmek isterim ki bu ac\u0131l\u0131 durumda bu a\u00e7\u0131klamaya maruz b\u0131rak\u0131ld\u0131\u011f\u0131m i\u00e7in \u00e7ok \u00fczg\u00fcn\u00fcm. Cenazede tart\u0131\u015fan ki\u015fi ben de\u011fildim, yoldayd\u0131m. \u00d6nce maske alt\u0131ndan kar\u015f\u0131 taraf\u0131 k\u0131\u015fk\u0131rt\u0131p k\u00fcf\u00fcrler ya\u011fd\u0131r\u0131p, sonra h\u0131z\u0131n\u0131 alamay\u0131p kendini k\u00fcf\u00fcrleriyle ele verende kendisidir.&#8221;<\/p>\n<h3>NECLA NAZIR CENAZEDE \u00c7IKAN KAVGA \u0130\u00c7\u0130N NE DEM\u0130\u015eT\u0130?<\/h3>\n<p>Programa ba\u011flanarak a\u00e7\u0131klama yapan Ferdi Tayfur&#8217;un eski e\u015fi Necla Naz\u0131r, \u201cFerdi Tayfur sevenlerine \u015funu s\u00f6ylemek istiyorum. Oradan birisi ba\u011f\u0131rd\u0131 hastaneye niye gelmediniz, niye gelmedi\u011fimiz \u00e7ok a\u00e7\u0131k olarak g\u00f6r\u00fcnd\u00fc zaten. Ben art\u0131k i\u00e7i \u00e7\u00fcr\u00fcm\u00fc\u015f insanlarla nas\u0131l u\u011fra\u015fay\u0131m. Cenazede bunu yapt\u0131lar, biz hastaneye nas\u0131l gidelim. Hastanede de olay \u00e7\u0131karacaklard\u0131.<\/p>\n<p><img loading=\"lazy\" decoding=\"async\" class=\"wp-image-117162\" src=\"https:\/\/www.tgrthaber.com\/mavikadin\/wp-content\/uploads\/Adsiz-tasarim-41-15.jpg\" alt=\"Ferdi Tayfur\u2019un ye\u011feni \u015eirin G\u00f6zal\u0131c\u0131\u2019dan Necla Naz\u0131r\u2019a yan\u0131t!\" width=\"1208\" height=\"680\" title=\"\" srcset=\"https:\/\/www.tgrthaber.com\/mavikadin\/wp-content\/uploads\/Adsiz-tasarim-41-15.jpg 1600w, https:\/\/www.tgrthaber.com\/mavikadin\/wp-content\/uploads\/Adsiz-tasarim-41-15-300x169.jpg 300w, https:\/\/www.tgrthaber.com\/mavikadin\/wp-content\/uploads\/Adsiz-tasarim-41-15-1024x576.jpg 1024w, https:\/\/www.tgrthaber.com\/mavikadin\/wp-content\/uploads\/Adsiz-tasarim-41-15-768x432.jpg 768w, https:\/\/www.tgrthaber.com\/mavikadin\/wp-content\/uploads\/Adsiz-tasarim-41-15-1536x864.jpg 1536w\" sizes=\"(max-width: 1208px) 100vw, 1208px\" \/><\/p>\n<hr \/>\n<p>\u0130nsanlar ya\u015fad\u0131\u011f\u0131m\u0131z \u015feyin i\u00e7 y\u00fcz\u00fcn\u00fc bilmiyorlar. Ezbere konu\u015fuluyor. Biz s\u00fcrekli suskun kald\u0131k. Bizim kimseyle bir al\u0131p veremedi\u011fimiz yok. Ama benim \u00e7ocu\u011fumu baba k\u0131z d\u00fc\u015fmanm\u0131\u015f haline getirdiler.\u201d ifadelerini kullanm\u0131\u015ft\u0131.<\/p>\n","protected":false},"excerpt":{"rendered":"<p>Babas\u0131 Ferdi Tayfur&#8217;un cenazesinde k\u00fcf\u00fcrl\u00fc tart\u0131\u015fan Tu\u011f\u00e7e Tayfur olay\u0131nda; aralar\u0131n\u0131n kavgal\u0131 oldu\u011fu \u015eirin G\u00f6zal\u0131c\u0131 ilk kez konu\u015ftu.<\/p>\n","protected":false},"author":27,"featured_media":88965,"comment_status":"closed","ping_status":"closed","sticky":false,"template":"","format":"standard","meta":{"rank_math_lock_modified_date":false,"footnotes":""},"categories":[76],"tags":[4326,6912,7453,7454,6269,7039],"class_list":["post-118602","post","type-post","status-publish","format-standard","has-post-thumbnail","hentry","category-magazin","tag-ferdi-tayfur","tag-ferdi-tayfur-cenazesi","tag-ferdi-tayfur-cenazesinde-kavga","tag-ferdi-tayfurun-kizi-tugce-tayfur","tag-necla-nazir","tag-sirin-gozalici"],"_links":{"self":[{"href":"https:\/\/www.tgrthaber.com\/mavikadin\/wp-json\/wp\/v2\/posts\/118602"}],"collection":[{"href":"https:\/\/www.tgrthaber.com\/mavikadin\/wp-json\/wp\/v2\/posts"}],"about":[{"href":"https:\/\/www.tgrthaber.com\/mavikadin\/wp-json\/wp\/v2\/types\/post"}],"author":[{"embeddable":true,"href":"https:\/\/www.tgrthaber.com\/mavikadin\/wp-json\/wp\/v2\/users\/27"}],"replies":[{"embeddable":true,"href":"https:\/\/www.tgrthaber.com\/mavikadin\/wp-json\/wp\/v2\/comments?post=118602"}],"version-history":[{"count":2,"href":"https:\/\/www.tgrthaber.com\/mavikadin\/wp-json\/wp\/v2\/posts\/118602\/revisions"}],"predecessor-version":[{"id":118604,"href":"https:\/\/www.tgrthaber.com\/mavikadin\/wp-json\/wp\/v2\/posts\/118602\/revisions\/118604"}],"wp:featuredmedia":[{"embeddable":true,"href":"https:\/\/www.tgrthaber.com\/mavikadin\/wp-json\/wp\/v2\/media\/88965"}],"wp:attachment":[{"href":"https:\/\/www.tgrthaber.com\/mavikadin\/wp-json\/wp\/v2\/media?parent=118602"}],"wp:term":[{"taxonomy":"category","embeddable":true,"href":"https:\/\/www.tgrthaber.com\/mavikadin\/wp-json\/wp\/v2\/categories?post=118602"},{"taxonomy":"post_tag","embeddable":true,"href":"https:\/\/www.tgrthaber.com\/mavikadin\/wp-json\/wp\/v2\/tags?post=118602"}],"curies":[{"name":"wp","href":"https:\/\/api.w.org\/{rel}","templated":true}]}}