{"id":118621,"date":"2025-01-08T09:23:45","date_gmt":"2025-01-08T06:23:45","guid":{"rendered":"https:\/\/www.tgrthaber.com\/mavikadin\/?p=118621"},"modified":"2025-01-08T10:30:05","modified_gmt":"2025-01-08T07:30:05","slug":"murat-yildirima-esi-iman-elbani-pastayi-elleriyle-yedirdi","status":"publish","type":"post","link":"https:\/\/www.tgrthaber.com\/mavikadin\/murat-yildirima-esi-iman-elbani-pastayi-elleriyle-yedirdi\/","title":{"rendered":"Murat Y\u0131ld\u0131r\u0131m&#8217;a e\u015fi Iman Elbani pastay\u0131 elleriyle yedirdi"},"content":{"rendered":"<p>Murat Y\u0131ld\u0131r\u0131m e\u015fi Iman Elbani ile uzun y\u0131llad\u0131r mutlu birlikteli\u011fini devam ettiriyor. Herkesin ilgisini \u00e7eken \u00e7ift d\u00fcn ak\u015fam Ezo Sunal&#8217;\u0131n do\u011fum g\u00fcn\u00fcne beraber kat\u0131ld\u0131. Do\u011fum g\u00fcn\u00fc pastas\u0131n\u0131 Iman Elbani&#8217;nin elleriyle e\u015fi Murat Y\u0131ld\u0131r\u0131m&#8217;a yedirmesi ise g\u00fcndem oldu.<\/p>\n<h3>MURAT YILDIRIM E\u015e\u0130 IMAN ELBAN\u0130&#8217;N\u0130N EL\u0130NDEN PASTA YED\u0130<\/h3>\n<p>Murat Y\u0131ld\u0131r\u0131m ve e\u015fi Iman Elbani d\u00fcn ak\u015fam Kemal Sunal&#8217;\u0131n k\u0131z\u0131 Ezo Sunal&#8217;\u0131n do\u011fum g\u00fcn\u00fcne kat\u0131ld\u0131. Do\u011fum g\u00fcn\u00fcnde e\u011flenerek hep bir arada olan \u00fcnl\u00fc isimler aras\u0131nda \u00e7ok \u00f6nemli ki\u015filer de vard\u0131. B\u00fcy\u00fck do\u011fum g\u00fcn\u00fc organizasyonunda Ezo Sunal harika bir pasta kesti. Pastay\u0131 afiyetle yiyen Murat Y\u0131ld\u0131r\u0131m ve e\u015fi Iman Elbani kameralara yans\u0131d\u0131. Iman Elbani elleriyle e\u015fi Murat Y\u0131ld\u0131r\u0131m&#8217;a pastas\u0131n\u0131 yedirdi. Herkesin ilgisini \u00e7eken \u00e7ift sosyal medyada g\u00fcndem olurken birbirini ne kadar \u00e7ok sevdikleri ve de\u011fer verdikleri konu\u015fuldu.<\/p>\n<div style=\"width: 576px;\" class=\"wp-video\"><!--[if lt IE 9]><script>document.createElement('video');<\/script><![endif]-->\n<video class=\"wp-video-shortcode\" id=\"video-118621-1\" width=\"576\" height=\"1024\" preload=\"metadata\" controls=\"controls\"><source type=\"video\/mp4\" src=\"https:\/\/www.tgrthaber.com\/mavikadin\/wp-content\/uploads\/7WanGla0oOIlaD_5.mp4?_=1\" \/><a href=\"https:\/\/www.tgrthaber.com\/mavikadin\/wp-content\/uploads\/7WanGla0oOIlaD_5.mp4\">https:\/\/www.tgrthaber.com\/mavikadin\/wp-content\/uploads\/7WanGla0oOIlaD_5.mp4<\/a><\/video><\/div>\n<hr \/>\n<p>Murat Y\u0131ld\u0131r\u0131m 2016 y\u0131l\u0131nda Fasl\u0131 g\u00fczel Iman Elbani ile hayat\u0131n\u0131 birle\u015ftirdi. Londra&#8217;da e\u011fitim alan Iman Elbani M\u0131s\u0131r ve Fas&#8217;ta bir\u00e7ok reklam ve dizi projesinde yer ald\u0131. Hayat\u0131n\u0131 Murat Y\u0131ld\u0131r\u0131m ile birle\u015ftiren Fasl\u0131 g\u00fczel Iman Elbani 2022 y\u0131l\u0131nda k\u0131zlar\u0131 Miray\u2019\u0131 kucaklar\u0131na alm\u0131\u015flard\u0131. \u00c7ift a\u015fklar\u0131n\u0131 ya\u015famaya son s\u00fcrat devam ediyor. Sosyal medyada da \u00e7ok sevilen \u00e7iftin her payla\u015f\u0131m\u0131 be\u011feni ve yorum al\u0131yor.<\/p>\n<p><img loading=\"lazy\" decoding=\"async\" class=\"alignnone size-full wp-image-118624\" src=\"https:\/\/www.tgrthaber.com\/mavikadin\/wp-content\/uploads\/Ekran-goruntusu-2025-01-08-085113.png\" alt=\"\" width=\"637\" height=\"765\" title=\"\" srcset=\"https:\/\/www.tgrthaber.com\/mavikadin\/wp-content\/uploads\/Ekran-goruntusu-2025-01-08-085113.png 637w, https:\/\/www.tgrthaber.com\/mavikadin\/wp-content\/uploads\/Ekran-goruntusu-2025-01-08-085113-250x300.png 250w\" sizes=\"(max-width: 637px) 100vw, 637px\" \/><\/p>\n<hr \/>\n<p>Bir d\u00f6nem d\u00fc\u011f\u00fcnlerinde tahtla davetliler aras\u0131na gelmeleri \u00e7ok ele\u015ftirilmi\u015f ve Murat Y\u0131ld\u0131r\u0131m bu ele\u015ftirilere tepki g\u00f6stererek Iman Elbani&#8217;nin k\u00fclt\u00fcr\u00fcne hakaret edilmesini do\u011fru bulmam\u0131\u015ft\u0131. \u015eimdilerde ise Iman Elbani ve Murat Y\u0131ld\u0131r\u0131m sadece a\u015fklar\u0131yla g\u00fcndemde oluyor ve an\u0131l\u0131yorlar.<\/p>\n<p><img loading=\"lazy\" decoding=\"async\" class=\"alignnone size-full wp-image-118625\" src=\"https:\/\/www.tgrthaber.com\/mavikadin\/wp-content\/uploads\/Ekran-goruntusu-2025-01-08-092040.png\" alt=\"\" width=\"679\" height=\"753\" title=\"\" srcset=\"https:\/\/www.tgrthaber.com\/mavikadin\/wp-content\/uploads\/Ekran-goruntusu-2025-01-08-092040.png 679w, https:\/\/www.tgrthaber.com\/mavikadin\/wp-content\/uploads\/Ekran-goruntusu-2025-01-08-092040-271x300.png 271w\" sizes=\"(max-width: 679px) 100vw, 679px\" \/><\/p>\n<hr \/>\n<p>\u00c7iftin 2022 y\u0131l\u0131nda bir k\u0131zlar\u0131 oldu. Ondan \u00f6nce ise Iman Elbani birka\u00e7 kez bebe\u011fini kaybetti. Bir d\u00f6nem oyuncu Murat Y\u0131ld\u0131r\u0131m e\u015fine ve kendisine hakaret mesajlar\u0131 yazan ki\u015filere tepki g\u00f6stererek &#8220;E\u015fime hakaretler ya\u011fd\u0131ran, bana emir kipiyle mesajlar atanlar&#8230; O hakaret etti\u011finiz kad\u0131n 5 kez bebek kaybetti.&#8221; yan\u0131t\u0131n\u0131 vermi\u015fti. Bir d\u00f6nem de Aziz dizisinde beraber kamera kar\u015f\u0131s\u0131na ge\u00e7en \u00e7ift uyumuyla herkesi hayran b\u0131rakm\u0131\u015ft\u0131. E\u015fi Iman Elbani ile mutlu evlili\u011fini s\u00fcrd\u00fcren Murat Y\u0131ld\u0131r\u0131m daha \u00f6nce Bur\u00e7in Terzio\u011flu ile evlenmi\u015f ancak ikili anla\u015famayarak ayr\u0131lm\u0131\u015flard\u0131. 2008 ile 2014 y\u0131llar\u0131 aras\u0131nda evli kalan ikili yine \u00e7ok konu\u015fulan isimlerden olmu\u015f ve d\u00f6neminde hayranlar\u0131 taraf\u0131ndan da sevilmi\u015fti. Bur\u00e7in Terzio\u011flu ile F\u0131rt\u0131na dizisinde bir araya gelen Murat Y\u0131ld\u0131r\u0131m bu beraberli\u011fi evlilikle ta\u00e7land\u0131rm\u0131\u015ft\u0131. Ancak \u00e7iftin mutlulu\u011fu 6 y\u0131l sonra bitti ve 2014 y\u0131l\u0131nda bo\u015fand\u0131lar.<\/p>\n<p><img loading=\"lazy\" decoding=\"async\" class=\"alignnone size-full wp-image-118626\" src=\"https:\/\/www.tgrthaber.com\/mavikadin\/wp-content\/uploads\/Ekran-goruntusu-2025-01-08-092111.png\" alt=\"\" width=\"640\" height=\"735\" title=\"\" srcset=\"https:\/\/www.tgrthaber.com\/mavikadin\/wp-content\/uploads\/Ekran-goruntusu-2025-01-08-092111.png 640w, https:\/\/www.tgrthaber.com\/mavikadin\/wp-content\/uploads\/Ekran-goruntusu-2025-01-08-092111-261x300.png 261w\" sizes=\"(max-width: 640px) 100vw, 640px\" \/><\/p>\n<hr \/>\n<p>Iman Elbani ile Londra&#8217;da bir kafede ortak arkada\u015f grubunda tan\u0131\u015fan ve o g\u00fcnden bu yana beraber olan \u00e7ift evliliklerini mutlulukla s\u00fcrd\u00fcr\u00fcyor. Her f\u0131rsatta e\u015fine olan a\u015fk\u0131n\u0131 ve sevgisini dile getiren Murat Y\u0131ld\u0131r\u0131m&#8217;a e\u015fi Iman Elbani de a\u015fkla cevap veriyor. \u00d6yle ki Ezo Sunal&#8217;\u0131n do\u011fum g\u00fcn\u00fcnde e\u015fini elleriyle yedirdi i\u00e7irdi\u011fi g\u00f6zlerden ka\u00e7m\u0131yor. Iman Elbani e\u015fi Murat Y\u0131ld\u0131r\u0131m&#8217;a elleriyle do\u011fum g\u00fcn\u00fc pastas\u0131 yedirdi. \u00c7iftin mutlulu\u011fu daha \u00e7ok uzun y\u0131llar s\u00fcrecek gibi g\u00f6r\u00fcn\u00fcyor.<\/p>\n","protected":false},"excerpt":{"rendered":"<p>Murat Y\u0131ld\u0131r\u0131m ve e\u015fi Iman Elbani Ezo Sunal&#8217;\u0131n do\u011fum g\u00fcn\u00fc partisine kat\u0131ld\u0131. Partide e\u011flenen \u00e7ift a\u015fklar\u0131yla g\u00f6z kama\u015ft\u0131rd\u0131. Iman elbani elleriyle e\u015fi Murat Y\u0131ld\u0131r\u0131m&#8217;a pasta yedirdi. <\/p>\n","protected":false},"author":25,"featured_media":118627,"comment_status":"closed","ping_status":"closed","sticky":false,"template":"","format":"standard","meta":{"rank_math_lock_modified_date":false,"footnotes":""},"categories":[76],"tags":[4165,2808,2297],"class_list":["post-118621","post","type-post","status-publish","format-standard","has-post-thumbnail","hentry","category-magazin","tag-ezo-sunal","tag-iman-elbani","tag-murat-yildirim"],"_links":{"self":[{"href":"https:\/\/www.tgrthaber.com\/mavikadin\/wp-json\/wp\/v2\/posts\/118621"}],"collection":[{"href":"https:\/\/www.tgrthaber.com\/mavikadin\/wp-json\/wp\/v2\/posts"}],"about":[{"href":"https:\/\/www.tgrthaber.com\/mavikadin\/wp-json\/wp\/v2\/types\/post"}],"author":[{"embeddable":true,"href":"https:\/\/www.tgrthaber.com\/mavikadin\/wp-json\/wp\/v2\/users\/25"}],"replies":[{"embeddable":true,"href":"https:\/\/www.tgrthaber.com\/mavikadin\/wp-json\/wp\/v2\/comments?post=118621"}],"version-history":[{"count":3,"href":"https:\/\/www.tgrthaber.com\/mavikadin\/wp-json\/wp\/v2\/posts\/118621\/revisions"}],"predecessor-version":[{"id":118659,"href":"https:\/\/www.tgrthaber.com\/mavikadin\/wp-json\/wp\/v2\/posts\/118621\/revisions\/118659"}],"wp:featuredmedia":[{"embeddable":true,"href":"https:\/\/www.tgrthaber.com\/mavikadin\/wp-json\/wp\/v2\/media\/118627"}],"wp:attachment":[{"href":"https:\/\/www.tgrthaber.com\/mavikadin\/wp-json\/wp\/v2\/media?parent=118621"}],"wp:term":[{"taxonomy":"category","embeddable":true,"href":"https:\/\/www.tgrthaber.com\/mavikadin\/wp-json\/wp\/v2\/categories?post=118621"},{"taxonomy":"post_tag","embeddable":true,"href":"https:\/\/www.tgrthaber.com\/mavikadin\/wp-json\/wp\/v2\/tags?post=118621"}],"curies":[{"name":"wp","href":"https:\/\/api.w.org\/{rel}","templated":true}]}}