{"id":118652,"date":"2025-01-08T10:31:06","date_gmt":"2025-01-08T07:31:06","guid":{"rendered":"https:\/\/www.tgrthaber.com\/mavikadin\/?p=118652"},"modified":"2025-01-08T10:31:07","modified_gmt":"2025-01-08T07:31:07","slug":"vahide-percinden-meryem-uzerliye-duygusal-sozler-sakir-pasa-ailesi-dizisinde-bir-araya-geldiler","status":"publish","type":"post","link":"https:\/\/www.tgrthaber.com\/mavikadin\/vahide-percinden-meryem-uzerliye-duygusal-sozler-sakir-pasa-ailesi-dizisinde-bir-araya-geldiler\/","title":{"rendered":"Vahide Per\u00e7in\u2019den Meryem Uzerli\u2019ye duygusal s\u00f6zler! \u015eakir Pa\u015fa Ailesi dizisinde bir araya geldiler"},"content":{"rendered":"<p>Vahide Per\u00e7in\u2019in Meryem Uzerli hakk\u0131nda s\u00f6yledi\u011fi duygusal s\u00f6zleri g\u00fcndem oldu. Y\u0131llar sonra \u015eakir Pa\u015fa Ailesi dizisinde bir araya gelen ikili izleyiciyi heyecanland\u0131rd\u0131.<\/p>\n<h3>VAH\u0130DE PER\u00c7\u0130N\u2019DEN DUYGUSAL S\u00d6ZLER<\/h3>\n<p>Y\u0131llar \u00f6nce Muhte\u015fem Y\u00fczy\u0131l&#8217;da ayr\u0131 zamanlarda H\u00fcrrem Sultan\u2019\u0131 oynayan \u00fcnl\u00fc oyuncular Vahide Per\u00e7in ile Meryem Uzerli \u015eakir Pa\u015fa Ailesi dizisinde yeniden bir araya geldi.<\/p>\n<p><img loading=\"lazy\" decoding=\"async\" class=\"alignnone wp-image-118653\" src=\"https:\/\/www.tgrthaber.com\/mavikadin\/wp-content\/uploads\/Sakir-Pasa-1-1.jpg\" alt=\"\" width=\"1208\" height=\"680\" title=\"\" srcset=\"https:\/\/www.tgrthaber.com\/mavikadin\/wp-content\/uploads\/Sakir-Pasa-1-1.jpg 1200w, https:\/\/www.tgrthaber.com\/mavikadin\/wp-content\/uploads\/Sakir-Pasa-1-1-300x169.jpg 300w, https:\/\/www.tgrthaber.com\/mavikadin\/wp-content\/uploads\/Sakir-Pasa-1-1-1024x576.jpg 1024w, https:\/\/www.tgrthaber.com\/mavikadin\/wp-content\/uploads\/Sakir-Pasa-1-1-768x432.jpg 768w\" sizes=\"(max-width: 1208px) 100vw, 1208px\" \/><\/p>\n<hr \/>\n<p>Magazin muhabirlerine a\u00e7\u0131klamada bulunan Vahide Per\u00e7in, Meryem Uzerli&#8217;yle ilgili bir de itirafta bulundu.<\/p>\n<p>Muhabirlerin iki H\u00fcrrem\u2019in bulu\u015fmas\u0131n\u0131 sormas\u0131 \u00fczerine \u00fcnl\u00fc oyuncu, Meryem Uzerli ve Muhte\u015fem Y\u00fczy\u0131l&#8217;la ilgili itirafta bulunarak, &#8220;Meryem&#8217;i \u00e7ok uzun y\u0131llar \u00f6nce g\u00f6rm\u00fc\u015ft\u00fcm. Y\u0131llar sonra kar\u015f\u0131la\u015f\u0131nca ikimiz de sanki birbirimizi \u00e7ok \u00f6zlemi\u015fiz gibi sar\u0131ld\u0131k birbirimize ve \u00e7ok duygusald\u0131. \u00c7ok tatl\u0131 ve \u00e7al\u0131\u015fkan bir kad\u0131n. Onunla kar\u015f\u0131la\u015ft\u0131\u011f\u0131m i\u00e7in \u00e7ok mutluyum. \u00c7\u00fcnk\u00fc onu \u00e7ok g\u00f6rmek istiyordum. Onu uzun y\u0131llard\u0131r bekliyordum. Muhte\u015fem Y\u00fczy\u0131l&#8217;\u0131 Meryem i\u00e7in yapt\u0131m. Onu \u00e7ok seviyorum&#8221; dedi.<\/p>\n<p>O d\u00f6nemde Meryem Uzerli\u2019nin diziden t\u00fckenmi\u015flik sendromu sebebiyle ayr\u0131lmak zorunda kald\u0131\u011f\u0131n\u0131 ifade eden \u00fcnl\u00fc isim \u015fimdi yeniden bir araya gelmenin mutlulu\u011funu ya\u015f\u0131yor.<\/p>\n<p><img loading=\"lazy\" decoding=\"async\" class=\"alignnone wp-image-118654\" src=\"https:\/\/www.tgrthaber.com\/mavikadin\/wp-content\/uploads\/Sakir-Pasa-2.jpg\" alt=\"\" width=\"1208\" height=\"805\" title=\"\" srcset=\"https:\/\/www.tgrthaber.com\/mavikadin\/wp-content\/uploads\/Sakir-Pasa-2.jpg 1200w, https:\/\/www.tgrthaber.com\/mavikadin\/wp-content\/uploads\/Sakir-Pasa-2-300x200.jpg 300w, https:\/\/www.tgrthaber.com\/mavikadin\/wp-content\/uploads\/Sakir-Pasa-2-1024x683.jpg 1024w, https:\/\/www.tgrthaber.com\/mavikadin\/wp-content\/uploads\/Sakir-Pasa-2-768x512.jpg 768w\" sizes=\"(max-width: 1208px) 100vw, 1208px\" \/><\/p>\n<hr \/>\n<h3>\u015eAK\u0130R PA\u015eA A\u0130LES\u0130, \u00c7EK\u0130MLER\u0130NE ARA VER\u0130LD\u0130<\/h3>\n<p>\u015eakir Pa\u015fa Ailesi dizisinde \u00e7ekimlerin yap\u0131ld\u0131\u011f\u0131 k\u00f6\u015fkte yang\u0131n \u00e7\u0131kmas\u0131 sonucu diziye zorunlu olarak ara verilmi\u015fti. Dizide as\u0131l kaos tam ba\u015flamak \u00fczereydi. \u015eakir Pa\u015fa&#8217;n\u0131n sevgilisi Rozali birden k\u00f6\u015fke \u00e7\u0131kagelmi\u015fti.<\/p>\n","protected":false},"excerpt":{"rendered":"<p>\u015eakir Pa\u015fa Ailesi dizisinde Meryem Uzerli ile bir araya gelen Vahide Per\u00e7in\u2019den duygusal bir a\u00e7\u0131klama geldi. Y\u0131llar \u00f6nce Muhte\u015fem Y\u00fczy\u0131l&#8217;da ayr\u0131 zamanlarda H\u00fcrrem Sultan\u2019\u0131 oynayan iki isim yeniden bulu\u015ftu.<\/p>\n","protected":false},"author":5,"featured_media":118658,"comment_status":"closed","ping_status":"closed","sticky":false,"template":"","format":"standard","meta":{"rank_math_lock_modified_date":false,"footnotes":""},"categories":[76],"tags":[2323,2962],"class_list":["post-118652","post","type-post","status-publish","format-standard","has-post-thumbnail","hentry","category-magazin","tag-meryem-uzerli","tag-vahide-percin"],"_links":{"self":[{"href":"https:\/\/www.tgrthaber.com\/mavikadin\/wp-json\/wp\/v2\/posts\/118652"}],"collection":[{"href":"https:\/\/www.tgrthaber.com\/mavikadin\/wp-json\/wp\/v2\/posts"}],"about":[{"href":"https:\/\/www.tgrthaber.com\/mavikadin\/wp-json\/wp\/v2\/types\/post"}],"author":[{"embeddable":true,"href":"https:\/\/www.tgrthaber.com\/mavikadin\/wp-json\/wp\/v2\/users\/5"}],"replies":[{"embeddable":true,"href":"https:\/\/www.tgrthaber.com\/mavikadin\/wp-json\/wp\/v2\/comments?post=118652"}],"version-history":[{"count":2,"href":"https:\/\/www.tgrthaber.com\/mavikadin\/wp-json\/wp\/v2\/posts\/118652\/revisions"}],"predecessor-version":[{"id":118661,"href":"https:\/\/www.tgrthaber.com\/mavikadin\/wp-json\/wp\/v2\/posts\/118652\/revisions\/118661"}],"wp:featuredmedia":[{"embeddable":true,"href":"https:\/\/www.tgrthaber.com\/mavikadin\/wp-json\/wp\/v2\/media\/118658"}],"wp:attachment":[{"href":"https:\/\/www.tgrthaber.com\/mavikadin\/wp-json\/wp\/v2\/media?parent=118652"}],"wp:term":[{"taxonomy":"category","embeddable":true,"href":"https:\/\/www.tgrthaber.com\/mavikadin\/wp-json\/wp\/v2\/categories?post=118652"},{"taxonomy":"post_tag","embeddable":true,"href":"https:\/\/www.tgrthaber.com\/mavikadin\/wp-json\/wp\/v2\/tags?post=118652"}],"curies":[{"name":"wp","href":"https:\/\/api.w.org\/{rel}","templated":true}]}}