{"id":118681,"date":"2025-01-08T11:47:03","date_gmt":"2025-01-08T08:47:03","guid":{"rendered":"https:\/\/www.tgrthaber.com\/mavikadin\/?p=118681"},"modified":"2025-01-08T11:50:07","modified_gmt":"2025-01-08T08:50:07","slug":"ferdi-tayfurun-avukati-tugce-tayfur-ile-usta-sanatci-arasindaki-olaylarin-ic-yuzunu-anlatti","status":"publish","type":"post","link":"https:\/\/www.tgrthaber.com\/mavikadin\/ferdi-tayfurun-avukati-tugce-tayfur-ile-usta-sanatci-arasindaki-olaylarin-ic-yuzunu-anlatti\/","title":{"rendered":"Ferdi Tayfur\u2019un avukat\u0131 Tu\u011f\u00e7e Tayfur ile usta sanat\u00e7\u0131 aras\u0131ndaki olaylar\u0131n i\u00e7 y\u00fcz\u00fcn\u00fc anlatt\u0131"},"content":{"rendered":"<p>Ferdi Tayfur\u2019un avukat\u0131 Hakan Tamg\u00fc\u00e7 usta ismin k\u0131z\u0131yla aras\u0131ndaki krizin neden kaynakland\u0131\u011f\u0131n\u0131 a\u00e7\u0131klad\u0131. Tamg\u00fc\u00e7, Ferdi Tayfur ile k\u0131z\u0131 Tu\u011f\u00e7e Tayfur ili\u015fkisinin detaylar\u0131n\u0131 anlatt\u0131.<\/p>\n<h3>TU\u011e\u00c7E TAYFUR \u0130LE USTA SANAT\u00c7I ARASINDAK\u0130 OLAYLARI ANLATTI<\/h3>\n<p>Tedavi g\u00f6rd\u00fc\u011f\u00fc hastanede vefat eden Ferdi Tayfur \u00f6l\u00fcm\u00fcn\u00fcn ard\u0131ndan da konu\u015fulmaya devam ediyor.<\/p>\n<p>Tayfur\u2019un avukat\u0131 Hakan Tamg\u00fc\u00e7, Hakan Ural ile Ferda Y\u0131ld\u0131r\u0131m\u2019\u0131n sunumuyla Kanal D\u2019de ekrana gelen \u201cNeler Oluyor Hayatta\u201d program\u0131n\u0131n canl\u0131 yay\u0131n\u0131na ba\u011fland\u0131. Tamg\u00fc\u00e7, Ferdi Tayfur\u2019un k\u0131z\u0131 Tu\u011f\u00e7e\u2019yi miras\u0131ndan men etti\u011fi iddialar\u0131na cevap verdi.<\/p>\n<p><img loading=\"lazy\" decoding=\"async\" class=\"alignnone wp-image-118683\" src=\"https:\/\/www.tgrthaber.com\/mavikadin\/wp-content\/uploads\/Ferdi-Tayfur-3-1.jpg\" alt=\"\" width=\"1208\" height=\"680\" title=\"\" srcset=\"https:\/\/www.tgrthaber.com\/mavikadin\/wp-content\/uploads\/Ferdi-Tayfur-3-1.jpg 1600w, https:\/\/www.tgrthaber.com\/mavikadin\/wp-content\/uploads\/Ferdi-Tayfur-3-1-300x169.jpg 300w, https:\/\/www.tgrthaber.com\/mavikadin\/wp-content\/uploads\/Ferdi-Tayfur-3-1-1024x576.jpg 1024w, https:\/\/www.tgrthaber.com\/mavikadin\/wp-content\/uploads\/Ferdi-Tayfur-3-1-768x432.jpg 768w, https:\/\/www.tgrthaber.com\/mavikadin\/wp-content\/uploads\/Ferdi-Tayfur-3-1-1536x864.jpg 1536w\" sizes=\"(max-width: 1208px) 100vw, 1208px\" \/><\/p>\n<hr \/>\n<p>Avukat Tamg\u00fc\u00e7, Tayfur\u2019un k\u0131z\u0131 hakk\u0131nda \u201c\u015fark\u0131lar\u0131m\u0131 bile okumas\u0131n\u201d dedi\u011fini, bununla alakal\u0131 dava a\u00e7t\u0131klar\u0131n\u0131 ve hatta duru\u015fma g\u00fcn\u00fcn\u00fcn bile belli oldu\u011funu ifade etti.<br \/>\nBaba k\u0131z aras\u0131ndaki krizin damat y\u00fcz\u00fcnden \u00e7\u0131kt\u0131\u011f\u0131n\u0131 s\u00f6yleyen Tamg\u00fc\u00e7, \u201cFerdi Bey, Muhammet Ayd\u0131n\u2019\u0131n Tu\u011f\u00e7e Han\u0131m\u2019la evlili\u011fini onaylam\u0131yordu. 2 ay \u00f6nce bir gece yar\u0131s\u0131 Tu\u011f\u00e7e Han\u0131m\u2019la beraber arad\u0131 Muhammet Bey. Hem bana Hem Ferdi Abi\u2019ye k\u00fcf\u00fcrler etti. Ferdi Abi k\u0131z\u0131n\u0131n kendisini \u00fczd\u00fc\u011f\u00fc, el o\u011flunu kendisine k\u00fcf\u00fcr ettirdi\u011fi, kendisi de k\u00fcf\u00fcr etti\u011fi sebebiyle mirastan men etmek istiyordu\u201d \u015feklinde konu\u015ftu.<\/p>\n<p><strong>Tamg\u00fc\u00e7, Necla Naz\u0131r\u2019a da \u015fu s\u00f6zleri s\u00f6yledi:<\/strong><\/p>\n<p>\u201cNecla Naz\u0131r, ne k\u0131z\u0131na ne de damad\u0131na \u2018dur\u2019 diyebildi.\u201d Diyen Tamg\u00fc\u00e7\u2019\u00fcn s\u00f6zleri \u00fczerine Necla Naz\u0131r programa ba\u011flanarak \u201cAileden biri de\u011fil, neler ya\u015fand\u0131\u011f\u0131n\u0131 bilemez\u201d dedi. Bu s\u00f6zler \u00fczerine tepki veren avukat kimsenin Ferdi Tayfur\u2019la kendisi kadar yak\u0131n olmad\u0131\u011f\u0131n\u0131, hatta k\u0131z\u0131 Tu\u011f\u00e7e\u2019nin hastaneye bile ziyarete gelmedi\u011fini belirtti.<\/p>\n<p><img loading=\"lazy\" decoding=\"async\" class=\"alignnone wp-image-118684\" src=\"https:\/\/www.tgrthaber.com\/mavikadin\/wp-content\/uploads\/Hakan-Tamguc.jpg\" alt=\"\" width=\"1208\" height=\"680\" title=\"\" srcset=\"https:\/\/www.tgrthaber.com\/mavikadin\/wp-content\/uploads\/Hakan-Tamguc.jpg 1600w, https:\/\/www.tgrthaber.com\/mavikadin\/wp-content\/uploads\/Hakan-Tamguc-300x169.jpg 300w, https:\/\/www.tgrthaber.com\/mavikadin\/wp-content\/uploads\/Hakan-Tamguc-1024x576.jpg 1024w, https:\/\/www.tgrthaber.com\/mavikadin\/wp-content\/uploads\/Hakan-Tamguc-768x432.jpg 768w, https:\/\/www.tgrthaber.com\/mavikadin\/wp-content\/uploads\/Hakan-Tamguc-1536x864.jpg 1536w\" sizes=\"(max-width: 1208px) 100vw, 1208px\" \/><\/p>\n<hr \/>\n<h3>&#8220;EVLATLIKTAN REDDETT\u0130&#8221;<\/h3>\n<p>Usta sanat\u00e7\u0131 Ferdi Tayfur\u2019un k\u0131z\u0131 Tu\u011f\u00e7e\u2019ye 50 milyon liral\u0131k dava a\u00e7t\u0131\u011f\u0131 iddialar\u0131n\u0131 yalanlayan Tamg\u00fc\u00e7, Tayfur\u2019un \u00f6nce soyad\u0131 davas\u0131 a\u00e7t\u0131\u011f\u0131n\u0131 daha sonra da kendisine edilen hakaretler sonras\u0131nda su\u00e7 duyurusunda bulundu\u011funu ve evlatl\u0131ktan reddetme karar\u0131 ald\u0131\u011f\u0131n\u0131 ifade etti.<\/p>\n<p><img loading=\"lazy\" decoding=\"async\" class=\"alignnone wp-image-118685\" src=\"https:\/\/www.tgrthaber.com\/mavikadin\/wp-content\/uploads\/Necla-Nazir.jpg\" alt=\"\" width=\"1208\" height=\"680\" title=\"\" srcset=\"https:\/\/www.tgrthaber.com\/mavikadin\/wp-content\/uploads\/Necla-Nazir.jpg 1600w, https:\/\/www.tgrthaber.com\/mavikadin\/wp-content\/uploads\/Necla-Nazir-300x169.jpg 300w, https:\/\/www.tgrthaber.com\/mavikadin\/wp-content\/uploads\/Necla-Nazir-1024x576.jpg 1024w, https:\/\/www.tgrthaber.com\/mavikadin\/wp-content\/uploads\/Necla-Nazir-768x432.jpg 768w, https:\/\/www.tgrthaber.com\/mavikadin\/wp-content\/uploads\/Necla-Nazir-1536x864.jpg 1536w\" sizes=\"(max-width: 1208px) 100vw, 1208px\" \/><\/p>\n<hr \/>\n<h3>&#8220;TU\u011e\u00c7E TAYFUR A\u011eLAR G\u0130B\u0130 YAPTI G\u00d6ZYA\u015eI D\u00d6KMED\u0130&#8221;<\/h3>\n<p>Avukat Hakan Tamg\u00fc\u00e7, Tu\u011f\u00e7e Tayfur\u2019un tabut ba\u015f\u0131nda a\u011flar gibi yapt\u0131\u011f\u0131n\u0131 g\u00f6zya\u015f\u0131 d\u00f6kmedi\u011fini belirtti. Tayfur\u2019un son anlar\u0131nda yan\u0131nda ilk e\u015fi Zeliha Turanbayburt\u2019un oldu\u011funu s\u00f6yledi.<\/p>\n<h3><img loading=\"lazy\" decoding=\"async\" class=\"alignnone wp-image-118686\" src=\"https:\/\/www.tgrthaber.com\/mavikadin\/wp-content\/uploads\/Ferdi-Tayfur-4-1.jpg\" alt=\"\" width=\"1208\" height=\"680\" title=\"\" srcset=\"https:\/\/www.tgrthaber.com\/mavikadin\/wp-content\/uploads\/Ferdi-Tayfur-4-1.jpg 1600w, https:\/\/www.tgrthaber.com\/mavikadin\/wp-content\/uploads\/Ferdi-Tayfur-4-1-300x169.jpg 300w, https:\/\/www.tgrthaber.com\/mavikadin\/wp-content\/uploads\/Ferdi-Tayfur-4-1-1024x576.jpg 1024w, https:\/\/www.tgrthaber.com\/mavikadin\/wp-content\/uploads\/Ferdi-Tayfur-4-1-768x432.jpg 768w, https:\/\/www.tgrthaber.com\/mavikadin\/wp-content\/uploads\/Ferdi-Tayfur-4-1-1536x864.jpg 1536w\" sizes=\"(max-width: 1208px) 100vw, 1208px\" \/><\/h3>\n<hr \/>\n<h3>TU\u011e\u00c7E\u2019YE M\u0130LYONLARCA L\u0130RA HARCADI<\/h3>\n<p>Ferdi Tayfur\u2019un hayattayken Necla Naz\u0131r\u2019a ve k\u0131z\u0131 Tu\u011f\u00e7e\u2019ye milyonlarca lira para harcad\u0131\u011f\u0131n\u0131 s\u00f6yleyen Tamg\u00fc\u00e7, \u201cNecla Han\u0131m\u2019a Emirgan\u2019da 4 katl\u0131 yal\u0131 hediye etti\u201d dedi.<\/p>\n","protected":false},"excerpt":{"rendered":"<p>\u00dcnl\u00fc sanat\u00e7\u0131 Ferdi Tayfur ile k\u0131z\u0131 Tu\u011f\u00e7e Tayfur\u2019un aras\u0131ndaki olaylar\u0131n i\u00e7 y\u00fcz\u00fcn\u00fc usta ismin avukat\u0131 anlatt\u0131. Kat\u0131ld\u0131\u011f\u0131 televizyon program\u0131nda konu\u015fan avukat Hakan Tamg\u00fc\u00e7, Ferdi Tayfur hakk\u0131ndaki iddialara a\u00e7\u0131klama getirdi.<\/p>\n","protected":false},"author":5,"featured_media":118689,"comment_status":"closed","ping_status":"closed","sticky":false,"template":"","format":"standard","meta":{"rank_math_lock_modified_date":false,"footnotes":""},"categories":[76],"tags":[4326,7468,2616],"class_list":["post-118681","post","type-post","status-publish","format-standard","has-post-thumbnail","hentry","category-magazin","tag-ferdi-tayfur","tag-hakan-tamguc","tag-tugce-tayfur"],"_links":{"self":[{"href":"https:\/\/www.tgrthaber.com\/mavikadin\/wp-json\/wp\/v2\/posts\/118681"}],"collection":[{"href":"https:\/\/www.tgrthaber.com\/mavikadin\/wp-json\/wp\/v2\/posts"}],"about":[{"href":"https:\/\/www.tgrthaber.com\/mavikadin\/wp-json\/wp\/v2\/types\/post"}],"author":[{"embeddable":true,"href":"https:\/\/www.tgrthaber.com\/mavikadin\/wp-json\/wp\/v2\/users\/5"}],"replies":[{"embeddable":true,"href":"https:\/\/www.tgrthaber.com\/mavikadin\/wp-json\/wp\/v2\/comments?post=118681"}],"version-history":[{"count":1,"href":"https:\/\/www.tgrthaber.com\/mavikadin\/wp-json\/wp\/v2\/posts\/118681\/revisions"}],"predecessor-version":[{"id":118687,"href":"https:\/\/www.tgrthaber.com\/mavikadin\/wp-json\/wp\/v2\/posts\/118681\/revisions\/118687"}],"wp:featuredmedia":[{"embeddable":true,"href":"https:\/\/www.tgrthaber.com\/mavikadin\/wp-json\/wp\/v2\/media\/118689"}],"wp:attachment":[{"href":"https:\/\/www.tgrthaber.com\/mavikadin\/wp-json\/wp\/v2\/media?parent=118681"}],"wp:term":[{"taxonomy":"category","embeddable":true,"href":"https:\/\/www.tgrthaber.com\/mavikadin\/wp-json\/wp\/v2\/categories?post=118681"},{"taxonomy":"post_tag","embeddable":true,"href":"https:\/\/www.tgrthaber.com\/mavikadin\/wp-json\/wp\/v2\/tags?post=118681"}],"curies":[{"name":"wp","href":"https:\/\/api.w.org\/{rel}","templated":true}]}}