{"id":118717,"date":"2025-01-08T15:00:33","date_gmt":"2025-01-08T12:00:33","guid":{"rendered":"https:\/\/www.tgrthaber.com\/mavikadin\/?p=118717"},"modified":"2025-01-24T09:38:17","modified_gmt":"2025-01-24T06:38:17","slug":"ayse-barim-olayi-ne-sosyal-medyayi-sallayan-iddialar","status":"publish","type":"post","link":"https:\/\/www.tgrthaber.com\/mavikadin\/ayse-barim-olayi-ne-sosyal-medyayi-sallayan-iddialar\/","title":{"rendered":"Ay\u015fe Bar\u0131m olay\u0131 ne? Sosyal medyay\u0131 sallayan iddialar"},"content":{"rendered":"<p>ID ajans\u0131 sahibi Ay\u015fe Bar\u0131m ile ilgili magazin d\u00fcnyas\u0131nda ortal\u0131\u011f\u0131 kar\u0131\u015ft\u0131racak haberler ortaya \u00e7\u0131kar\u0131ld\u0131. Ay\u015fe Bar\u0131m\u2019\u0131n \u00fcnl\u00fc bir erkek sanat\u00e7\u0131n\u0131n sevgilisinden 5 milyon dolar ald\u0131\u011f\u0131 iddialar\u0131 sosyal medyada konu\u015fuluyor. Bu olay\u0131n ard\u0131ndan hem Ay\u015fe Bar\u0131m ile ilgili hem de menarjerlik yapan ki\u015filer hakk\u0131nda soru\u015fturma i\u015flemleri yap\u0131lmaya ba\u015fland\u0131.<\/p>\n<h3>AY\u015eE BARIM GEZ\u0130 PARKI OLAYI NED\u0130R?<\/h3>\n<p>ID Dan\u0131\u015fmanl\u0131k Limited \u015eirketi\u2019nin kurucusu ve orta\u011f\u0131 olan menajer Ay\u015fe Bar\u0131m hakk\u0131nda bir yeni geli\u015fme daha ya\u015fand\u0131. Son zamanlarda gerek sosyal medyada gerekse magazin d\u00fcnyas\u0131nda ad\u0131n\u0131 s\u0131k\u00e7a duydu\u011fumuz Bar\u0131m hakk\u0131nda, \u201cGezi Park\u0131 olaylar\u0131na i\u015ftirak etti\u011fi\u201d iddias\u0131yla soru\u015fturma a\u00e7\u0131ld\u0131. Bar\u0131m, \u201cT\u00fcrkiye Cumhuriyeti\u2019ni ortadan kald\u0131rmaya veya g\u00f6revini yapmas\u0131n\u0131 engellemeye te\u015febb\u00fcs etme\u201d su\u00e7lamalar\u0131yla g\u00f6zalt\u0131na al\u0131nd\u0131.<\/p>\n<p><img loading=\"lazy\" decoding=\"async\" class=\"alignnone wp-image-125195\" src=\"https:\/\/www.tgrthaber.com\/mavikadin\/wp-content\/uploads\/Adsiz-tasarim-18-29-1024x576.jpg\" alt=\"Ay\u015fe Bar\u0131m gezi olaylar\u0131\" width=\"1208\" height=\"680\" title=\"\" srcset=\"https:\/\/www.tgrthaber.com\/mavikadin\/wp-content\/uploads\/Adsiz-tasarim-18-29-1024x576.jpg 1024w, https:\/\/www.tgrthaber.com\/mavikadin\/wp-content\/uploads\/Adsiz-tasarim-18-29-300x169.jpg 300w, https:\/\/www.tgrthaber.com\/mavikadin\/wp-content\/uploads\/Adsiz-tasarim-18-29-768x432.jpg 768w, https:\/\/www.tgrthaber.com\/mavikadin\/wp-content\/uploads\/Adsiz-tasarim-18-29-1536x864.jpg 1536w, https:\/\/www.tgrthaber.com\/mavikadin\/wp-content\/uploads\/Adsiz-tasarim-18-29.jpg 1600w\" sizes=\"(max-width: 1208px) 100vw, 1208px\" \/><\/p>\n<hr \/>\n<p>Son zamanlarda ad\u0131n\u0131 s\u0131k\u00e7a duydu\u011fumuz Ay\u015fe Bar\u0131m hakk\u0131nda Gezi Park\u0131 olaylar\u0131na i\u015ftirak etti\u011fine dair yaz\u0131l\u0131 ve g\u00f6rsel bas\u0131nda yer alan iddialar nedeniyle resen soru\u015fturma a\u00e7\u0131ld\u0131. Daha sonra g\u00f6zalt\u0131na al\u0131nan Bar\u0131m hakk\u0131nda, \u0130stanbul Cumhuriyet Ba\u015fsavc\u0131l\u0131\u011f\u0131\u2019ndan yap\u0131lan a\u00e7\u0131klamada, Ay\u015fe Bar\u0131m\u2019\u0131n Gezi davas\u0131 san\u0131klar\u0131ndan Mehmet Osman Kavala, \u00c7i\u011fdem Mater Utku ve Mehmet Ali Alabora ile olaylarla ilgili yo\u011fun ileti\u015fiminin oldu\u011fu tespit edildi. Ayr\u0131ca Bar\u0131m\u2019\u0131n \u015firketinin b\u00fcnyesindeki sanat\u00e7\u0131lar\u0131 Gezi Park\u0131 olaylar\u0131na kat\u0131lmas\u0131 i\u00e7in y\u00f6nlendirdi\u011fi iddia edildi. Bununla beraber Gezi Park\u0131 olaylar\u0131nda hangi sanat\u00e7\u0131lar\u0131n bulundu\u011fu da merak edilenler aras\u0131nda yer ald\u0131. Polis ekipleri, Bar\u0131m\u2019\u0131n evinde ve i\u015f yerinde de arama yap\u0131yor.<\/p>\n<p><img loading=\"lazy\" decoding=\"async\" class=\"alignnone wp-image-125199\" src=\"https:\/\/www.tgrthaber.com\/mavikadin\/wp-content\/uploads\/Adsiz-tasarim-19-26-1024x576.jpg\" alt=\"Ay\u015fe Bar\u0131m gezi olaylar\u0131\" width=\"1208\" height=\"680\" title=\"\" srcset=\"https:\/\/www.tgrthaber.com\/mavikadin\/wp-content\/uploads\/Adsiz-tasarim-19-26-1024x576.jpg 1024w, https:\/\/www.tgrthaber.com\/mavikadin\/wp-content\/uploads\/Adsiz-tasarim-19-26-300x169.jpg 300w, https:\/\/www.tgrthaber.com\/mavikadin\/wp-content\/uploads\/Adsiz-tasarim-19-26-768x432.jpg 768w, https:\/\/www.tgrthaber.com\/mavikadin\/wp-content\/uploads\/Adsiz-tasarim-19-26-1536x864.jpg 1536w, https:\/\/www.tgrthaber.com\/mavikadin\/wp-content\/uploads\/Adsiz-tasarim-19-26.jpg 1600w\" sizes=\"(max-width: 1208px) 100vw, 1208px\" \/><\/p>\n<hr \/>\n<h3>BA\u015eSAVCILIKTAN AY\u015eE BARIM A\u00c7IKLAMASI!<\/h3>\n<p>Son zamanlarda ad\u0131ndan s\u0131k\u00e7a s\u00f6z ettiren Ay\u015fe Bar\u0131m, g\u00f6zalt\u0131na al\u0131nd\u0131. Ba\u015fsavc\u0131l\u0131ktan gelen a\u00e7\u0131klamada ise \u201c\u015e\u00fcpheli hakk\u0131ndaki analiz \u00e7al\u0131\u015fmalar\u0131nda Gezi Park\u0131 olaylar\u0131n\u0131n ba\u015flang\u0131\u00e7 tarihi aral\u0131\u011f\u0131nda sahibi oldu\u011fu ID \u0130leti\u015fim Dan\u0131\u015fmanl\u0131k A.\u015e. isimli firmas\u0131na ba\u011fl\u0131 sanat\u00e7\u0131larla 29\/05\/2013-02\/06\/2013 tarihleri aras\u0131nda yapt\u0131\u011f\u0131 g\u00f6r\u00fc\u015fmelerde sanat\u00e7\u0131lar\u0131 Gezi Park\u0131 olaylar\u0131na kat\u0131lmas\u0131 i\u00e7in y\u00f6nlendirdi\u011fi, ayr\u0131ca bizzat kendisinin de firmas\u0131na ba\u011fl\u0131 sanat\u00e7\u0131larla birlikte olaylara kat\u0131ld\u0131\u011f\u0131 belirlendi. Olaylar\u0131n planlay\u0131c\u0131lar\u0131ndan oldu\u011fu belirlenen Emine Ay\u015fe Bar\u0131m, \u2018T\u00fcrkiye\u00a0Cumhuriyeti H\u00fck\u00fcmetini Ortadan Kald\u0131rmaya veya G\u00f6revini Yapmas\u0131n\u0131 Engellemeye Te\u015febb\u00fcs Etme&#8217; su\u00e7undan g\u00f6zalt\u0131na al\u0131nm\u0131\u015ft\u0131r.&#8221; ifadelerine yer verildi.<\/p>\n<h3>D\u0130NLEMEYEN\u0130 P\u0130YASADAN S\u0130L\u0130YOR \u0130DD\u0130ASI<\/h3>\n<p>ID ajans\u0131 sahibi Ay\u015fe Bar\u0131m, himayesinde \u00e7al\u0131\u015fan \u00fcnl\u00fcleri, oyuncular\u0131 kendisini dinlemedi\u011fi takdirde piyasadan silece\u011fine dair iddialarda bulundu\u011funa dair s\u00f6ylemler yer al\u0131yor. Yaln\u0131zca kendi istedi\u011fi ki\u015filerin \u00f6n\u00fcn\u00fc a\u00e7t\u0131\u011f\u0131n\u0131, onun istediklerini yerine getirmeyen ki\u015filerin ise televizyon ve sinema sekt\u00f6r\u00fcnde yer almamas\u0131 i\u00e7in elinden gelen her \u015feyi yapt\u0131\u011f\u0131 iddia ediliyor.<\/p>\n<p><img loading=\"lazy\" decoding=\"async\" class=\"alignnone wp-image-118696\" src=\"https:\/\/www.tgrthaber.com\/mavikadin\/wp-content\/uploads\/Ayse-Barim-1-1-300x169.jpg\" alt=\"Ay\u015fe-Bar\u0131m-1\" width=\"1208\" height=\"680\" title=\"\" srcset=\"https:\/\/www.tgrthaber.com\/mavikadin\/wp-content\/uploads\/Ayse-Barim-1-1-300x169.jpg 300w, https:\/\/www.tgrthaber.com\/mavikadin\/wp-content\/uploads\/Ayse-Barim-1-1-1024x576.jpg 1024w, https:\/\/www.tgrthaber.com\/mavikadin\/wp-content\/uploads\/Ayse-Barim-1-1-768x432.jpg 768w, https:\/\/www.tgrthaber.com\/mavikadin\/wp-content\/uploads\/Ayse-Barim-1-1-1536x864.jpg 1536w, https:\/\/www.tgrthaber.com\/mavikadin\/wp-content\/uploads\/Ayse-Barim-1-1.jpg 1600w\" sizes=\"(max-width: 1208px) 100vw, 1208px\" \/><\/p>\n<hr \/>\n<h3>AY\u015eE BARIM OLAYI NED\u0130R?<\/h3>\n<p>Y\u00f6netmen ve yazar Ali Ayayd\u0131n\u2019\u0131n sosyal medyas\u0131nda payla\u015f\u0131mlar\u0131 do\u011frultusunda ID Ajans\u0131 b\u00fcnyesinde yap\u0131lan olay g\u00fcn y\u00fcz\u00fcne \u00e7\u0131kar\u0131ld\u0131. ID ajans\u0131n\u0131n sahibi Ay\u015fe Bar\u0131m\u2019\u0131n ad\u0131 da yer ald\u0131\u011f\u0131 olay sosyal medyada b\u00fcy\u00fck g\u00fcndem oldu.<\/p>\n<p>Y\u00f6netmen ve Yazar Ali Ayayd\u0131n, sosyal medyas\u0131nda yapt\u0131\u011f\u0131 a\u00e7\u0131klamada \u015fu s\u00f6zlere yer verdi.<\/p>\n<p><strong>\u201cK\u00fclt\u00fcr Bakanl\u0131\u011f\u0131 ve Sinema Genel M\u00fcd\u00fcrl\u00fc\u011f\u00fc\u2019n\u00fc de bu olaya m\u00fcdahil bir hale getirece\u011fim. \u00c7\u00fcnk\u00fc bu korkun\u00e7 d\u00fczeni yasalarla sonland\u0131rmak zorunday\u0131z. Aksi mobing ve s\u00f6m\u00fcr\u00fc olarak bize geri d\u00f6n\u00fcyor. Hem de daha zalim bir \u015fekilde. SN. Onur G\u00fcvenatam da Star tv\u2019ye tek ba\u015f\u0131na h\u00fckmetme hakk\u0131n\u0131 kimin ya da kimlerin verdi\u011fini mahkemede anlat\u0131r herhalde. Biliyorsunuz Atiye\u2019de bir i\u015f\u00e7i \u00f6ld\u00fc ve Onur G\u00fcvenatam mahkeme taraf\u0131ndan su\u00e7lu bulundu. Ve 2 y\u0131la ceza ald\u0131. Bu ceza paraya \u00e7evrildi. 25 ya\u015f\u0131nda bir i\u015f\u00e7i \u00f6ld\u00fc. Dizinin ad\u0131 Atiye yapan OMG Medya. Tabii ki bir Netflix projesi.&#8221;<\/strong><\/p>\n<p><img loading=\"lazy\" decoding=\"async\" class=\"alignnone wp-image-118726\" src=\"https:\/\/www.tgrthaber.com\/mavikadin\/wp-content\/uploads\/ayse-barim-olayi-nedir-300x169.jpg\" alt=\"ay\u015fe bar\u0131m olay\u0131 nedir\" width=\"1208\" height=\"680\" title=\"\" srcset=\"https:\/\/www.tgrthaber.com\/mavikadin\/wp-content\/uploads\/ayse-barim-olayi-nedir-300x169.jpg 300w, https:\/\/www.tgrthaber.com\/mavikadin\/wp-content\/uploads\/ayse-barim-olayi-nedir-1024x576.jpg 1024w, https:\/\/www.tgrthaber.com\/mavikadin\/wp-content\/uploads\/ayse-barim-olayi-nedir-768x432.jpg 768w, https:\/\/www.tgrthaber.com\/mavikadin\/wp-content\/uploads\/ayse-barim-olayi-nedir-1536x864.jpg 1536w, https:\/\/www.tgrthaber.com\/mavikadin\/wp-content\/uploads\/ayse-barim-olayi-nedir.jpg 1920w\" sizes=\"(max-width: 1208px) 100vw, 1208px\" \/><\/p>\n<hr \/>\n<h3>\u201cID TERC\u0130HLER\u0130 \u0130LE BEL\u0130RLEN\u0130YOR\u201d<\/h3>\n<p>Y\u00f6netmen ve Yazar Ali Ayayd\u0131n, konu ile a\u00e7\u0131klamalar\u0131na \u015fu s\u00f6zlerle devam etti.<\/p>\n<p><strong>\u201cNetflix OMG Medya gibi yap\u0131m \u015firketleriyle paket anla\u015fmalar yap\u0131yor. Sekt\u00f6rdeki k\u00fc\u00e7\u00fck yap\u0131mc\u0131lar, y\u00f6netmenler, yazarlar ve oyuncular asla Netflix\u2019in kap\u0131s\u0131ndan giremiyor. B\u00f6yle bir paket anla\u015fma Netflix Almanya\u2019da Fransa\u2019da yap\u0131labilir mi? Sizi hukuki olarak \u00f6yle peri\u015fan bir hale getirirler ki \u00f6n\u00fcn\u00fcz\u00fc g\u00f6remezsiniz ama T\u00fcrkiye\u2019de de yap\u0131yorlar. Savc\u0131l\u0131\u011fa verece\u011fim dilek\u00e7e de bunlarda yazacak. Sn. Pelin Di\u015fta\u015f\u2019la Sn. Ay\u015fe Bar\u0131m da \u00e7ok yak\u0131n arkada\u015f olduklar\u0131 i\u00e7in genelde ba\u015frollerde ID\u2019in tercihleriyle belirleniyor. Kendi menajerlik \u015firketinde bile oyuncular aras\u0131nda haks\u0131zl\u0131k yapanlar size bana ne yapmaz.\u201d<\/strong><\/p>\n<p><img loading=\"lazy\" decoding=\"async\" class=\"alignnone wp-image-118727\" src=\"https:\/\/www.tgrthaber.com\/mavikadin\/wp-content\/uploads\/ayse-barim-olayi-1-300x169.jpg\" alt=\"ay\u015fe bar\u0131m olay\u0131 1\" width=\"1208\" height=\"680\" title=\"\" srcset=\"https:\/\/www.tgrthaber.com\/mavikadin\/wp-content\/uploads\/ayse-barim-olayi-1-300x169.jpg 300w, https:\/\/www.tgrthaber.com\/mavikadin\/wp-content\/uploads\/ayse-barim-olayi-1-1024x576.jpg 1024w, https:\/\/www.tgrthaber.com\/mavikadin\/wp-content\/uploads\/ayse-barim-olayi-1-768x432.jpg 768w, https:\/\/www.tgrthaber.com\/mavikadin\/wp-content\/uploads\/ayse-barim-olayi-1-1536x864.jpg 1536w, https:\/\/www.tgrthaber.com\/mavikadin\/wp-content\/uploads\/ayse-barim-olayi-1.jpg 1920w\" sizes=\"(max-width: 1208px) 100vw, 1208px\" \/><\/p>\n<hr \/>\n<h3>&#8220;HUKUK TANIMAZLI\u011eINIZ S\u0130Z\u0130N OLSUN!&#8221;<\/h3>\n<p>Sosyal medyada geli\u015fen Ay\u015fe Bar\u0131m olay\u0131yla ilgili geli\u015fmeler ve iddialar g\u00fcn y\u00fcz\u00fcne \u00e7\u0131kmaya devam ederken, Yazar ve Y\u00f6netmen Ali Ayayd\u0131n, geli\u015fen bu olayla ilgili sosyal medyas\u0131ndan son kez \u015funlar\u0131 payla\u015ft\u0131. <strong>&#8220;Nas\u0131l da haysiyetsizce, onursuzca, hukuksuzca \u00e7etele\u015fmi\u015fsiniz! B\u00fct\u00fcn bu rezillikleri bilip de susan kim varsa onlarla da muhatap olmak istemiyorum. Benden uzak durun, \u00e7\u00fcnk\u00fc onurumla ya\u015famaktan ba\u015fka gayem yok. Paran\u0131z, sahtekarl\u0131\u011f\u0131n\u0131z, hukuk tan\u0131mazl\u0131\u011f\u0131n\u0131z sizin olsun!&#8221;\u00a0<\/strong><\/p>\n<p><img loading=\"lazy\" decoding=\"async\" class=\"alignnone wp-image-118730\" src=\"https:\/\/www.tgrthaber.com\/mavikadin\/wp-content\/uploads\/ayse-barim-olayina-unlu-isimlerde-katildi-300x169.jpg\" alt=\"ay\u015fe bar\u0131m olay\u0131na \u00fcnl\u00fc isimlerde kat\u0131ld\u0131\" width=\"1208\" height=\"680\" title=\"\" srcset=\"https:\/\/www.tgrthaber.com\/mavikadin\/wp-content\/uploads\/ayse-barim-olayina-unlu-isimlerde-katildi-300x169.jpg 300w, https:\/\/www.tgrthaber.com\/mavikadin\/wp-content\/uploads\/ayse-barim-olayina-unlu-isimlerde-katildi-1024x576.jpg 1024w, https:\/\/www.tgrthaber.com\/mavikadin\/wp-content\/uploads\/ayse-barim-olayina-unlu-isimlerde-katildi-768x432.jpg 768w, https:\/\/www.tgrthaber.com\/mavikadin\/wp-content\/uploads\/ayse-barim-olayina-unlu-isimlerde-katildi-1536x864.jpg 1536w, https:\/\/www.tgrthaber.com\/mavikadin\/wp-content\/uploads\/ayse-barim-olayina-unlu-isimlerde-katildi.jpg 1920w\" sizes=\"(max-width: 1208px) 100vw, 1208px\" \/><\/p>\n<hr \/>\n<h3>YE\u015e\u0130M SALKIM, FARAH ZEYNEP ABDULLAH SESS\u0130Z KALMADI!<\/h3>\n<p>G\u00fcndeme bomba gibi d\u00fc\u015fen Ay\u015fe Bar\u0131m olay\u0131yla ilgili Ye\u015fim Salk\u0131m, Farah Zeynep Abdullah gibi sanat\u00e7\u0131larda sessiz kalmad\u0131. Ye\u015fim Salk\u0131m olayla ilgili sosyal medyas\u0131nda \u201c benim hi\u00e7\u00e7\u00e7 \u015fa\u015fmad\u0131 niyeyse!!!\u201d diyerek payla\u015f\u0131m yaparken, Farah Zeynep Abdullah, \u201chadi bakal\u0131m kolay gelsin\u201d diyerek olayla olay\u0131 do\u011frular nitelikte payla\u015f\u0131m yapt\u0131lar.<\/p>\n<p>&nbsp;<\/p>\n","protected":false},"excerpt":{"rendered":"<p>Sosyal medyada ortaya \u00e7\u0131kan Ay\u015fe Bar\u0131m olay\u0131 hakk\u0131nda iddialar ortal\u0131\u011f\u0131 kar\u0131\u015ft\u0131rd\u0131. Bir\u00e7ok \u00fcnl\u00fc isme menajerlik yapan ve ID ajans\u0131 sahibi Ay\u015fe Bar\u0131m hakk\u0131nda \u015fa\u015f\u0131rt\u0131c\u0131 spek\u00fclasyonlar ortaya at\u0131ld\u0131. <\/p>\n","protected":false},"author":10,"featured_media":118725,"comment_status":"closed","ping_status":"closed","sticky":false,"template":"","format":"standard","meta":{"rank_math_lock_modified_date":false,"footnotes":""},"categories":[76],"tags":[7462,8956,7477],"class_list":["post-118717","post","type-post","status-publish","format-standard","has-post-thumbnail","hentry","category-magazin","tag-ayse-barim","tag-ayse-barim-gezi-parki","tag-ayse-barim-olayi"],"_links":{"self":[{"href":"https:\/\/www.tgrthaber.com\/mavikadin\/wp-json\/wp\/v2\/posts\/118717"}],"collection":[{"href":"https:\/\/www.tgrthaber.com\/mavikadin\/wp-json\/wp\/v2\/posts"}],"about":[{"href":"https:\/\/www.tgrthaber.com\/mavikadin\/wp-json\/wp\/v2\/types\/post"}],"author":[{"embeddable":true,"href":"https:\/\/www.tgrthaber.com\/mavikadin\/wp-json\/wp\/v2\/users\/10"}],"replies":[{"embeddable":true,"href":"https:\/\/www.tgrthaber.com\/mavikadin\/wp-json\/wp\/v2\/comments?post=118717"}],"version-history":[{"count":6,"href":"https:\/\/www.tgrthaber.com\/mavikadin\/wp-json\/wp\/v2\/posts\/118717\/revisions"}],"predecessor-version":[{"id":125200,"href":"https:\/\/www.tgrthaber.com\/mavikadin\/wp-json\/wp\/v2\/posts\/118717\/revisions\/125200"}],"wp:featuredmedia":[{"embeddable":true,"href":"https:\/\/www.tgrthaber.com\/mavikadin\/wp-json\/wp\/v2\/media\/118725"}],"wp:attachment":[{"href":"https:\/\/www.tgrthaber.com\/mavikadin\/wp-json\/wp\/v2\/media?parent=118717"}],"wp:term":[{"taxonomy":"category","embeddable":true,"href":"https:\/\/www.tgrthaber.com\/mavikadin\/wp-json\/wp\/v2\/categories?post=118717"},{"taxonomy":"post_tag","embeddable":true,"href":"https:\/\/www.tgrthaber.com\/mavikadin\/wp-json\/wp\/v2\/tags?post=118717"}],"curies":[{"name":"wp","href":"https:\/\/api.w.org\/{rel}","templated":true}]}}