{"id":118735,"date":"2025-01-08T15:24:48","date_gmt":"2025-01-08T12:24:48","guid":{"rendered":"https:\/\/www.tgrthaber.com\/mavikadin\/?p=118735"},"modified":"2025-01-08T15:24:49","modified_gmt":"2025-01-08T12:24:49","slug":"sakir-pasa-neden-olduruldu-sarsici-hayat-hikayesi","status":"publish","type":"post","link":"https:\/\/www.tgrthaber.com\/mavikadin\/sakir-pasa-neden-olduruldu-sarsici-hayat-hikayesi\/","title":{"rendered":"\u015eakir Pa\u015fa neden \u00f6ld\u00fcr\u00fcld\u00fc? Sars\u0131c\u0131 hayat hikayesi"},"content":{"rendered":"<p>\u015eakir Pa\u015fa neden \u00f6ld\u00fcr\u00fcld\u00fc? merak konusu oldu. \u015eakir Pa\u015fa Ailesi: Mucizeler ve Skandallar dizisinde b\u00f6l\u00fcm sonlar\u0131nda Cevat \u015eakir Kabaa\u011fa\u00e7l\u0131&#8217;n\u0131n babas\u0131n\u0131 \u00f6ld\u00fcrd\u00fc\u011f\u00fc iddia ediliyor.<\/p>\n<h3>\u015eAK\u0130R PA\u015eA NEDEN \u00d6LD\u00dcR\u00dcLD\u00dc?<\/h3>\n<p>Halikarnas Bal\u0131k\u00e7\u0131s\u0131 mahlas\u0131yla tan\u0131nan Cevat \u015eakir Kabaa\u011fa\u00e7l\u0131&#8217;n\u0131n babas\u0131n\u0131 neden \u00f6ld\u00fcrd\u00fc\u011f\u00fc merak konusu oldu. Cevat \u015eakir&#8217;in silah\u0131ndan \u00e7\u0131kan kur\u015funla babas\u0131n\u0131n \u00f6lmesi \u00fczerine cinayet iddias\u0131yla yarg\u0131land\u0131. 15 y\u0131l k\u00fcrek cezas\u0131na \u00e7arpt\u0131r\u0131lan Cevat \u015eakir Kabaa\u011fa\u00e7l\u0131 cezas\u0131n\u0131 7 y\u0131l \u00e7ektikten sonra verem hastal\u0131\u011f\u0131ndan dolay\u0131 tahliye edildi.<\/p>\n<p><img loading=\"lazy\" decoding=\"async\" class=\"alignnone wp-image-118739\" src=\"https:\/\/www.tgrthaber.com\/mavikadin\/wp-content\/uploads\/Cevat-SAkir-2.jpg\" alt=\"\" width=\"1208\" height=\"680\" title=\"\" srcset=\"https:\/\/www.tgrthaber.com\/mavikadin\/wp-content\/uploads\/Cevat-SAkir-2.jpg 1600w, https:\/\/www.tgrthaber.com\/mavikadin\/wp-content\/uploads\/Cevat-SAkir-2-300x169.jpg 300w, https:\/\/www.tgrthaber.com\/mavikadin\/wp-content\/uploads\/Cevat-SAkir-2-1024x576.jpg 1024w, https:\/\/www.tgrthaber.com\/mavikadin\/wp-content\/uploads\/Cevat-SAkir-2-768x432.jpg 768w, https:\/\/www.tgrthaber.com\/mavikadin\/wp-content\/uploads\/Cevat-SAkir-2-1536x864.jpg 1536w\" sizes=\"(max-width: 1208px) 100vw, 1208px\" \/><\/p>\n<hr \/>\n<p>Cezas\u0131n\u0131 7 y\u0131l \u00e7ektikten sonra Kabaa\u011fa\u00e7l\u0131, serbest b\u0131rak\u0131ld\u0131. Serbest kald\u0131ktan sonra \u0130stanbul\u2019a d\u00f6nen yazar bas\u0131n d\u00fcnyas\u0131na girdi. \u00a0Ard\u0131ndan &#8220;G\u00fclery\u00fcz&#8221;, &#8220;Yeni \u0130nci&#8221;, &#8220;Resimli Gazete&#8221;, &#8220;Resimli Hafta&#8221;, &#8220;Z\u00fcmr\u00fcd-i Anka&#8221;, &#8220;Resimli Ay&#8221; adl\u0131 dergilerde yaz\u0131lar yazd\u0131. Kapak resimleri ve karikat\u00fcr \u00e7izimleri de yapt\u0131.<\/p>\n<h3>HAL\u0130KARNAS BALIK\u00c7ISI K\u0130MD\u0130R?<\/h3>\n<p>Halikarnas Bal\u0131k\u00e7\u0131s\u0131 Mehmet \u015eakir Pa\u015fa\u2019n\u0131n o\u011flu Cevat \u015eakir Kabaa\u011fa\u00e7l\u0131&#8217;d\u0131r. 1914 y\u0131l\u0131nda Cevat \u015eakir Kabaa\u011fa\u00e7l\u0131 babas\u0131 \u015eakir Pa\u015fay\u0131 gittikleri \u00e7iftlikte silahla vurarak \u00f6ld\u00fcrm\u00fc\u015ft\u00fcr.<\/p>\n<p><img loading=\"lazy\" decoding=\"async\" class=\"alignnone wp-image-118742\" src=\"https:\/\/www.tgrthaber.com\/mavikadin\/wp-content\/uploads\/Cevat-SAkir-1.jpg\" alt=\"\" width=\"1208\" height=\"680\" title=\"\" srcset=\"https:\/\/www.tgrthaber.com\/mavikadin\/wp-content\/uploads\/Cevat-SAkir-1.jpg 1600w, https:\/\/www.tgrthaber.com\/mavikadin\/wp-content\/uploads\/Cevat-SAkir-1-300x169.jpg 300w, https:\/\/www.tgrthaber.com\/mavikadin\/wp-content\/uploads\/Cevat-SAkir-1-1024x576.jpg 1024w, https:\/\/www.tgrthaber.com\/mavikadin\/wp-content\/uploads\/Cevat-SAkir-1-768x432.jpg 768w, https:\/\/www.tgrthaber.com\/mavikadin\/wp-content\/uploads\/Cevat-SAkir-1-1536x864.jpg 1536w\" sizes=\"(max-width: 1208px) 100vw, 1208px\" \/><\/p>\n<hr \/>\n<h3>\u015eAK\u0130R PA\u015eA&#8217;NIN A\u0130LES\u0130 H\u0130KAYES\u0130 NED\u0130R?<\/h3>\n<p>\u015eakir Pa\u015fa ailesi B\u00fcy\u00fckada&#8217;ya yerle\u015fen ilk T\u00fcrk ailesidir. \u015eakir Pa\u015fa evini su ve elektrik \u015febekesi bulunmayan bir yerde kurmas\u0131na ra\u011fmen imkanlar\u0131 kendi \u00e7abas\u0131yla olu\u015fturdu.<\/p>\n<p>\u015eakir Pa\u015fa hem k\u0131z hem erkek \u00e7ocuklar\u0131n\u0131n modern, bat\u0131l\u0131 bir \u015fekilde e\u011fitim almas\u0131n\u0131 sa\u011flad\u0131. Pa\u015fa ayr\u0131ca bilime, k\u00fclt\u00fcre ve resim sanat\u0131na olan ilgisiyle tan\u0131n\u0131rd\u0131.<\/p>\n<p>&nbsp;<\/p>\n","protected":false},"excerpt":{"rendered":"<p>\u015eakir Pa\u015fa neden \u00f6ld\u00fcr\u00fcld\u00fc? ara\u015ft\u0131r\u0131lmaya ba\u015fland\u0131. Halikarnas Bal\u0131k\u00e7\u0131s\u0131 mahlas\u0131yla bilinen Cevat \u015eakir Kabaa\u011fa\u00e7l\u0131&#8217;n\u0131n babas\u0131n\u0131 neden \u00f6ld\u00fcrd\u00fc\u011f\u00fc ve ya\u015fam\u0131 merak konusu oldu.<\/p>\n","protected":false},"author":5,"featured_media":118744,"comment_status":"closed","ping_status":"closed","sticky":false,"template":"","format":"standard","meta":{"rank_math_lock_modified_date":false,"footnotes":""},"categories":[76],"tags":[3658,3378,4510],"class_list":["post-118735","post","type-post","status-publish","format-standard","has-post-thumbnail","hentry","category-magazin","tag-cevat-sakir-kabaagacli","tag-halikarnas-balikcisi","tag-sakir-pasa"],"_links":{"self":[{"href":"https:\/\/www.tgrthaber.com\/mavikadin\/wp-json\/wp\/v2\/posts\/118735"}],"collection":[{"href":"https:\/\/www.tgrthaber.com\/mavikadin\/wp-json\/wp\/v2\/posts"}],"about":[{"href":"https:\/\/www.tgrthaber.com\/mavikadin\/wp-json\/wp\/v2\/types\/post"}],"author":[{"embeddable":true,"href":"https:\/\/www.tgrthaber.com\/mavikadin\/wp-json\/wp\/v2\/users\/5"}],"replies":[{"embeddable":true,"href":"https:\/\/www.tgrthaber.com\/mavikadin\/wp-json\/wp\/v2\/comments?post=118735"}],"version-history":[{"count":2,"href":"https:\/\/www.tgrthaber.com\/mavikadin\/wp-json\/wp\/v2\/posts\/118735\/revisions"}],"predecessor-version":[{"id":118749,"href":"https:\/\/www.tgrthaber.com\/mavikadin\/wp-json\/wp\/v2\/posts\/118735\/revisions\/118749"}],"wp:featuredmedia":[{"embeddable":true,"href":"https:\/\/www.tgrthaber.com\/mavikadin\/wp-json\/wp\/v2\/media\/118744"}],"wp:attachment":[{"href":"https:\/\/www.tgrthaber.com\/mavikadin\/wp-json\/wp\/v2\/media?parent=118735"}],"wp:term":[{"taxonomy":"category","embeddable":true,"href":"https:\/\/www.tgrthaber.com\/mavikadin\/wp-json\/wp\/v2\/categories?post=118735"},{"taxonomy":"post_tag","embeddable":true,"href":"https:\/\/www.tgrthaber.com\/mavikadin\/wp-json\/wp\/v2\/tags?post=118735"}],"curies":[{"name":"wp","href":"https:\/\/api.w.org\/{rel}","templated":true}]}}