{"id":118848,"date":"2025-01-08T19:37:30","date_gmt":"2025-01-08T16:37:30","guid":{"rendered":"https:\/\/www.tgrthaber.com\/mavikadin\/?p=118848"},"modified":"2025-01-08T19:37:30","modified_gmt":"2025-01-08T16:37:30","slug":"yali-capkini-dizisine-bomba-transfer-armagan-oguz-karan-ile-geliyor","status":"publish","type":"post","link":"https:\/\/www.tgrthaber.com\/mavikadin\/yali-capkini-dizisine-bomba-transfer-armagan-oguz-karan-ile-geliyor\/","title":{"rendered":"Yal\u0131 \u00c7apk\u0131n\u0131 dizisine bomba transfer! Arma\u011fan O\u011fuz Karan ile geliyor"},"content":{"rendered":"<p>Star TV&#8217;de \u00fc\u00e7 sezondur izleyicilerle bulu\u015fan Yal\u0131 \u00c7apk\u0131n\u0131 dizisinin yeni b\u00f6l\u00fcm\u00fc, bu hafta cuma ak\u015fam\u0131 ekranlarda olacak. Diziye \u00fcnl\u00fc bir ismin daha dahil olaca\u011f\u0131 konu\u015fulurken, Arma\u011fan O\u011fuz&#8217;un Karan karakteri ile transfer haberi do\u011fruland\u0131.<\/p>\n<h3>YALI \u00c7APKINI D\u0130Z\u0130S\u0130NE BOMBA TRANSFER! ARMA\u011eAN O\u011eUZ KARAN \u0130LE GEL\u0130YOR<\/h3>\n<p>Yal\u0131 \u00c7apk\u0131n\u0131 dizisinin ge\u00e7en y\u0131l yay\u0131nlanan final b\u00f6l\u00fcm\u00fcnde ekrana yans\u0131yan Ferit (Mert Ramazan Demir) ve Suna (Beril Pozam) aras\u0131ndaki samimiyeti, izleyicileri \u015fa\u015fk\u0131na \u00e7evirmi\u015fti. Sahnenin bir r\u00fcya oldu\u011fu d\u00fc\u015f\u00fcn\u00fclse de bu samimiyetin ger\u00e7ek oldu\u011fu ve Ferit\u2019in bu b\u00fcy\u00fck yanl\u0131\u015f\u0131ndan dolay\u0131 derin bir pi\u015fmanl\u0131k ya\u015fayaca\u011f\u0131 \u00f6\u011frenildi.<\/p>\n<hr \/>\n<p>Di\u011fer yandan, diziye Karan adl\u0131 karakter kat\u0131ld\u0131. Abidin\u2019in annesi, B\u00fcy\u00fck Han\u0131m\u2019\u0131n o\u011flu olan Karan\u2019\u0131, deneyimli oyuncu Arma\u011fan O\u011fuz oynuyor. Tehlikeli bir fig\u00fcr olan Karan, Korhan ailesine kar\u015f\u0131 d\u00fc\u015fmanl\u0131k besleyecek.<\/p>\n<p><img loading=\"lazy\" decoding=\"async\" class=\"alignnone size-full wp-image-118849\" src=\"https:\/\/www.tgrthaber.com\/mavikadin\/wp-content\/uploads\/er-Kurtarildiw.jpg\" alt=\"\" width=\"1208\" height=\"680\" title=\"\" srcset=\"https:\/\/www.tgrthaber.com\/mavikadin\/wp-content\/uploads\/er-Kurtarildiw.jpg 1208w, https:\/\/www.tgrthaber.com\/mavikadin\/wp-content\/uploads\/er-Kurtarildiw-300x169.jpg 300w, https:\/\/www.tgrthaber.com\/mavikadin\/wp-content\/uploads\/er-Kurtarildiw-1024x576.jpg 1024w, https:\/\/www.tgrthaber.com\/mavikadin\/wp-content\/uploads\/er-Kurtarildiw-768x432.jpg 768w\" sizes=\"(max-width: 1208px) 100vw, 1208px\" \/><\/p>\n<h3>ARMA\u011eAN KARAN K\u0130MD\u0130R?<\/h3>\n<p>Dizi ve sinema oyuncusu Arma\u011fan O\u011fuz, 11 \u015eubat 1984 tarihinde \u0130stanbul&#8217;da d\u00fcnyaya geldi.\u00a0Lise e\u011fitimini \u0130stanbul Erkek Lisesi&#8217;nde tamamlad\u0131 ve 2004 y\u0131l\u0131nda mezun oldu. \u00dcniversite e\u011fitimini ise 2008&#8217;de Mimar Sinan \u00dcniversitesi \u0130statistik B\u00f6l\u00fcm\u00fc&#8217;nden mezun olarak tamamlad\u0131.<\/p>\n<hr \/>\n<p>Arma\u011fan O\u011fuz, 2008 y\u0131l\u0131nda d\u00fczenlenen Best Model Of T\u00fcrkiye yar\u0131\u015fmas\u0131nda birinci oldu. Ayn\u0131 y\u0131l ger\u00e7ekle\u015ftirilen Best Model Of The World yar\u0131\u015fmas\u0131nda ise ikinci olarak \u00f6d\u00fcllendirildi.<\/p>\n<p>Bu mankenlik yar\u0131\u015fmalar\u0131n\u0131n ard\u0131ndan, kurucular\u0131 aras\u0131nda \u00fcnl\u00fc oyuncu Robert De Niro\u2019nun da bulundu\u011fu New York Film Akademisi&#8217;nde oyunculuk e\u011fitimi almak amac\u0131yla ABD&#8217;ye yerle\u015fti. E\u011fitimini Hollywood Film Akademisi&#8217;nde tamamlayarak mezun oldu.<\/p>\n<hr \/>\n<p>2011 y\u0131l\u0131nda, sonbahar\/k\u0131\u015f koleksiyonu defilelerinde New York Fashion Week&#8217;te sahne alan Arma\u011fan O\u011fuz, ayn\u0131 d\u00f6nemde Hollywood Film Akademisi\u2019nde e\u011fitim al\u0131rken bir\u00e7ok k\u0131sa film projesinde yer ald\u0131.<\/p>\n<p>Okulundaki hocas\u0131n\u0131n \u00f6nerisiyle oyunculuk se\u00e7melerine kat\u0131ld\u0131 ve bu se\u00e7melerden birinde, Men in Black 3 filminin se\u00e7melerine kat\u0131larak ba\u015far\u0131 sa\u011flad\u0131. Fiziksel \u00f6zellikleri nedeniyle ilk a\u015famada se\u00e7ilen oyuncu olarak, Nisan 2011\u2019de makyaj i\u015flemlerinden sonra rol\u00fc kapt\u0131. O\u011fuz, ba\u015frollerini Will Smith ve Tommy Lee Jones&#8217;un payla\u015ft\u0131\u011f\u0131 Men in Black 3 filminde, canavara d\u00f6n\u00fc\u015fen \u00fcnl\u00fc bir ismi oynad\u0131.<\/p>\n<p>2012 y\u0131l\u0131nda T\u00fcrkiye\u2019ye d\u00f6nen Arma\u011fan O\u011fuz, dizi ve sinema projelerinde yer almaya ba\u015flad\u0131. Oyunculuk teknikleri \u00fczerine \u00e7al\u0131\u015fmalara, oyuncu ko\u00e7u \u00dcmit \u00c7\u0131rak ile devam etti.<\/p>\n<hr \/>\n<p>2014 y\u0131l\u0131nda, Perran Kutman, Sezin Akba\u015fo\u011fullar\u0131 ve Tar\u0131k \u00dcnl\u00fco\u011flu\u2019nun ba\u015frollerini payla\u015ft\u0131\u011f\u0131 Ah Neriman adl\u0131 dizide rol ald\u0131.<\/p>\n<p>2016\u2019da, Alper \u00c7a\u011flar\u2019\u0131n yaz\u0131p y\u00f6netti\u011fi Da\u011f 2 filminde yer ald\u0131.<\/p>\n<p>2017 y\u0131l\u0131nda, Ay Yap\u0131m&#8217;\u0131n yap\u0131mc\u0131l\u0131\u011f\u0131n\u0131 \u00fcstlendi\u011fi ve Azra Kohen\u2019in Fi \u00c7i Pi adl\u0131 kitap serisinden uyarlanan, Puhu TV\u2019de yay\u0131nlanan F\u0130 dizisinde rol ald\u0131.<\/p>\n<p>2017&#8217;de ayr\u0131ca, Star TV\u2019de k\u0131sa s\u00fcre yay\u0131nlanan B\u00f6r\u00fc dizisinde de oynad\u0131.<\/p>\n<p>Oyuncu, son olarak Dirili\u015f Ertu\u011frul dizisinin yeni sezon kadrosunda yer alacak.<\/p>\n","protected":false},"excerpt":{"rendered":"<p>Yal\u0131 \u00c7apk\u0131n\u0131 dizisine ba\u015far\u0131l\u0131 bir oyuncunun daha dahil olaca\u011f\u0131 haberi geldi. Yak\u0131\u015f\u0131kl\u0131 oyuncu Arma\u011fan O\u011fuz Karan karakteri ile ekranlara gelecek.<\/p>\n","protected":false},"author":2,"featured_media":118850,"comment_status":"closed","ping_status":"closed","sticky":false,"template":"","format":"standard","meta":{"rank_math_lock_modified_date":false,"footnotes":""},"categories":[602],"tags":[133,2218,2505],"class_list":["post-118848","post","type-post","status-publish","format-standard","has-post-thumbnail","hentry","category-diziler","tag-magazin","tag-magazin-haberleri","tag-yali-capkini"],"_links":{"self":[{"href":"https:\/\/www.tgrthaber.com\/mavikadin\/wp-json\/wp\/v2\/posts\/118848"}],"collection":[{"href":"https:\/\/www.tgrthaber.com\/mavikadin\/wp-json\/wp\/v2\/posts"}],"about":[{"href":"https:\/\/www.tgrthaber.com\/mavikadin\/wp-json\/wp\/v2\/types\/post"}],"author":[{"embeddable":true,"href":"https:\/\/www.tgrthaber.com\/mavikadin\/wp-json\/wp\/v2\/users\/2"}],"replies":[{"embeddable":true,"href":"https:\/\/www.tgrthaber.com\/mavikadin\/wp-json\/wp\/v2\/comments?post=118848"}],"version-history":[{"count":1,"href":"https:\/\/www.tgrthaber.com\/mavikadin\/wp-json\/wp\/v2\/posts\/118848\/revisions"}],"predecessor-version":[{"id":118851,"href":"https:\/\/www.tgrthaber.com\/mavikadin\/wp-json\/wp\/v2\/posts\/118848\/revisions\/118851"}],"wp:featuredmedia":[{"embeddable":true,"href":"https:\/\/www.tgrthaber.com\/mavikadin\/wp-json\/wp\/v2\/media\/118850"}],"wp:attachment":[{"href":"https:\/\/www.tgrthaber.com\/mavikadin\/wp-json\/wp\/v2\/media?parent=118848"}],"wp:term":[{"taxonomy":"category","embeddable":true,"href":"https:\/\/www.tgrthaber.com\/mavikadin\/wp-json\/wp\/v2\/categories?post=118848"},{"taxonomy":"post_tag","embeddable":true,"href":"https:\/\/www.tgrthaber.com\/mavikadin\/wp-json\/wp\/v2\/tags?post=118848"}],"curies":[{"name":"wp","href":"https:\/\/api.w.org\/{rel}","templated":true}]}}