{"id":118876,"date":"2025-01-08T21:11:43","date_gmt":"2025-01-08T18:11:43","guid":{"rendered":"https:\/\/www.tgrthaber.com\/mavikadin\/?p=118876"},"modified":"2025-01-08T21:11:44","modified_gmt":"2025-01-08T18:11:44","slug":"survivor-2025-yusuf-yildiz-kimdir-yarismacinin-yasi-ve-ozel-hayati-merak-edildi","status":"publish","type":"post","link":"https:\/\/www.tgrthaber.com\/mavikadin\/survivor-2025-yusuf-yildiz-kimdir-yarismacinin-yasi-ve-ozel-hayati-merak-edildi\/","title":{"rendered":"Survivor 2025 Yusuf Y\u0131ld\u0131z kimdir? Yar\u0131\u015fmac\u0131n\u0131n ya\u015f\u0131 ve \u00f6zel hayat\u0131 merak edildi"},"content":{"rendered":"<p>Survivor 2025 yar\u0131\u015fmas\u0131na yedek kadrodan dahil olan Yusuf Y\u0131ld\u0131z\u2019\u0131n kim oldu\u011fu izleyiciler taraf\u0131ndan merak ediliyor. Survivor 2025 All Star tak\u0131m\u0131na yedek kadrodan dahil olan Y\u0131ld\u0131z, tak\u0131mlar\u0131n de\u011fi\u015fmesiyle birlikte G\u00f6n\u00fcll\u00fcler tak\u0131m\u0131na ge\u00e7mi\u015fti. Ba\u015far\u0131l\u0131 performans\u0131yla ad\u0131ndan s\u00f6z ettiren Y\u0131ld\u0131z\u2019\u0131n kim oldu\u011fu merak edildi. Peki, Survivor 2025 Yusuf Y\u0131ld\u0131z kimdir? Yusuf Y\u0131ld\u0131z ka\u00e7 ya\u015f\u0131nda, evli mi? Yusuf Y\u0131ld\u0131z hakk\u0131nda merak edilenleri sizin i\u00e7in ara\u015ft\u0131rd\u0131k. \u0130\u015fte Yusuf Y\u0131ld\u0131z hakk\u0131nda bilinmeyenler\u2026<\/p>\n<hr \/>\n<h3>YUSUF YILDIZ K\u0130MD\u0130R?<\/h3>\n<p>Surivor 2025 yar\u0131\u015fmas\u0131na yedeklerden dahil olan Yusuf Y\u0131ld\u0131z\u2019\u0131n kim oldu\u011fu merak ediliyor. Ba\u015far\u0131l\u0131 performans\u0131yla ad\u0131ndan s\u00f6z ettiren Y\u0131ld\u0131z, Survivor 2025 All Star tak\u0131m\u0131na yedek kadrodan dahil olmu\u015f sonras\u0131nda tak\u0131mlar\u0131n de\u011fi\u015fmesiyle birlikte G\u00f6n\u00fcll\u00fcler tak\u0131m\u0131na ge\u00e7mi\u015fti.<\/p>\n<p><img loading=\"lazy\" decoding=\"async\" class=\"alignnone wp-image-118878\" src=\"https:\/\/www.tgrthaber.com\/mavikadin\/wp-content\/uploads\/Survivor-2025-Yusuf-Yildiz-5-1024x576.jpg\" alt=\"Survivor 2025 Yusuf Y\u0131ld\u0131z \" width=\"1208\" height=\"680\" title=\"\" srcset=\"https:\/\/www.tgrthaber.com\/mavikadin\/wp-content\/uploads\/Survivor-2025-Yusuf-Yildiz-5-1024x576.jpg 1024w, https:\/\/www.tgrthaber.com\/mavikadin\/wp-content\/uploads\/Survivor-2025-Yusuf-Yildiz-5-300x169.jpg 300w, https:\/\/www.tgrthaber.com\/mavikadin\/wp-content\/uploads\/Survivor-2025-Yusuf-Yildiz-5-768x432.jpg 768w, https:\/\/www.tgrthaber.com\/mavikadin\/wp-content\/uploads\/Survivor-2025-Yusuf-Yildiz-5-1536x864.jpg 1536w, https:\/\/www.tgrthaber.com\/mavikadin\/wp-content\/uploads\/Survivor-2025-Yusuf-Yildiz-5.jpg 1600w\" sizes=\"(max-width: 1208px) 100vw, 1208px\" \/><\/p>\n<hr \/>\n<p>Yusuf Y\u0131ld\u0131z, 1991 y\u0131l\u0131nda \u0130stanbul \u00c7atalca\u2019da d\u00fcnyaya geldi. \u015eimdilerde 33 ya\u015f\u0131nda olan Y\u0131ld\u0131z, kariyerine beden e\u011fitimi \u00f6\u011fretmeni ve y\u00fczme antren\u00f6r\u00fc olarak devam ediyor. Meslek hayat\u0131nda 8 y\u0131l boyunca \u00f6\u011fretmenlik yapan Y\u0131ld\u0131z, \u015fimdilerde y\u00fczme antren\u00f6rl\u00fc\u011f\u00fc ile ilgileniyor. 6 y\u0131l Survivor yar\u0131\u015fmas\u0131na kat\u0131lmak i\u00e7in m\u00fccadele eden Y\u0131ld\u0131z, ilk Survivor deneyimini 2023 y\u0131l\u0131nda ger\u00e7ekle\u015ftirdi.<\/p>\n<h3>YUSUF YILDIZ EVL\u0130 M\u0130?<\/h3>\n<p>Survivor yar\u0131\u015fmas\u0131yla g\u00fcndeme gelen Yusuf Y\u0131ld\u0131z\u2019\u0131n \u00f6zel hayat\u0131 da merak ediliyor. Sosyal medyada olduk\u00e7a aktif olan ba\u015far\u0131l\u0131 yar\u0131\u015fmac\u0131 Y\u0131ld\u0131z\u2019\u0131n Instagram platformunda 91 bin 200\u2019den fazla takip\u00e7isi bulunuyor.<\/p>\n<p><img loading=\"lazy\" decoding=\"async\" class=\"alignnone wp-image-118879\" src=\"https:\/\/www.tgrthaber.com\/mavikadin\/wp-content\/uploads\/Survivor-2025-Yusuf-Yildiz-4-1024x576.jpg\" alt=\"Survivor 2025 Yusuf Y\u0131ld\u0131z evli mi?\" width=\"1208\" height=\"680\" title=\"\" srcset=\"https:\/\/www.tgrthaber.com\/mavikadin\/wp-content\/uploads\/Survivor-2025-Yusuf-Yildiz-4-1024x576.jpg 1024w, https:\/\/www.tgrthaber.com\/mavikadin\/wp-content\/uploads\/Survivor-2025-Yusuf-Yildiz-4-300x169.jpg 300w, https:\/\/www.tgrthaber.com\/mavikadin\/wp-content\/uploads\/Survivor-2025-Yusuf-Yildiz-4-768x432.jpg 768w, https:\/\/www.tgrthaber.com\/mavikadin\/wp-content\/uploads\/Survivor-2025-Yusuf-Yildiz-4-1536x864.jpg 1536w, https:\/\/www.tgrthaber.com\/mavikadin\/wp-content\/uploads\/Survivor-2025-Yusuf-Yildiz-4.jpg 1600w\" sizes=\"(max-width: 1208px) 100vw, 1208px\" \/><\/p>\n<hr \/>\n<p>Ba\u015far\u0131l\u0131 performans\u0131yla ad\u0131ndan s\u00f6z ettiren Yusuf Y\u0131ld\u0131z, Survivor 2023\u2019teki performans\u0131n\u0131n ard\u0131ndan ni\u015fanl\u0131s\u0131 R\u00fcmeysa \u00c7elik ile d\u00fcnyaevine girmi\u015fti. Mutlu beraberlikleri devam eden \u00e7ift, sosyal medya payla\u015f\u0131mlar\u0131yla takip\u00e7ilerinin dikkatini \u00e7ekiyor. Ba\u015far\u0131l\u0131 yar\u0131\u015fmac\u0131 Y\u0131ld\u0131z, \u201cyusufyildizofficial\u201d kullan\u0131c\u0131 ad\u0131yla Instagram platformunda yerini al\u0131yor.<\/p>\n<h3>SURV\u0130VOR\u2019DA YUSUF YILDIZ R\u00dcZGARI ES\u0130YOR!<\/h3>\n<p>\u0130lk Survivor deneyimine 2023 y\u0131l\u0131nda yedek kadrodan kat\u0131lan Yusuf Y\u0131ld\u0131z, Survivor 2023\u2019te G\u00f6n\u00fcll\u00fcler tak\u0131m\u0131nda m\u00fccadele etmi\u015fti. 2023 y\u0131l\u0131nda olduk\u00e7a ba\u015far\u0131l\u0131 bir sezon ge\u00e7iren Y\u0131ld\u0131z, Survivor 2025 kadrosuna yine yedek kadrodan dahil oldu.<\/p>\n<p><img loading=\"lazy\" decoding=\"async\" class=\"alignnone wp-image-118880\" src=\"https:\/\/www.tgrthaber.com\/mavikadin\/wp-content\/uploads\/Survivor-2025-Yusuf-Yildiz-6-1024x576.jpg\" alt=\"Survivor 2025 Yusuf Y\u0131ld\u0131z \" width=\"1208\" height=\"680\" title=\"\" srcset=\"https:\/\/www.tgrthaber.com\/mavikadin\/wp-content\/uploads\/Survivor-2025-Yusuf-Yildiz-6-1024x576.jpg 1024w, https:\/\/www.tgrthaber.com\/mavikadin\/wp-content\/uploads\/Survivor-2025-Yusuf-Yildiz-6-300x169.jpg 300w, https:\/\/www.tgrthaber.com\/mavikadin\/wp-content\/uploads\/Survivor-2025-Yusuf-Yildiz-6-768x432.jpg 768w, https:\/\/www.tgrthaber.com\/mavikadin\/wp-content\/uploads\/Survivor-2025-Yusuf-Yildiz-6-1536x864.jpg 1536w, https:\/\/www.tgrthaber.com\/mavikadin\/wp-content\/uploads\/Survivor-2025-Yusuf-Yildiz-6.jpg 1600w\" sizes=\"(max-width: 1208px) 100vw, 1208px\" \/><\/p>\n<hr \/>\n<p>Surivor 2025 yar\u0131\u015fmas\u0131na yedeklerden dahil olan Y\u0131ld\u0131z, ilk olarak All Star tak\u0131m\u0131nda m\u00fccadele etti. Tak\u0131mlar\u0131n kar\u0131\u015fmas\u0131yla birlikte Y\u0131ld\u0131z, All Star tak\u0131m\u0131ndan G\u00f6n\u00fcll\u00fcler tak\u0131m\u0131na ge\u00e7i\u015f yapt\u0131. \u015eimdilerde G\u00f6n\u00fcll\u00fcler tak\u0131m\u0131nda m\u00fccadele eden Y\u0131ld\u0131z, ba\u015far\u0131l\u0131 performans\u0131yla dikkatleri \u00fczerine \u00e7ekiyor.<\/p>\n<h3>YUSUF YILDIZ VE \u0130SMA\u0130L BALABAN ARASINDA GERG\u0130NL\u0130K!<\/h3>\n<p>Survivor 2025 yar\u0131\u015fmas\u0131 t\u00fcm h\u0131z\u0131yla devam ediyor. TV8 ekranlar\u0131n\u0131n ilgiyle takip edilen yar\u0131\u015fmas\u0131 Survivor 2025, ba\u015far\u0131l\u0131 yar\u0131\u015fmac\u0131 kadrosuyla hem izleyicilerin hem de sosyal medya kullan\u0131c\u0131lar\u0131n\u0131n dikkatini \u00e7ekiyor. Yar\u0131\u015fmac\u0131lar hem performanslar\u0131yla hem de arkada\u015flar\u0131yla girdikleri polemiklerle g\u00fcndeme geliyor.<\/p>\n<p><img loading=\"lazy\" decoding=\"async\" class=\"alignnone wp-image-118881\" src=\"https:\/\/www.tgrthaber.com\/mavikadin\/wp-content\/uploads\/Survivor-2025-Yusuf-Yildiz-3-1024x576.jpg\" alt=\"Survivor 2025 Yusuf Y\u0131ld\u0131z \" width=\"1208\" height=\"680\" title=\"\" srcset=\"https:\/\/www.tgrthaber.com\/mavikadin\/wp-content\/uploads\/Survivor-2025-Yusuf-Yildiz-3-1024x576.jpg 1024w, https:\/\/www.tgrthaber.com\/mavikadin\/wp-content\/uploads\/Survivor-2025-Yusuf-Yildiz-3-300x169.jpg 300w, https:\/\/www.tgrthaber.com\/mavikadin\/wp-content\/uploads\/Survivor-2025-Yusuf-Yildiz-3-768x432.jpg 768w, https:\/\/www.tgrthaber.com\/mavikadin\/wp-content\/uploads\/Survivor-2025-Yusuf-Yildiz-3-1536x864.jpg 1536w, https:\/\/www.tgrthaber.com\/mavikadin\/wp-content\/uploads\/Survivor-2025-Yusuf-Yildiz-3.jpg 1600w\" sizes=\"(max-width: 1208px) 100vw, 1208px\" \/><\/p>\n<hr \/>\n<p>Survivor 2025\u2019in 8. b\u00f6l\u00fcm fragman\u0131nda yer alan gerilim ise herkesi merakland\u0131rd\u0131. G\u00f6n\u00fcll\u00fcler yar\u0131\u015fmac\u0131s\u0131 Yusuf Y\u0131ld\u0131z ve All Star yar\u0131\u015fmac\u0131s\u0131 \u0130smail Balaban aras\u0131nda \u00e7\u0131kan gerginlik herkesi merakta b\u0131rakt\u0131. Survivor 2025 yeni b\u00f6l\u00fcm fragman\u0131nda ya\u015fanan gerginli\u011fin sebebi merak edildi.<\/p>\n","protected":false},"excerpt":{"rendered":"<p>Survivor 2025 yar\u0131\u015fmac\u0131lar\u0131 aras\u0131nda olan Yusuf Y\u0131ld\u0131z\u2019\u0131n kim oldu\u011fu merak edildi. Survivor 2025 All Star tak\u0131m\u0131na yedek kadrodan dahil olan Yusuf Y\u0131ld\u0131z kimdir? \u0130\u015fte Yusuf Y\u0131ld\u0131z hakk\u0131nda merak edilenler\u2026 <\/p>\n","protected":false},"author":26,"featured_media":118877,"comment_status":"closed","ping_status":"closed","sticky":false,"template":"","format":"standard","meta":{"rank_math_lock_modified_date":false,"footnotes":""},"categories":[491],"tags":[2366,2728,7503],"class_list":["post-118876","post","type-post","status-publish","format-standard","has-post-thumbnail","hentry","category-biyografi","tag-survivor","tag-survivor-2025","tag-yusuf-yildiz"],"_links":{"self":[{"href":"https:\/\/www.tgrthaber.com\/mavikadin\/wp-json\/wp\/v2\/posts\/118876"}],"collection":[{"href":"https:\/\/www.tgrthaber.com\/mavikadin\/wp-json\/wp\/v2\/posts"}],"about":[{"href":"https:\/\/www.tgrthaber.com\/mavikadin\/wp-json\/wp\/v2\/types\/post"}],"author":[{"embeddable":true,"href":"https:\/\/www.tgrthaber.com\/mavikadin\/wp-json\/wp\/v2\/users\/26"}],"replies":[{"embeddable":true,"href":"https:\/\/www.tgrthaber.com\/mavikadin\/wp-json\/wp\/v2\/comments?post=118876"}],"version-history":[{"count":2,"href":"https:\/\/www.tgrthaber.com\/mavikadin\/wp-json\/wp\/v2\/posts\/118876\/revisions"}],"predecessor-version":[{"id":118883,"href":"https:\/\/www.tgrthaber.com\/mavikadin\/wp-json\/wp\/v2\/posts\/118876\/revisions\/118883"}],"wp:featuredmedia":[{"embeddable":true,"href":"https:\/\/www.tgrthaber.com\/mavikadin\/wp-json\/wp\/v2\/media\/118877"}],"wp:attachment":[{"href":"https:\/\/www.tgrthaber.com\/mavikadin\/wp-json\/wp\/v2\/media?parent=118876"}],"wp:term":[{"taxonomy":"category","embeddable":true,"href":"https:\/\/www.tgrthaber.com\/mavikadin\/wp-json\/wp\/v2\/categories?post=118876"},{"taxonomy":"post_tag","embeddable":true,"href":"https:\/\/www.tgrthaber.com\/mavikadin\/wp-json\/wp\/v2\/tags?post=118876"}],"curies":[{"name":"wp","href":"https:\/\/api.w.org\/{rel}","templated":true}]}}