{"id":118886,"date":"2025-01-08T21:21:52","date_gmt":"2025-01-08T18:21:52","guid":{"rendered":"https:\/\/www.tgrthaber.com\/mavikadin\/?p=118886"},"modified":"2025-01-08T21:21:52","modified_gmt":"2025-01-08T18:21:52","slug":"sakir-pasanin-torunu-serra-senol-boyvat-kimdir-kimin-kizi-annesi-kim","status":"publish","type":"post","link":"https:\/\/www.tgrthaber.com\/mavikadin\/sakir-pasanin-torunu-serra-senol-boyvat-kimdir-kimin-kizi-annesi-kim\/","title":{"rendered":"\u015eakir Pa\u015fa&#8217;n\u0131n torunu Serra \u015eenol Boyvat kimdir? Kimin k\u0131z\u0131, annesi kim?"},"content":{"rendered":"<p>\u015eakir Pa\u015fa ve Ailesi dizisi, 12 Ocak\u2019ta yay\u0131nlanacak \u00f6zel b\u00f6l\u00fcm\u00fcyle izleyicileri ekrana kilitlemeye haz\u0131rlan\u0131yor. Bu \u00f6zel b\u00f6l\u00fcmde, \u015eakir Pa\u015fa\u2019n\u0131n ger\u00e7ek torunu olan Serra \u015eenol Boyvat dizinin konu\u011fu olarak izleyicilerle bulu\u015facak. Serra \u015eenol Boyvat, sadece \u015eakir Pa\u015fa&#8217;n\u0131n torunu de\u011fil, ayn\u0131 zamanda \u00fcnl\u00fc ressam F\u00fcreyya Koral\u2019\u0131n torunu olarak dikkat \u00e7ekiyor.<\/p>\n<h3>SERRA \u015eENOL BOYVAT K\u0130MD\u0130R? ANNES\u0130 K\u0130M?<\/h3>\n<p>Serra \u015eenol Boyvat, k\u00f6kl\u00fc bir aile ge\u00e7mi\u015fine sahip bir isim olarak tan\u0131n\u0131yor. F\u00fcreyya Koral, \u00e7a\u011fda\u015f serami\u011fin \u00f6nc\u00fcs\u00fc olarak bilinen ve T\u00fcrkiye&#8217;nin en \u00fcnl\u00fc sanat\u00e7\u0131lar\u0131ndan birisi, Serra\u2019n\u0131n b\u00fcy\u00fckannesidir. F\u00fcreyya Koral\u2019\u0131n \u00e7ocu\u011fu olmamakla birlikte, ye\u011fenini evlat edinmi\u015f ve Serra, bu evlatl\u0131k aile ba\u011flar\u0131yla da dikkat \u00e7ekiyor. Yani Serra \u015eenol Boyvat, \u015eakir Pa\u015fa&#8217;n\u0131n torununun torunu olarak da tan\u0131nan \u00f6nemli bir aile \u00fcyesidir.<\/p>\n<p><img loading=\"lazy\" decoding=\"async\" class=\"alignnone size-full wp-image-118888\" src=\"https:\/\/www.tgrthaber.com\/mavikadin\/wp-content\/uploads\/serra-1.jpg\" alt=\"\" width=\"1080\" height=\"1586\" title=\"\" srcset=\"https:\/\/www.tgrthaber.com\/mavikadin\/wp-content\/uploads\/serra-1.jpg 1080w, https:\/\/www.tgrthaber.com\/mavikadin\/wp-content\/uploads\/serra-1-204x300.jpg 204w, https:\/\/www.tgrthaber.com\/mavikadin\/wp-content\/uploads\/serra-1-697x1024.jpg 697w, https:\/\/www.tgrthaber.com\/mavikadin\/wp-content\/uploads\/serra-1-768x1128.jpg 768w, https:\/\/www.tgrthaber.com\/mavikadin\/wp-content\/uploads\/serra-1-1046x1536.jpg 1046w\" sizes=\"(max-width: 1080px) 100vw, 1080px\" \/><\/p>\n<hr \/>\n<p>Serra \u015eenol Boyvat\u2019\u0131n annesi ise F\u00fcreyya Koral\u2019\u0131n evlat edindi\u011fi ye\u011feni olup, ailesinin miras\u0131n\u0131 g\u00fcn\u00fcm\u00fcze ta\u015f\u0131maktad\u0131r. \u015eenol Boyvat, bu k\u00f6kl\u00fc miras\u0131 ta\u015f\u0131yan ve ayn\u0131 zamanda g\u00fcn\u00fcm\u00fcz\u00fcn tan\u0131nan sosyal medya fenomenlerinden biridir.<\/p>\n<p>12 Ocak\u2019ta yay\u0131nlanacak olan \u015eakir Pa\u015fa ve Ailesi dizisinin \u00f6zel b\u00f6l\u00fcm\u00fcnde, Serra \u015eenol Boyvat izleyicilerle bulu\u015facak.<\/p>\n<p><img loading=\"lazy\" decoding=\"async\" class=\"alignnone size-full wp-image-118866\" src=\"https:\/\/www.tgrthaber.com\/mavikadin\/wp-content\/uploads\/Yeni-Proje-25-3.jpg\" alt=\"\" width=\"1208\" height=\"680\" title=\"\" srcset=\"https:\/\/www.tgrthaber.com\/mavikadin\/wp-content\/uploads\/Yeni-Proje-25-3.jpg 1208w, https:\/\/www.tgrthaber.com\/mavikadin\/wp-content\/uploads\/Yeni-Proje-25-3-300x169.jpg 300w, https:\/\/www.tgrthaber.com\/mavikadin\/wp-content\/uploads\/Yeni-Proje-25-3-1024x576.jpg 1024w, https:\/\/www.tgrthaber.com\/mavikadin\/wp-content\/uploads\/Yeni-Proje-25-3-768x432.jpg 768w\" sizes=\"(max-width: 1208px) 100vw, 1208px\" \/><\/p>\n<hr \/>\n<h3>\u015eAK\u0130R PA\u015eA A\u0130LES\u0130 YEN\u0130 B\u00d6L\u00dcMDE NELER OLACAK?<\/h3>\n<p>\u015eakir Pa\u015fa Ailesi yeni b\u00f6l\u00fcmde, aile ba\u011flar\u0131 \u00f6n plana \u00e7\u0131kacak. \u00d6zellikle Cevat\u2019\u0131n d\u00f6n\u00fc\u015f\u00fcnden \u00f6nceki d\u00f6nemde ya\u015fanan olaylar i\u015flenecek ve ailenin k\u00f6kenlerine dair \u00f6nemli detaylar payla\u015f\u0131lacak. Ailenin ge\u00e7mi\u015fi, dizinin ana hik\u00e2yesinin derinlikli bir par\u00e7as\u0131n\u0131 olu\u015fturuyor. Serra \u015eenol Boyvat\u2019\u0131n kadroya kat\u0131l\u0131m\u0131 ile izleyiciler, \u015eakir Pa\u015fa ailesinin ge\u00e7mi\u015fine dair \u00f6nemli anlara tan\u0131kl\u0131k edecek.<\/p>\n<p><img loading=\"lazy\" decoding=\"async\" class=\"alignnone size-full wp-image-118860\" src=\"https:\/\/www.tgrthaber.com\/mavikadin\/wp-content\/uploads\/sakir-pasa-3.jpg\" alt=\"\" width=\"1900\" height=\"1080\" title=\"\" srcset=\"https:\/\/www.tgrthaber.com\/mavikadin\/wp-content\/uploads\/sakir-pasa-3.jpg 1900w, https:\/\/www.tgrthaber.com\/mavikadin\/wp-content\/uploads\/sakir-pasa-3-300x171.jpg 300w, https:\/\/www.tgrthaber.com\/mavikadin\/wp-content\/uploads\/sakir-pasa-3-1024x582.jpg 1024w, https:\/\/www.tgrthaber.com\/mavikadin\/wp-content\/uploads\/sakir-pasa-3-768x437.jpg 768w, https:\/\/www.tgrthaber.com\/mavikadin\/wp-content\/uploads\/sakir-pasa-3-1536x873.jpg 1536w\" sizes=\"(max-width: 1900px) 100vw, 1900px\" \/><\/p>\n","protected":false},"excerpt":{"rendered":"<p>\u015eakir Pa\u015fa&#8217;n\u0131n torunu Serra \u015eenol Boyvat, \u015eakir Pa\u015fa ve Ailesi dizisinin 12 Ocak&#8217;taki \u00f6zel b\u00f6l\u00fcm\u00fcnde konuk oluyor. Peki Serra \u015eenol Boyvat kimdir, kimin k\u0131z\u0131? Serra \u015eenol Boyvat&#8217;\u0131n annesi kimdir?<\/p>\n","protected":false},"author":4,"featured_media":118889,"comment_status":"closed","ping_status":"closed","sticky":false,"template":"","format":"standard","meta":{"rank_math_lock_modified_date":false,"footnotes":""},"categories":[491],"tags":[2324,7498],"class_list":["post-118886","post","type-post","status-publish","format-standard","has-post-thumbnail","hentry","category-biyografi","tag-sakir-pasa-ailesi","tag-serra-senol-boyvat"],"_links":{"self":[{"href":"https:\/\/www.tgrthaber.com\/mavikadin\/wp-json\/wp\/v2\/posts\/118886"}],"collection":[{"href":"https:\/\/www.tgrthaber.com\/mavikadin\/wp-json\/wp\/v2\/posts"}],"about":[{"href":"https:\/\/www.tgrthaber.com\/mavikadin\/wp-json\/wp\/v2\/types\/post"}],"author":[{"embeddable":true,"href":"https:\/\/www.tgrthaber.com\/mavikadin\/wp-json\/wp\/v2\/users\/4"}],"replies":[{"embeddable":true,"href":"https:\/\/www.tgrthaber.com\/mavikadin\/wp-json\/wp\/v2\/comments?post=118886"}],"version-history":[{"count":1,"href":"https:\/\/www.tgrthaber.com\/mavikadin\/wp-json\/wp\/v2\/posts\/118886\/revisions"}],"predecessor-version":[{"id":118892,"href":"https:\/\/www.tgrthaber.com\/mavikadin\/wp-json\/wp\/v2\/posts\/118886\/revisions\/118892"}],"wp:featuredmedia":[{"embeddable":true,"href":"https:\/\/www.tgrthaber.com\/mavikadin\/wp-json\/wp\/v2\/media\/118889"}],"wp:attachment":[{"href":"https:\/\/www.tgrthaber.com\/mavikadin\/wp-json\/wp\/v2\/media?parent=118886"}],"wp:term":[{"taxonomy":"category","embeddable":true,"href":"https:\/\/www.tgrthaber.com\/mavikadin\/wp-json\/wp\/v2\/categories?post=118886"},{"taxonomy":"post_tag","embeddable":true,"href":"https:\/\/www.tgrthaber.com\/mavikadin\/wp-json\/wp\/v2\/tags?post=118886"}],"curies":[{"name":"wp","href":"https:\/\/api.w.org\/{rel}","templated":true}]}}