{"id":118905,"date":"2025-01-08T22:37:54","date_gmt":"2025-01-08T19:37:54","guid":{"rendered":"https:\/\/www.tgrthaber.com\/mavikadin\/?p=118905"},"modified":"2025-01-08T22:37:54","modified_gmt":"2025-01-08T19:37:54","slug":"karantina-filminin-oyunculari-gala-gecesinde-bulustu-meltem-akcol-geceye-damga-vurdu","status":"publish","type":"post","link":"https:\/\/www.tgrthaber.com\/mavikadin\/karantina-filminin-oyunculari-gala-gecesinde-bulustu-meltem-akcol-geceye-damga-vurdu\/","title":{"rendered":"Karantina filminin oyuncular\u0131 gala gecesinde bulu\u015ftu! Meltem Ak\u00e7\u00f6l geceye damga vurdu"},"content":{"rendered":"<p>\u0130zleyicilerin merakla bekledi\u011fi \u201cKarantina\u201d filmi 10 Ocak tarihinde seyirci ile bulu\u015facak. 10 Ocak tarihinde vizyona girecek olan Karantina filminin galas\u0131 bu ak\u015fam ger\u00e7ekle\u015fiyor. Karantina filminin ba\u015far\u0131l\u0131 oyuncular\u0131 gala gecesinde bulu\u015ftu. Meltem Ak\u00e7\u00f6l geceye damga vurdu. Hem konusu hem de g\u00fc\u00e7l\u00fc oyuncu kadrosuyla dikkatleri \u00fczerine \u00e7eken Karantina filmi seyirci ile bulu\u015fmaya g\u00fcn say\u0131yor. \u0130\u015fte Karantina filminin galas\u0131ndan g\u00f6r\u00fcnt\u00fcler\u2026<\/p>\n<hr \/>\n<h3>KARANT\u0130NA F\u0130LM\u0130N\u0130N OYUNCULARI GALA GECES\u0130NDE BULU\u015eTU!<\/h3>\n<p>Beyza Alko\u00e7\u2019un sat\u0131\u015f rekorlar\u0131 k\u0131ran roman\u0131ndan uyarlanan \u201cKarantina\u201d filmi izleyiciler taraf\u0131ndan merakla bekleniyor. 10 Ocak tarihinde vizyona girecek olan filmin oyuncular\u0131 gala gecesinde bulu\u015ftu. OTTO Entertainment ve Movie Factory i\u015f birli\u011fiyle izleyici ile bulu\u015facak olan Karantina filmi, fragman\u0131n yay\u0131mlanmas\u0131yla yo\u011fun bir ilgi g\u00f6rm\u00fc\u015ft\u00fc. \u0130zleyiciler ise Karantina filmini izlemek i\u00e7in adeta g\u00fcn sayd\u0131.<\/p>\n<p><img loading=\"lazy\" decoding=\"async\" class=\"alignnone wp-image-118908\" src=\"https:\/\/www.tgrthaber.com\/mavikadin\/wp-content\/uploads\/Adsiz-tasarim-36-15-1024x576.jpg\" alt=\"Karantina filminin oyuncular\u0131 gala gecesinde bulu\u015ftu! \" width=\"1208\" height=\"680\" title=\"\" srcset=\"https:\/\/www.tgrthaber.com\/mavikadin\/wp-content\/uploads\/Adsiz-tasarim-36-15-1024x576.jpg 1024w, https:\/\/www.tgrthaber.com\/mavikadin\/wp-content\/uploads\/Adsiz-tasarim-36-15-300x169.jpg 300w, https:\/\/www.tgrthaber.com\/mavikadin\/wp-content\/uploads\/Adsiz-tasarim-36-15-768x432.jpg 768w, https:\/\/www.tgrthaber.com\/mavikadin\/wp-content\/uploads\/Adsiz-tasarim-36-15-1536x864.jpg 1536w, https:\/\/www.tgrthaber.com\/mavikadin\/wp-content\/uploads\/Adsiz-tasarim-36-15.jpg 1600w\" sizes=\"(max-width: 1208px) 100vw, 1208px\" \/><\/p>\n<hr \/>\n<p>\u0130zleyici ile bulu\u015fmaya neredeyse saatler sayan \u201cKarantina\u201d filmi hem konusu hem de g\u00fc\u00e7l\u00fc oyuncu kadrosuyla dikkatleri \u00fczerine \u00e7ekti. Filmin ba\u015frollerinde Demirhan Demircio\u011flu, Meltem Ak\u00e7\u00f6l, Onur Bay, \u0130lker Aksum, Deniz U\u011fur ve Taha Baran \u00d6zbek\u00a0gibi birbirinden yetenekli gen\u00e7 isimler bulunuyor. Filmin gen\u00e7 oyuncu kadrosu ise bu ak\u015fam ger\u00e7ekle\u015fen galada bir araya geldi. Olduk\u00e7a heyecanl\u0131 ve mutlu g\u00f6z\u00fcken oyuncular, davetlilerle birlikte filmi izledi.<\/p>\n<p><img loading=\"lazy\" decoding=\"async\" class=\"alignnone wp-image-118913\" src=\"https:\/\/www.tgrthaber.com\/mavikadin\/wp-content\/uploads\/Adsiz-tasarim-38-13-1024x576.jpg\" alt=\"Karantina filminin oyuncular\u0131 gala gecesinde bulu\u015ftu!\" width=\"1208\" height=\"680\" title=\"\" srcset=\"https:\/\/www.tgrthaber.com\/mavikadin\/wp-content\/uploads\/Adsiz-tasarim-38-13-1024x576.jpg 1024w, https:\/\/www.tgrthaber.com\/mavikadin\/wp-content\/uploads\/Adsiz-tasarim-38-13-300x169.jpg 300w, https:\/\/www.tgrthaber.com\/mavikadin\/wp-content\/uploads\/Adsiz-tasarim-38-13-768x432.jpg 768w, https:\/\/www.tgrthaber.com\/mavikadin\/wp-content\/uploads\/Adsiz-tasarim-38-13-1536x864.jpg 1536w, https:\/\/www.tgrthaber.com\/mavikadin\/wp-content\/uploads\/Adsiz-tasarim-38-13.jpg 1600w\" sizes=\"(max-width: 1208px) 100vw, 1208px\" \/><\/p>\n<hr \/>\n<p>\u0130\u015fte Karantina filminin galas\u0131ndan g\u00f6r\u00fcnt\u00fcler\u2026<\/p>\n<div style=\"width: 640px;\" class=\"wp-video\"><!--[if lt IE 9]><script>document.createElement('video');<\/script><![endif]-->\n<video class=\"wp-video-shortcode\" id=\"video-118905-1\" width=\"640\" height=\"640\" preload=\"metadata\" controls=\"controls\"><source type=\"video\/mp4\" src=\"https:\/\/www.tgrthaber.com\/mavikadin\/wp-content\/uploads\/Kahverengi-Sade-Zarif-Kucuk-Isletme-Kuafor-Instagram-Video-1-8.mp4?_=1\" \/><a href=\"https:\/\/www.tgrthaber.com\/mavikadin\/wp-content\/uploads\/Kahverengi-Sade-Zarif-Kucuk-Isletme-Kuafor-Instagram-Video-1-8.mp4\">https:\/\/www.tgrthaber.com\/mavikadin\/wp-content\/uploads\/Kahverengi-Sade-Zarif-Kucuk-Isletme-Kuafor-Instagram-Video-1-8.mp4<\/a><\/video><\/div>\n<hr \/>\n<h3>MELTEM AK\u00c7\u00d6L GECEYE DAMGA VURDU!<\/h3>\n<p>Son olarak TRT 1 ekranlar\u0131nda yay\u0131mlanan \u201cKara A\u011fa\u00e7 Destan\u0131\u201d dizisiyle izleyici kar\u015f\u0131s\u0131na \u00e7\u0131kan Meltem Ak\u00e7\u00f6l, ba\u015frol\u00fcnde yer ald\u0131\u011f\u0131 \u201cKarantina\u201d filminin galas\u0131nda geceye damga vurdu. Ba\u015frollerinde Meltem Ak\u00e7\u00f6l, ba\u015frollerinde Demirhan Demircio\u011flu, Onur Bay, \u0130lker Aksum, Deniz U\u011fur ve Taha Baran \u00d6zbek\u00a0gibi isimlerin yer ald\u0131\u011f\u0131 karantina filminin galas\u0131 bu ak\u015fam ger\u00e7ekle\u015fti. Filmin galas\u0131nda bir araya gelen oyuncular \u015f\u0131kl\u0131klar\u0131yla geceye damga vurdu.<\/p>\n<div style=\"width: 640px;\" class=\"wp-video\"><video class=\"wp-video-shortcode\" id=\"video-118905-2\" width=\"640\" height=\"640\" preload=\"metadata\" controls=\"controls\"><source type=\"video\/mp4\" src=\"https:\/\/www.tgrthaber.com\/mavikadin\/wp-content\/uploads\/Kahverengi-Sade-Zarif-Kucuk-Isletme-Kuafor-Instagram-Video-19.mp4?_=2\" \/><a href=\"https:\/\/www.tgrthaber.com\/mavikadin\/wp-content\/uploads\/Kahverengi-Sade-Zarif-Kucuk-Isletme-Kuafor-Instagram-Video-19.mp4\">https:\/\/www.tgrthaber.com\/mavikadin\/wp-content\/uploads\/Kahverengi-Sade-Zarif-Kucuk-Isletme-Kuafor-Instagram-Video-19.mp4<\/a><\/video><\/div>\n<hr \/>\n<p>Adeta s\u00f6zle\u015fmi\u015f gibi giyinen oyunculardan Meltem Ak\u00e7\u00f6l, geceye damga vurdu. Di\u011fer oyuncu arkada\u015flar\u0131n\u0131n siyah giyindi\u011fi galada Ak\u00e7\u00f6l, k\u0131rm\u0131z\u0131 elbisesiyle g\u00f6z kama\u015ft\u0131rd\u0131. G\u00fczelli\u011fi ve tarz\u0131yla geceye damga vuran Ak\u00e7\u00f6l, sosyal medya kullan\u0131c\u0131lar\u0131ndan tam puan ald\u0131. Ba\u015far\u0131l\u0131 oyuncuyu bu \u00f6zel g\u00fcn\u00fcnde \u201cKara A\u011fa\u00e7 Destan\u0131\u201d dizisindeki rol arkada\u015flar\u0131 Emre K\u0131v\u0131lc\u0131m ve Merih \u00d6zt\u00fcrk yaln\u0131z b\u0131rakmad\u0131. Ayn\u0131 zamanda Ak\u00e7\u00f6l\u2019\u00fcn yak\u0131n arkada\u015f\u0131 Rabia Soyt\u00fcrk de galada yerini ald\u0131.<\/p>\n<h3>KARANT\u0130NA: MAH\u015eER\u0130N D\u00d6RT ATLISI F\u0130LM\u0130N\u0130N KONUSU NE?<\/h3>\n<p>Ba\u015far\u0131l\u0131 yazar Beyza Alko\u00e7\u2019un sat\u0131\u015f rekorlar\u0131 k\u0131ran roman\u0131ndan uyarlanan \u201cKarantina\u201d filmi izleyicilere s\u00fcr\u00fckleyici bir hik\u00e2ye sunmaya haz\u0131rlan\u0131yor. Zeynep ve Onur\u2019un karma\u015f\u0131k ili\u015fkisine odaklanan film, bir cinayet soru\u015fturmas\u0131n\u0131n g\u00f6lgesinde ge\u00e7en olaylar\u0131 inceleme alt\u0131na al\u0131yor.<\/p>\n<p><img loading=\"lazy\" decoding=\"async\" class=\"alignnone wp-image-118910\" src=\"https:\/\/www.tgrthaber.com\/mavikadin\/wp-content\/uploads\/Adsiz-tasarim-35-15-1024x576.jpg\" alt=\"Karantina filminin oyuncular\u0131 gala gecesinde bulu\u015ftu! \" width=\"1208\" height=\"680\" title=\"\" srcset=\"https:\/\/www.tgrthaber.com\/mavikadin\/wp-content\/uploads\/Adsiz-tasarim-35-15-1024x576.jpg 1024w, https:\/\/www.tgrthaber.com\/mavikadin\/wp-content\/uploads\/Adsiz-tasarim-35-15-300x169.jpg 300w, https:\/\/www.tgrthaber.com\/mavikadin\/wp-content\/uploads\/Adsiz-tasarim-35-15-768x432.jpg 768w, https:\/\/www.tgrthaber.com\/mavikadin\/wp-content\/uploads\/Adsiz-tasarim-35-15-1536x864.jpg 1536w, https:\/\/www.tgrthaber.com\/mavikadin\/wp-content\/uploads\/Adsiz-tasarim-35-15.jpg 1600w\" sizes=\"(max-width: 1208px) 100vw, 1208px\" \/><\/p>\n<hr \/>\n<p>Zeynep\u2019in yeni okulunda kendisini bekleyen s\u0131ra d\u0131\u015f\u0131 macera; karantina, cinayet ve beklenmedik bir a\u015fk \u00fc\u00e7geniyle kendini g\u00f6steriyor. Bu zorlu s\u00fcre\u00e7te Zeynep, duygusal a\u00e7\u0131dan derin bir yolculu\u011fa \u00e7\u0131k\u0131yor. Seyircinin merakla bekledi\u011fi Karantina: Mah\u015ferin D\u00f6rt Atl\u0131s\u0131 filmi 10 Ocak itibariyle izleyici kar\u015f\u0131s\u0131na \u00e7\u0131k\u0131yor.<\/p>\n","protected":false},"excerpt":{"rendered":"<p>10 Ocak tarihinde vizyona girecek olan Karantina filminin galas\u0131 bu ak\u015fam ger\u00e7ekle\u015fiyor. Karantina filminin oyuncular\u0131 gala gecesinde bulu\u015ftu! Meltem Ak\u00e7\u00f6l geceye damga vurdu. \u0130\u015fte Karantina filminin galas\u0131ndan g\u00f6r\u00fcnt\u00fcler\u2026 <\/p>\n","protected":false},"author":26,"featured_media":118912,"comment_status":"closed","ping_status":"closed","sticky":false,"template":"","format":"standard","meta":{"rank_math_lock_modified_date":false,"footnotes":""},"categories":[76],"tags":[7327,7328,3131,7505,7381],"class_list":["post-118905","post","type-post","status-publish","format-standard","has-post-thumbnail","hentry","category-magazin","tag-demirhan-demirciogglu","tag-karantina","tag-karantina-filmi","tag-meltem-akcol","tag-onur-bay"],"_links":{"self":[{"href":"https:\/\/www.tgrthaber.com\/mavikadin\/wp-json\/wp\/v2\/posts\/118905"}],"collection":[{"href":"https:\/\/www.tgrthaber.com\/mavikadin\/wp-json\/wp\/v2\/posts"}],"about":[{"href":"https:\/\/www.tgrthaber.com\/mavikadin\/wp-json\/wp\/v2\/types\/post"}],"author":[{"embeddable":true,"href":"https:\/\/www.tgrthaber.com\/mavikadin\/wp-json\/wp\/v2\/users\/26"}],"replies":[{"embeddable":true,"href":"https:\/\/www.tgrthaber.com\/mavikadin\/wp-json\/wp\/v2\/comments?post=118905"}],"version-history":[{"count":2,"href":"https:\/\/www.tgrthaber.com\/mavikadin\/wp-json\/wp\/v2\/posts\/118905\/revisions"}],"predecessor-version":[{"id":118916,"href":"https:\/\/www.tgrthaber.com\/mavikadin\/wp-json\/wp\/v2\/posts\/118905\/revisions\/118916"}],"wp:featuredmedia":[{"embeddable":true,"href":"https:\/\/www.tgrthaber.com\/mavikadin\/wp-json\/wp\/v2\/media\/118912"}],"wp:attachment":[{"href":"https:\/\/www.tgrthaber.com\/mavikadin\/wp-json\/wp\/v2\/media?parent=118905"}],"wp:term":[{"taxonomy":"category","embeddable":true,"href":"https:\/\/www.tgrthaber.com\/mavikadin\/wp-json\/wp\/v2\/categories?post=118905"},{"taxonomy":"post_tag","embeddable":true,"href":"https:\/\/www.tgrthaber.com\/mavikadin\/wp-json\/wp\/v2\/tags?post=118905"}],"curies":[{"name":"wp","href":"https:\/\/api.w.org\/{rel}","templated":true}]}}