{"id":118933,"date":"2025-01-08T22:59:59","date_gmt":"2025-01-08T19:59:59","guid":{"rendered":"https:\/\/www.tgrthaber.com\/mavikadin\/?p=118933"},"modified":"2025-01-08T22:59:59","modified_gmt":"2025-01-08T19:59:59","slug":"zembilli-dizisinin-marziyesi-handan-yildirim-kimdir-basarili-oyuncunun-yasi-ve-oyunculuk-kariyeri-merak-edildi","status":"publish","type":"post","link":"https:\/\/www.tgrthaber.com\/mavikadin\/zembilli-dizisinin-marziyesi-handan-yildirim-kimdir-basarili-oyuncunun-yasi-ve-oyunculuk-kariyeri-merak-edildi\/","title":{"rendered":"Zembilli dizisinin Marziye\u2019si Handan Y\u0131ld\u0131r\u0131m kimdir? Ba\u015far\u0131l\u0131 oyuncunun ya\u015f\u0131 ve oyunculuk kariyeri merak edildi"},"content":{"rendered":"<p>Ge\u00e7ti\u011fimiz hafta yay\u0131n hayat\u0131na ba\u015flayan Zembilli dizisi izleyicinin dikkatini \u00e7ekmeyi ba\u015fard\u0131. Ekran maceras\u0131na yeni ba\u015flayan Zembilli hem konusu hem de g\u00fc\u00e7l\u00fc oyuncu kadrosuyla da izleyicinin ilgisini \u00e7ekti. Dizide Marziye Ta\u015f\u00e7\u0131 karakterine can veren Handan Y\u0131ld\u0131r\u0131m\u2019\u0131n da kim oldu\u011fu merak edildi. Peki, Handan Y\u0131ld\u0131r\u0131m kimdir? Handan Y\u0131ld\u0131r\u0131m ka\u00e7 ya\u015f\u0131nda, hangi dizilerde oynad\u0131? Handan Y\u0131ld\u0131r\u0131m hakk\u0131nda merak edilenleri sizin i\u00e7in ara\u015ft\u0131rd\u0131k. \u0130\u015fte Handan Y\u0131ld\u0131r\u0131m hakk\u0131nda merak edilenler\u2026<\/p>\n<hr \/>\n<h3>ZEMB\u0130LL\u0130 MARZ\u0130YE K\u0130MD\u0130R?<\/h3>\n<p>Ge\u00e7ti\u011fimiz hafta ekran maceras\u0131na ba\u015flayan Zembilli dizisi hem konusu hem de g\u00fc\u00e7l\u00fc oyuncu kadrosuyla dikkatleri \u00fczerine toplamay\u0131 ba\u015fard\u0131. Birbirinden gen\u00e7 yeteneklerin yer ald\u0131\u011f\u0131 dizide bir\u00e7ok usta oyuncuda bulunuyor. Dizi Toros Da\u011flar\u0131\u2019n\u0131n eteklerinde yer alan Zembilli kasabas\u0131n\u0131n gen\u00e7lerinin ya\u015fad\u0131\u011f\u0131 ac\u0131, tatl\u0131 ve s\u00fcrprizlerle dolu olaylar\u0131 konu al\u0131yor.<\/p>\n<p><img loading=\"lazy\" decoding=\"async\" class=\"alignnone wp-image-118938\" src=\"https:\/\/www.tgrthaber.com\/mavikadin\/wp-content\/uploads\/Handan-Yildirim-6-1024x576.jpg\" alt=\"Zembilli dizisinin Marziye\u2019si Handan Y\u0131ld\u0131r\u0131m kimdir?\" width=\"1208\" height=\"680\" title=\"\" srcset=\"https:\/\/www.tgrthaber.com\/mavikadin\/wp-content\/uploads\/Handan-Yildirim-6-1024x576.jpg 1024w, https:\/\/www.tgrthaber.com\/mavikadin\/wp-content\/uploads\/Handan-Yildirim-6-300x169.jpg 300w, https:\/\/www.tgrthaber.com\/mavikadin\/wp-content\/uploads\/Handan-Yildirim-6-768x432.jpg 768w, https:\/\/www.tgrthaber.com\/mavikadin\/wp-content\/uploads\/Handan-Yildirim-6-1536x864.jpg 1536w, https:\/\/www.tgrthaber.com\/mavikadin\/wp-content\/uploads\/Handan-Yildirim-6.jpg 1600w\" sizes=\"(max-width: 1208px) 100vw, 1208px\" \/><\/p>\n<hr \/>\n<p>Dizide Nuran ve G\u00fclnur\u2019un annesi Marziye Ta\u015f\u00e7\u0131\u2019ya can veren Handan Y\u0131ld\u0131r\u0131m\u2019\u0131n kim oldu\u011fu merak ediliyor. Peki, Zembilli dizisinin Marziye\u2019si Handan Y\u0131ld\u0131r\u0131m kimdir? Handan Y\u0131ld\u0131r\u0131m ka\u00e7 ya\u015f\u0131nda, hangi dizilerde yer ald\u0131? \u0130\u015fte Handan Y\u0131ld\u0131r\u0131m hakk\u0131nda bilinmeyenler\u2026<\/p>\n<h3>HANDAN YILDIRIM K\u0130MD\u0130R?<\/h3>\n<p>Handan Y\u0131ld\u0131r\u0131m, 16 \u015eubat 1975 tarihinde \u0130zmir\u2019de d\u00fcnyaya geldi. \u0130lkokul, ortaokul ve lise e\u011fitimini ba\u015far\u0131yla tamamlayan Y\u0131ld\u0131r\u0131m, y\u00fcksek\u00f6\u011frenimini Sel\u00e7uk \u00dcniversitesi Devlet Konservatuar\u0131 Tiyatro Oyunculuk B\u00f6l\u00fcm\u00fc\u2019nde tamamlayarak mezun oldu. Oyunculuk alan\u0131nda \u00e7e\u015fitli e\u011fitimler alan Y\u0131ld\u0131r\u0131m, tiyatro, dizi, film ve sinema oyuncusu olarak kariyerine devam etmektedir.<\/p>\n<p><img loading=\"lazy\" decoding=\"async\" class=\"alignnone wp-image-118939\" src=\"https:\/\/www.tgrthaber.com\/mavikadin\/wp-content\/uploads\/Handan-Yildirim-4-1024x576.jpg\" alt=\"Zembilli dizisinin Marziye\u2019si Handan Y\u0131ld\u0131r\u0131m kimdir?\" width=\"1208\" height=\"680\" title=\"\" srcset=\"https:\/\/www.tgrthaber.com\/mavikadin\/wp-content\/uploads\/Handan-Yildirim-4-1024x576.jpg 1024w, https:\/\/www.tgrthaber.com\/mavikadin\/wp-content\/uploads\/Handan-Yildirim-4-300x169.jpg 300w, https:\/\/www.tgrthaber.com\/mavikadin\/wp-content\/uploads\/Handan-Yildirim-4-768x432.jpg 768w, https:\/\/www.tgrthaber.com\/mavikadin\/wp-content\/uploads\/Handan-Yildirim-4-1536x864.jpg 1536w, https:\/\/www.tgrthaber.com\/mavikadin\/wp-content\/uploads\/Handan-Yildirim-4.jpg 1600w\" sizes=\"(max-width: 1208px) 100vw, 1208px\" \/><\/p>\n<hr \/>\n<p>Handan Y\u0131ld\u0131r\u0131m, \u0130zmir Devlet Tiyatrosu ve Hollanda Tiyatro ve M\u00fczik Festivalinde Oyunculuk e\u011fitimi\u00a0alarak kendini geli\u015ftirdi ve oyunculuk sekt\u00f6r\u00fcnde \u00f6nemli bir yer edindi. Ald\u0131\u011f\u0131 ba\u015far\u0131l\u0131 e\u011fitimler sayesinde kendini geli\u015ftiren Y\u0131ld\u0131r\u0131m, bir\u00e7ok dizi ve film projesinde yer ald\u0131.<\/p>\n<p><img loading=\"lazy\" decoding=\"async\" class=\"alignnone wp-image-118943\" src=\"https:\/\/www.tgrthaber.com\/mavikadin\/wp-content\/uploads\/Handan-Yildirim-5-1024x576.jpg\" alt=\"Zembilli dizisinin Marziye\u2019si Handan Y\u0131ld\u0131r\u0131m kimdir?\" width=\"1208\" height=\"680\" title=\"\" srcset=\"https:\/\/www.tgrthaber.com\/mavikadin\/wp-content\/uploads\/Handan-Yildirim-5-1024x576.jpg 1024w, https:\/\/www.tgrthaber.com\/mavikadin\/wp-content\/uploads\/Handan-Yildirim-5-300x169.jpg 300w, https:\/\/www.tgrthaber.com\/mavikadin\/wp-content\/uploads\/Handan-Yildirim-5-768x432.jpg 768w, https:\/\/www.tgrthaber.com\/mavikadin\/wp-content\/uploads\/Handan-Yildirim-5-1536x864.jpg 1536w, https:\/\/www.tgrthaber.com\/mavikadin\/wp-content\/uploads\/Handan-Yildirim-5.jpg 1600w\" sizes=\"(max-width: 1208px) 100vw, 1208px\" \/><\/p>\n<hr \/>\n<h3>HANDAN YILDIRIM KAR\u0130YER\u0130NDE NASIL \u0130LERLED\u0130?<\/h3>\n<p>Handan Y\u0131ld\u0131r\u0131m, kariyerine tiyatro oyunculu\u011fuyla 2001 y\u0131llar\u0131nda ba\u015flad\u0131. Daha sonra 2005 y\u0131llar\u0131ndan itibaren televizyon dizilerinde yer alan Y\u0131ld\u0131r\u0131m, bir\u00e7ok ba\u015far\u0131l\u0131 projede kendini g\u00f6sterdi. \u0130lk profesyonel dizi oyunculu\u011funu 2005 y\u0131l\u0131nda \u201cG\u00fcm\u00fc\u015f\u201d adl\u0131 diziyle ger\u00e7ekle\u015ftirdi. Y\u0131ld\u0131r\u0131m, daha sonra \u201cHat\u0131rla Sevgili\u201d, \u201cDerin Sular\u201d, \u201cDirili\u015f: Ertu\u011frul\u201d, \u201cKurtlar Vadisi: Pusu\u201d ve \u201cSol Yan\u0131m\u201d gibi dizilerde yer ald\u0131.<\/p>\n<p><img loading=\"lazy\" decoding=\"async\" class=\"alignnone wp-image-118940\" src=\"https:\/\/www.tgrthaber.com\/mavikadin\/wp-content\/uploads\/Handan-Yildirim-3-1024x576.jpg\" alt=\"Zembilli dizisinin Marziye\u2019si Handan Y\u0131ld\u0131r\u0131m kimdir?\" width=\"1208\" height=\"680\" title=\"\" srcset=\"https:\/\/www.tgrthaber.com\/mavikadin\/wp-content\/uploads\/Handan-Yildirim-3-1024x576.jpg 1024w, https:\/\/www.tgrthaber.com\/mavikadin\/wp-content\/uploads\/Handan-Yildirim-3-300x169.jpg 300w, https:\/\/www.tgrthaber.com\/mavikadin\/wp-content\/uploads\/Handan-Yildirim-3-768x432.jpg 768w, https:\/\/www.tgrthaber.com\/mavikadin\/wp-content\/uploads\/Handan-Yildirim-3-1536x864.jpg 1536w, https:\/\/www.tgrthaber.com\/mavikadin\/wp-content\/uploads\/Handan-Yildirim-3.jpg 1600w\" sizes=\"(max-width: 1208px) 100vw, 1208px\" \/><\/p>\n<hr \/>\n<p>2005 y\u0131l\u0131ndan bu yana televizyon dizilerinde yer alan Handan Y\u0131ld\u0131r\u0131m, \u015fimdilerde ATV ekranlar\u0131nda izleyici ile bulu\u015fan \u201cZembilli\u201d dizisinde \u201cMarziye\u201d karakterine can veriyor. Ekran maceras\u0131na yeni ba\u015flayan dizi ge\u00e7ti\u011fimiz hafta ilk b\u00f6l\u00fcm\u00fcyle izleyici kar\u015f\u0131s\u0131na \u00e7\u0131kt\u0131. Ba\u015far\u0131l\u0131 oyunculu\u011fuyla dikkatleri \u00fczerine \u00e7eken Y\u0131ld\u0131r\u0131m\u2019\u0131n ilerleyen b\u00f6l\u00fcmlerde nas\u0131l bir performans sergileyece\u011fi de merak ediliyor.<\/p>\n<p><img loading=\"lazy\" decoding=\"async\" class=\"alignnone wp-image-118941\" src=\"https:\/\/www.tgrthaber.com\/mavikadin\/wp-content\/uploads\/Handan-Yildirim-2-1024x576.jpg\" alt=\"Zembilli dizisinin Marziye\u2019si Handan Y\u0131ld\u0131r\u0131m kimdir?\" width=\"1208\" height=\"680\" title=\"\" srcset=\"https:\/\/www.tgrthaber.com\/mavikadin\/wp-content\/uploads\/Handan-Yildirim-2-1024x576.jpg 1024w, https:\/\/www.tgrthaber.com\/mavikadin\/wp-content\/uploads\/Handan-Yildirim-2-300x169.jpg 300w, https:\/\/www.tgrthaber.com\/mavikadin\/wp-content\/uploads\/Handan-Yildirim-2-768x432.jpg 768w, https:\/\/www.tgrthaber.com\/mavikadin\/wp-content\/uploads\/Handan-Yildirim-2-1536x864.jpg 1536w, https:\/\/www.tgrthaber.com\/mavikadin\/wp-content\/uploads\/Handan-Yildirim-2.jpg 1600w\" sizes=\"(max-width: 1208px) 100vw, 1208px\" \/><\/p>\n<hr \/>\n<h3>HANDAN YILDIRIM\u2019IN ROL ALDI\u011eI D\u0130Z\u0130 VE F\u0130LMLER<\/h3>\n<p>Mavera: Hace Ahmed Yesevi \u2013 2021<\/p>\n<p>Sol Yan\u0131m \u2013 2020-2021<\/p>\n<p>Karde\u015f \u00c7ocuklar\u0131 \u2013 2019<\/p>\n<p>\u0130simsizler \u2013 2017<\/p>\n<p>Sevda Ku\u015fun Kanad\u0131nda \u2013 2016-2017)<\/p>\n<p>\u00c7\u0131rak \u2013 2016<\/p>\n<p>Kurtlar Vadisi: Pusu \u2013 2015-2016)<\/p>\n<p>Dirili\u015f: Ertu\u011frul \u2013 2015<\/p>\n<p>G\u00f6n\u00fcl \u0130\u015fleri \u2013 2014<\/p>\n<p>Derin Sular \u2013 2011<\/p>\n<p>Farkl\u0131 Boyut \u2013 2011<\/p>\n<p>O\u011ful \u2013 2011<\/p>\n<p>Yaral\u0131 Y\u00fcrek \u2013 2007<\/p>\n<p>Komiser Nevzat \u2013 2007<\/p>\n<p>Hat\u0131rla Sevgili \u2013 2006<\/p>\n<p>G\u00fcm\u00fc\u015f \u2013 2005<\/p>\n","protected":false},"excerpt":{"rendered":"<p>Zembilli dizisinde Marziye karakterine can veren Handan Y\u0131ld\u0131r\u0131m\u0131n kim oldu\u011fu merak edildi. Peki, Handan Y\u0131ld\u0131r\u0131m kimdir? Handan Y\u0131ld\u0131r\u0131m ka\u00e7 ya\u015f\u0131nda, hangi dizilerde yer ald\u0131? \u0130\u015fte detaylar\u2026 <\/p>\n","protected":false},"author":26,"featured_media":118949,"comment_status":"closed","ping_status":"closed","sticky":false,"template":"","format":"standard","meta":{"rank_math_lock_modified_date":false,"footnotes":""},"categories":[491],"tags":[7509,4317,5497,4319],"class_list":["post-118933","post","type-post","status-publish","format-standard","has-post-thumbnail","hentry","category-biyografi","tag-handan-yildirim","tag-zembilli","tag-zembilli-dizi","tag-zembilli-dizisi"],"_links":{"self":[{"href":"https:\/\/www.tgrthaber.com\/mavikadin\/wp-json\/wp\/v2\/posts\/118933"}],"collection":[{"href":"https:\/\/www.tgrthaber.com\/mavikadin\/wp-json\/wp\/v2\/posts"}],"about":[{"href":"https:\/\/www.tgrthaber.com\/mavikadin\/wp-json\/wp\/v2\/types\/post"}],"author":[{"embeddable":true,"href":"https:\/\/www.tgrthaber.com\/mavikadin\/wp-json\/wp\/v2\/users\/26"}],"replies":[{"embeddable":true,"href":"https:\/\/www.tgrthaber.com\/mavikadin\/wp-json\/wp\/v2\/comments?post=118933"}],"version-history":[{"count":1,"href":"https:\/\/www.tgrthaber.com\/mavikadin\/wp-json\/wp\/v2\/posts\/118933\/revisions"}],"predecessor-version":[{"id":118953,"href":"https:\/\/www.tgrthaber.com\/mavikadin\/wp-json\/wp\/v2\/posts\/118933\/revisions\/118953"}],"wp:featuredmedia":[{"embeddable":true,"href":"https:\/\/www.tgrthaber.com\/mavikadin\/wp-json\/wp\/v2\/media\/118949"}],"wp:attachment":[{"href":"https:\/\/www.tgrthaber.com\/mavikadin\/wp-json\/wp\/v2\/media?parent=118933"}],"wp:term":[{"taxonomy":"category","embeddable":true,"href":"https:\/\/www.tgrthaber.com\/mavikadin\/wp-json\/wp\/v2\/categories?post=118933"},{"taxonomy":"post_tag","embeddable":true,"href":"https:\/\/www.tgrthaber.com\/mavikadin\/wp-json\/wp\/v2\/tags?post=118933"}],"curies":[{"name":"wp","href":"https:\/\/api.w.org\/{rel}","templated":true}]}}